{"id":22624,"date":"2020-01-24T16:20:26","date_gmt":"2020-01-24T16:20:26","guid":{"rendered":"https:\/\/www.gernikagogoratuz.org\/?p=22624"},"modified":"2020-01-27T11:39:00","modified_gmt":"2020-01-27T11:39:00","slug":"the-alternative-proposal-from-the-capabilities-approach-concepts-and-frame-of-analysis","status":"publish","type":"post","link":"https:\/\/www.gernikagogoratuz.org\/en\/the-alternative-proposal-from-the-capabilities-approach-concepts-and-frame-of-analysis\/","title":{"rendered":"THE ALTERNATIVE PROPOSAL FROM THE CAPABILITIES APPROACH CONCEPTS AND FRAME OF ANALYSIS"},"content":{"rendered":"<div class=\"wpb-content-wrapper\"><p>[vc_row][vc_column][vc_column_text]<\/p>\n<p class=\"p1\">Alfonso Dubois Migoya is Professor Emeritus of International Economics and Development Economics at the University of the Basque Country (UPV\/EHU).<\/p>\n<p class=\"p1\">Chairman of the Institute for International Cooperation and Development Studies HEGOA (1996-2010).<\/p>\n<p class=\"p1\">Basque Government award for The Basque Humanitarian Aid Worker, 2007.<\/p>\n<p class=\"p1\">His research and publications focus on the topics of human development, poverty, development cooperation, development theories and inequality.<\/p>\n<p class=\"p1\">This material has been extracted from the publication \u201cTerritorios en conflicto. Claves para la construcci\u00f3n de alternativas de vida\u201d, from the <a href=\"https:\/\/www.gernikagogoratuz.org\/en\/publications\/\">Red Gernika<\/a> collection.<\/p>\n<p>INDICE (ESP)<\/p>\n<p>LAS BASES DE LA PROPUESTA ALTERNATIVA<\/p>\n<ul>\n<li>El bienestar y el enfoque de las capacidades\n<ul>\n<li>El enfoque de las capacidades<\/li>\n<\/ul>\n<\/li>\n<li>El proceso del desarrollo de las capacidades\n<ul>\n<li>Principios del desarrollo de las capacidades<\/li>\n<\/ul>\n<\/li>\n<li>Las capacidades colectivas<\/li>\n<li>La definici\u00f3n de las capacidades colectivas<\/li>\n<\/ul>\n<p>EL MARCO DE AN\u00c1LISIS<\/p>\n<ul>\n<li>El territorio como base del marco de an\u00e1lisis<\/li>\n<li>Puntos centrales del marco<\/li>\n<li>El contexto: factores condicionantes y marco sociopol\u00edtico\n<ul>\n<li>La importancia de la cultura y el contexto<\/li>\n<\/ul>\n<\/li>\n<li>Los procesos de cambio\n<ul>\n<li>La agencia colectiva como motor del cambio (liderazgo colectivo)<\/li>\n<li>El cambio desde la base: el modelo 3C de Ibrahim<\/li>\n<li>El empoderamiento individual<\/li>\n<\/ul>\n<\/li>\n<\/ul>\n<p>BIBLIOGRAF\u00cdA Y RECURSOS[\/vc_column_text][vc_empty_space]<a itemprop=\"url\" href=\"https:\/\/territoriolab.org\/wp-content\/uploads\/2019\/12\/Mod-1-CAS.pdf\" target=\"_blank\"  class=\"edgtf-btn edgtf-btn-medium edgtf-btn-solid\"  >\n\t<span class=\"edgtf-btn-text\">Download the article (ESP)<\/span>\n    <\/a>[\/vc_column][\/vc_row]<\/p>\n<\/div>","protected":false},"excerpt":{"rendered":"<p>Red Gernika collection. Look up and download the Alfonso Dubois&#8217;s work<\/p>\n","protected":false},"author":5,"featured_media":22618,"comment_status":"closed","ping_status":"closed","sticky":false,"template":"","format":"standard","meta":{"inline_featured_image":false,"footnotes":""},"categories":[217],"tags":[],"class_list":["post-22624","post","type-post","status-publish","format-standard","has-post-thumbnail","hentry","category-territories-in-conflict"],"yoast_head":"<!-- This site is optimized with the Yoast SEO plugin v27.5 - https:\/\/yoast.com\/product\/yoast-seo-wordpress\/ -->\n<title>La propuesta alternativa desde el enfoque de las capacidades conceptos y marco de an\u00e1lisis<\/title>\n<meta name=\"description\" content=\"Consulta toda la actualidad sobre jornadas, cursos y formaci\u00f3n sobre Cultura de Paz, Educaci\u00f3n por la Paz, Econom\u00eda de Paz, Antimilitarismo...\" \/>\n<meta name=\"robots\" content=\"index, follow, max-snippet:-1, max-image-preview:large, max-video-preview:-1\" \/>\n<link rel=\"canonical\" href=\"https:\/\/www.gernikagogoratuz.org\/en\/the-alternative-proposal-from-the-capabilities-approach-concepts-and-frame-of-analysis\/\" \/>\n<meta property=\"og:locale\" content=\"en_US\" \/>\n<meta property=\"og:type\" content=\"article\" \/>\n<meta property=\"og:title\" content=\"La propuesta alternativa desde el enfoque de las capacidades conceptos y marco de an\u00e1lisis\" \/>\n<meta property=\"og:description\" content=\"Consulta toda la actualidad sobre jornadas, cursos y formaci\u00f3n sobre Cultura de Paz, Educaci\u00f3n por la Paz, Econom\u00eda de Paz, Antimilitarismo...\" \/>\n<meta property=\"og:url\" content=\"https:\/\/www.gernikagogoratuz.org\/en\/the-alternative-proposal-from-the-capabilities-approach-concepts-and-frame-of-analysis\/\" \/>\n<meta property=\"og:site_name\" content=\"Gernika Gogoratuz\" \/>\n<meta property=\"article:publisher\" content=\"https:\/\/www.facebook.com\/GernikaGogoratuzFundacion\" \/>\n<meta property=\"article:published_time\" content=\"2020-01-24T16:20:26+00:00\" \/>\n<meta property=\"article:modified_time\" content=\"2020-01-27T11:39:00+00:00\" \/>\n<meta property=\"og:image\" content=\"https:\/\/www.gernikagogoratuz.org\/wp-content\/uploads\/2020\/01\/propuesta-alternativa-dubois-1.jpg\" \/>\n\t<meta property=\"og:image:width\" content=\"1124\" \/>\n\t<meta property=\"og:image:height\" content=\"618\" \/>\n\t<meta property=\"og:image:type\" content=\"image\/jpeg\" \/>\n<meta name=\"author\" content=\"Gernika Gogoratuz\" \/>\n<meta name=\"twitter:card\" content=\"summary_large_image\" \/>\n<meta name=\"twitter:creator\" content=\"@GGogoratuz\" \/>\n<meta name=\"twitter:site\" content=\"@GGogoratuz\" \/>\n<meta name=\"twitter:label1\" content=\"Written by\" \/>\n\t<meta name=\"twitter:data1\" content=\"Gernika Gogoratuz\" \/>\n\t<meta name=\"twitter:label2\" content=\"Est. reading time\" \/>\n\t<meta name=\"twitter:data2\" content=\"1 minute\" \/>\n<script type=\"application\/ld+json\" class=\"yoast-schema-graph\">{\"@context\":\"https:\\\/\\\/schema.org\",\"@graph\":[{\"@type\":\"Article\",\"@id\":\"https:\\\/\\\/www.gernikagogoratuz.org\\\/en\\\/the-alternative-proposal-from-the-capabilities-approach-concepts-and-frame-of-analysis\\\/#article\",\"isPartOf\":{\"@id\":\"https:\\\/\\\/www.gernikagogoratuz.org\\\/en\\\/the-alternative-proposal-from-the-capabilities-approach-concepts-and-frame-of-analysis\\\/\"},\"author\":{\"name\":\"Gernika Gogoratuz\",\"@id\":\"https:\\\/\\\/www.gernikagogoratuz.org\\\/en\\\/#\\\/schema\\\/person\\\/56074ce3758ecfb8417c8311e88c79c8\"},\"headline\":\"THE ALTERNATIVE PROPOSAL FROM THE CAPABILITIES APPROACH CONCEPTS AND FRAME OF ANALYSIS\",\"datePublished\":\"2020-01-24T16:20:26+00:00\",\"dateModified\":\"2020-01-27T11:39:00+00:00\",\"mainEntityOfPage\":{\"@id\":\"https:\\\/\\\/www.gernikagogoratuz.org\\\/en\\\/the-alternative-proposal-from-the-capabilities-approach-concepts-and-frame-of-analysis\\\/\"},\"wordCount\":246,\"publisher\":{\"@id\":\"https:\\\/\\\/www.gernikagogoratuz.org\\\/en\\\/#organization\"},\"image\":{\"@id\":\"https:\\\/\\\/www.gernikagogoratuz.org\\\/en\\\/the-alternative-proposal-from-the-capabilities-approach-concepts-and-frame-of-analysis\\\/#primaryimage\"},\"thumbnailUrl\":\"https:\\\/\\\/www.gernikagogoratuz.org\\\/wp-content\\\/uploads\\\/2020\\\/01\\\/propuesta-alternativa-dubois-1.jpg\",\"articleSection\":[\"Territories in conflict\"],\"inLanguage\":\"en-US\"},{\"@type\":\"WebPage\",\"@id\":\"https:\\\/\\\/www.gernikagogoratuz.org\\\/en\\\/the-alternative-proposal-from-the-capabilities-approach-concepts-and-frame-of-analysis\\\/\",\"url\":\"https:\\\/\\\/www.gernikagogoratuz.org\\\/en\\\/the-alternative-proposal-from-the-capabilities-approach-concepts-and-frame-of-analysis\\\/\",\"name\":\"La propuesta alternativa desde el enfoque de las capacidades conceptos y marco de an\u00e1lisis\",\"isPartOf\":{\"@id\":\"https:\\\/\\\/www.gernikagogoratuz.org\\\/en\\\/#website\"},\"primaryImageOfPage\":{\"@id\":\"https:\\\/\\\/www.gernikagogoratuz.org\\\/en\\\/the-alternative-proposal-from-the-capabilities-approach-concepts-and-frame-of-analysis\\\/#primaryimage\"},\"image\":{\"@id\":\"https:\\\/\\\/www.gernikagogoratuz.org\\\/en\\\/the-alternative-proposal-from-the-capabilities-approach-concepts-and-frame-of-analysis\\\/#primaryimage\"},\"thumbnailUrl\":\"https:\\\/\\\/www.gernikagogoratuz.org\\\/wp-content\\\/uploads\\\/2020\\\/01\\\/propuesta-alternativa-dubois-1.jpg\",\"datePublished\":\"2020-01-24T16:20:26+00:00\",\"dateModified\":\"2020-01-27T11:39:00+00:00\",\"description\":\"Consulta toda la actualidad sobre jornadas, cursos y formaci\u00f3n sobre Cultura de Paz, Educaci\u00f3n por la Paz, Econom\u00eda de Paz, Antimilitarismo...\",\"breadcrumb\":{\"@id\":\"https:\\\/\\\/www.gernikagogoratuz.org\\\/en\\\/the-alternative-proposal-from-the-capabilities-approach-concepts-and-frame-of-analysis\\\/#breadcrumb\"},\"inLanguage\":\"en-US\",\"potentialAction\":[{\"@type\":\"ReadAction\",\"target\":[\"https:\\\/\\\/www.gernikagogoratuz.org\\\/en\\\/the-alternative-proposal-from-the-capabilities-approach-concepts-and-frame-of-analysis\\\/\"]}]},{\"@type\":\"ImageObject\",\"inLanguage\":\"en-US\",\"@id\":\"https:\\\/\\\/www.gernikagogoratuz.org\\\/en\\\/the-alternative-proposal-from-the-capabilities-approach-concepts-and-frame-of-analysis\\\/#primaryimage\",\"url\":\"https:\\\/\\\/www.gernikagogoratuz.org\\\/wp-content\\\/uploads\\\/2020\\\/01\\\/propuesta-alternativa-dubois-1.jpg\",\"contentUrl\":\"https:\\\/\\\/www.gernikagogoratuz.org\\\/wp-content\\\/uploads\\\/2020\\\/01\\\/propuesta-alternativa-dubois-1.jpg\",\"width\":1124,\"height\":618,\"caption\":\"la propuesta alternativa desde el enfoque de las capacidades conceptos y marco de analisis\"},{\"@type\":\"BreadcrumbList\",\"@id\":\"https:\\\/\\\/www.gernikagogoratuz.org\\\/en\\\/the-alternative-proposal-from-the-capabilities-approach-concepts-and-frame-of-analysis\\\/#breadcrumb\",\"itemListElement\":[{\"@type\":\"ListItem\",\"position\":1,\"name\":\"Portada\",\"item\":\"https:\\\/\\\/www.gernikagogoratuz.org\\\/en\\\/\"},{\"@type\":\"ListItem\",\"position\":2,\"name\":\"Territories in conflict\",\"item\":\"https:\\\/\\\/www.gernikagogoratuz.org\\\/en\\\/category\\\/territories-in-conflict\\\/\"},{\"@type\":\"ListItem\",\"position\":3,\"name\":\"THE ALTERNATIVE PROPOSAL FROM THE CAPABILITIES APPROACH CONCEPTS AND FRAME OF ANALYSIS\"}]},{\"@type\":\"WebSite\",\"@id\":\"https:\\\/\\\/www.gernikagogoratuz.org\\\/en\\\/#website\",\"url\":\"https:\\\/\\\/www.gernikagogoratuz.org\\\/en\\\/\",\"name\":\"Gernika Gogoratuz\",\"description\":\"Centro de investigaci\u00f3n por la paz\",\"publisher\":{\"@id\":\"https:\\\/\\\/www.gernikagogoratuz.org\\\/en\\\/#organization\"},\"potentialAction\":[{\"@type\":\"SearchAction\",\"target\":{\"@type\":\"EntryPoint\",\"urlTemplate\":\"https:\\\/\\\/www.gernikagogoratuz.org\\\/en\\\/?s={search_term_string}\"},\"query-input\":{\"@type\":\"PropertyValueSpecification\",\"valueRequired\":true,\"valueName\":\"search_term_string\"}}],\"inLanguage\":\"en-US\"},{\"@type\":\"Organization\",\"@id\":\"https:\\\/\\\/www.gernikagogoratuz.org\\\/en\\\/#organization\",\"name\":\"Gernika Gogoratuz. Centro de Investigaci\u00f3n por la Paz.\",\"url\":\"https:\\\/\\\/www.gernikagogoratuz.org\\\/en\\\/\",\"logo\":{\"@type\":\"ImageObject\",\"inLanguage\":\"en-US\",\"@id\":\"https:\\\/\\\/www.gernikagogoratuz.org\\\/en\\\/#\\\/schema\\\/logo\\\/image\\\/\",\"url\":\"https:\\\/\\\/www.gernikagogoratuz.org\\\/wp-content\\\/uploads\\\/2018\\\/10\\\/gernikagogoratuzogo_es.svg\",\"contentUrl\":\"https:\\\/\\\/www.gernikagogoratuz.org\\\/wp-content\\\/uploads\\\/2018\\\/10\\\/gernikagogoratuzogo_es.svg\",\"width\":1,\"height\":1,\"caption\":\"Gernika Gogoratuz. Centro de Investigaci\u00f3n por la Paz.\"},\"image\":{\"@id\":\"https:\\\/\\\/www.gernikagogoratuz.org\\\/en\\\/#\\\/schema\\\/logo\\\/image\\\/\"},\"sameAs\":[\"https:\\\/\\\/www.facebook.com\\\/GernikaGogoratuzFundacion\",\"https:\\\/\\\/x.com\\\/GGogoratuz\",\"https:\\\/\\\/www.youtube.com\\\/user\\\/gernikagogoratuz\\\/videos\"]},{\"@type\":\"Person\",\"@id\":\"https:\\\/\\\/www.gernikagogoratuz.org\\\/en\\\/#\\\/schema\\\/person\\\/56074ce3758ecfb8417c8311e88c79c8\",\"name\":\"Gernika Gogoratuz\",\"image\":{\"@type\":\"ImageObject\",\"inLanguage\":\"en-US\",\"@id\":\"https:\\\/\\\/secure.gravatar.com\\\/avatar\\\/fec0f20c36775b6715813b8de1aaf669d19199d3c0cc9d7aaf3d6e34de76a8a2?s=96&d=mm&r=g\",\"url\":\"https:\\\/\\\/secure.gravatar.com\\\/avatar\\\/fec0f20c36775b6715813b8de1aaf669d19199d3c0cc9d7aaf3d6e34de76a8a2?s=96&d=mm&r=g\",\"contentUrl\":\"https:\\\/\\\/secure.gravatar.com\\\/avatar\\\/fec0f20c36775b6715813b8de1aaf669d19199d3c0cc9d7aaf3d6e34de76a8a2?s=96&d=mm&r=g\",\"caption\":\"Gernika Gogoratuz\"},\"url\":\"https:\\\/\\\/www.gernikagogoratuz.org\\\/en\\\/author\\\/mariah\\\/\"}]}<\/script>\n<!-- \/ Yoast SEO plugin. -->","yoast_head_json":{"title":"La propuesta alternativa desde el enfoque de las capacidades conceptos y marco de an\u00e1lisis","description":"Consulta toda la actualidad sobre jornadas, cursos y formaci\u00f3n sobre Cultura de Paz, Educaci\u00f3n por la Paz, Econom\u00eda de Paz, Antimilitarismo...","robots":{"index":"index","follow":"follow","max-snippet":"max-snippet:-1","max-image-preview":"max-image-preview:large","max-video-preview":"max-video-preview:-1"},"canonical":"https:\/\/www.gernikagogoratuz.org\/en\/the-alternative-proposal-from-the-capabilities-approach-concepts-and-frame-of-analysis\/","og_locale":"en_US","og_type":"article","og_title":"La propuesta alternativa desde el enfoque de las capacidades conceptos y marco de an\u00e1lisis","og_description":"Consulta toda la actualidad sobre jornadas, cursos y formaci\u00f3n sobre Cultura de Paz, Educaci\u00f3n por la Paz, Econom\u00eda de Paz, Antimilitarismo...","og_url":"https:\/\/www.gernikagogoratuz.org\/en\/the-alternative-proposal-from-the-capabilities-approach-concepts-and-frame-of-analysis\/","og_site_name":"Gernika Gogoratuz","article_publisher":"https:\/\/www.facebook.com\/GernikaGogoratuzFundacion","article_published_time":"2020-01-24T16:20:26+00:00","article_modified_time":"2020-01-27T11:39:00+00:00","og_image":[{"width":1124,"height":618,"url":"https:\/\/www.gernikagogoratuz.org\/wp-content\/uploads\/2020\/01\/propuesta-alternativa-dubois-1.jpg","type":"image\/jpeg"}],"author":"Gernika Gogoratuz","twitter_card":"summary_large_image","twitter_creator":"@GGogoratuz","twitter_site":"@GGogoratuz","twitter_misc":{"Written by":"Gernika Gogoratuz","Est. reading time":"1 minute"},"schema":{"@context":"https:\/\/schema.org","@graph":[{"@type":"Article","@id":"https:\/\/www.gernikagogoratuz.org\/en\/the-alternative-proposal-from-the-capabilities-approach-concepts-and-frame-of-analysis\/#article","isPartOf":{"@id":"https:\/\/www.gernikagogoratuz.org\/en\/the-alternative-proposal-from-the-capabilities-approach-concepts-and-frame-of-analysis\/"},"author":{"name":"Gernika Gogoratuz","@id":"https:\/\/www.gernikagogoratuz.org\/en\/#\/schema\/person\/56074ce3758ecfb8417c8311e88c79c8"},"headline":"THE ALTERNATIVE PROPOSAL FROM THE CAPABILITIES APPROACH CONCEPTS AND FRAME OF ANALYSIS","datePublished":"2020-01-24T16:20:26+00:00","dateModified":"2020-01-27T11:39:00+00:00","mainEntityOfPage":{"@id":"https:\/\/www.gernikagogoratuz.org\/en\/the-alternative-proposal-from-the-capabilities-approach-concepts-and-frame-of-analysis\/"},"wordCount":246,"publisher":{"@id":"https:\/\/www.gernikagogoratuz.org\/en\/#organization"},"image":{"@id":"https:\/\/www.gernikagogoratuz.org\/en\/the-alternative-proposal-from-the-capabilities-approach-concepts-and-frame-of-analysis\/#primaryimage"},"thumbnailUrl":"https:\/\/www.gernikagogoratuz.org\/wp-content\/uploads\/2020\/01\/propuesta-alternativa-dubois-1.jpg","articleSection":["Territories in conflict"],"inLanguage":"en-US"},{"@type":"WebPage","@id":"https:\/\/www.gernikagogoratuz.org\/en\/the-alternative-proposal-from-the-capabilities-approach-concepts-and-frame-of-analysis\/","url":"https:\/\/www.gernikagogoratuz.org\/en\/the-alternative-proposal-from-the-capabilities-approach-concepts-and-frame-of-analysis\/","name":"La propuesta alternativa desde el enfoque de las capacidades conceptos y marco de an\u00e1lisis","isPartOf":{"@id":"https:\/\/www.gernikagogoratuz.org\/en\/#website"},"primaryImageOfPage":{"@id":"https:\/\/www.gernikagogoratuz.org\/en\/the-alternative-proposal-from-the-capabilities-approach-concepts-and-frame-of-analysis\/#primaryimage"},"image":{"@id":"https:\/\/www.gernikagogoratuz.org\/en\/the-alternative-proposal-from-the-capabilities-approach-concepts-and-frame-of-analysis\/#primaryimage"},"thumbnailUrl":"https:\/\/www.gernikagogoratuz.org\/wp-content\/uploads\/2020\/01\/propuesta-alternativa-dubois-1.jpg","datePublished":"2020-01-24T16:20:26+00:00","dateModified":"2020-01-27T11:39:00+00:00","description":"Consulta toda la actualidad sobre jornadas, cursos y formaci\u00f3n sobre Cultura de Paz, Educaci\u00f3n por la Paz, Econom\u00eda de Paz, Antimilitarismo...","breadcrumb":{"@id":"https:\/\/www.gernikagogoratuz.org\/en\/the-alternative-proposal-from-the-capabilities-approach-concepts-and-frame-of-analysis\/#breadcrumb"},"inLanguage":"en-US","potentialAction":[{"@type":"ReadAction","target":["https:\/\/www.gernikagogoratuz.org\/en\/the-alternative-proposal-from-the-capabilities-approach-concepts-and-frame-of-analysis\/"]}]},{"@type":"ImageObject","inLanguage":"en-US","@id":"https:\/\/www.gernikagogoratuz.org\/en\/the-alternative-proposal-from-the-capabilities-approach-concepts-and-frame-of-analysis\/#primaryimage","url":"https:\/\/www.gernikagogoratuz.org\/wp-content\/uploads\/2020\/01\/propuesta-alternativa-dubois-1.jpg","contentUrl":"https:\/\/www.gernikagogoratuz.org\/wp-content\/uploads\/2020\/01\/propuesta-alternativa-dubois-1.jpg","width":1124,"height":618,"caption":"la propuesta alternativa desde el enfoque de las capacidades conceptos y marco de analisis"},{"@type":"BreadcrumbList","@id":"https:\/\/www.gernikagogoratuz.org\/en\/the-alternative-proposal-from-the-capabilities-approach-concepts-and-frame-of-analysis\/#breadcrumb","itemListElement":[{"@type":"ListItem","position":1,"name":"Portada","item":"https:\/\/www.gernikagogoratuz.org\/en\/"},{"@type":"ListItem","position":2,"name":"Territories in conflict","item":"https:\/\/www.gernikagogoratuz.org\/en\/category\/territories-in-conflict\/"},{"@type":"ListItem","position":3,"name":"THE ALTERNATIVE PROPOSAL FROM THE CAPABILITIES APPROACH CONCEPTS AND FRAME OF ANALYSIS"}]},{"@type":"WebSite","@id":"https:\/\/www.gernikagogoratuz.org\/en\/#website","url":"https:\/\/www.gernikagogoratuz.org\/en\/","name":"Gernika Gogoratuz","description":"Centro de investigaci\u00f3n por la paz","publisher":{"@id":"https:\/\/www.gernikagogoratuz.org\/en\/#organization"},"potentialAction":[{"@type":"SearchAction","target":{"@type":"EntryPoint","urlTemplate":"https:\/\/www.gernikagogoratuz.org\/en\/?s={search_term_string}"},"query-input":{"@type":"PropertyValueSpecification","valueRequired":true,"valueName":"search_term_string"}}],"inLanguage":"en-US"},{"@type":"Organization","@id":"https:\/\/www.gernikagogoratuz.org\/en\/#organization","name":"Gernika Gogoratuz. Centro de Investigaci\u00f3n por la Paz.","url":"https:\/\/www.gernikagogoratuz.org\/en\/","logo":{"@type":"ImageObject","inLanguage":"en-US","@id":"https:\/\/www.gernikagogoratuz.org\/en\/#\/schema\/logo\/image\/","url":"https:\/\/www.gernikagogoratuz.org\/wp-content\/uploads\/2018\/10\/gernikagogoratuzogo_es.svg","contentUrl":"https:\/\/www.gernikagogoratuz.org\/wp-content\/uploads\/2018\/10\/gernikagogoratuzogo_es.svg","width":1,"height":1,"caption":"Gernika Gogoratuz. Centro de Investigaci\u00f3n por la Paz."},"image":{"@id":"https:\/\/www.gernikagogoratuz.org\/en\/#\/schema\/logo\/image\/"},"sameAs":["https:\/\/www.facebook.com\/GernikaGogoratuzFundacion","https:\/\/x.com\/GGogoratuz","https:\/\/www.youtube.com\/user\/gernikagogoratuz\/videos"]},{"@type":"Person","@id":"https:\/\/www.gernikagogoratuz.org\/en\/#\/schema\/person\/56074ce3758ecfb8417c8311e88c79c8","name":"Gernika Gogoratuz","image":{"@type":"ImageObject","inLanguage":"en-US","@id":"https:\/\/secure.gravatar.com\/avatar\/fec0f20c36775b6715813b8de1aaf669d19199d3c0cc9d7aaf3d6e34de76a8a2?s=96&d=mm&r=g","url":"https:\/\/secure.gravatar.com\/avatar\/fec0f20c36775b6715813b8de1aaf669d19199d3c0cc9d7aaf3d6e34de76a8a2?s=96&d=mm&r=g","contentUrl":"https:\/\/secure.gravatar.com\/avatar\/fec0f20c36775b6715813b8de1aaf669d19199d3c0cc9d7aaf3d6e34de76a8a2?s=96&d=mm&r=g","caption":"Gernika Gogoratuz"},"url":"https:\/\/www.gernikagogoratuz.org\/en\/author\/mariah\/"}]}},"_links":{"self":[{"href":"https:\/\/www.gernikagogoratuz.org\/en\/wp-json\/wp\/v2\/posts\/22624","targetHints":{"allow":["GET"]}}],"collection":[{"href":"https:\/\/www.gernikagogoratuz.org\/en\/wp-json\/wp\/v2\/posts"}],"about":[{"href":"https:\/\/www.gernikagogoratuz.org\/en\/wp-json\/wp\/v2\/types\/post"}],"author":[{"embeddable":true,"href":"https:\/\/www.gernikagogoratuz.org\/en\/wp-json\/wp\/v2\/users\/5"}],"replies":[{"embeddable":true,"href":"https:\/\/www.gernikagogoratuz.org\/en\/wp-json\/wp\/v2\/comments?post=22624"}],"version-history":[{"count":0,"href":"https:\/\/www.gernikagogoratuz.org\/en\/wp-json\/wp\/v2\/posts\/22624\/revisions"}],"wp:featuredmedia":[{"embeddable":true,"href":"https:\/\/www.gernikagogoratuz.org\/en\/wp-json\/wp\/v2\/media\/22618"}],"wp:attachment":[{"href":"https:\/\/www.gernikagogoratuz.org\/en\/wp-json\/wp\/v2\/media?parent=22624"}],"wp:term":[{"taxonomy":"category","embeddable":true,"href":"https:\/\/www.gernikagogoratuz.org\/en\/wp-json\/wp\/v2\/categories?post=22624"},{"taxonomy":"post_tag","embeddable":true,"href":"https:\/\/www.gernikagogoratuz.org\/en\/wp-json\/wp\/v2\/tags?post=22624"}],"curies":[{"name":"wp","href":"https:\/\/api.w.org\/{rel}","templated":true}]}}