{"id":24105,"date":"2020-08-03T11:09:07","date_gmt":"2020-08-03T11:09:07","guid":{"rendered":"https:\/\/www.gernikagogoratuz.org\/?p=24105"},"modified":"2020-09-07T11:41:47","modified_gmt":"2020-09-07T11:41:47","slug":"presentation-of-the-campaign-no-more-hiroshima-no-more-nagasaki","status":"publish","type":"post","link":"https:\/\/www.gernikagogoratuz.org\/en\/presentation-of-the-campaign-no-more-hiroshima-no-more-nagasaki\/","title":{"rendered":"PRESENTATION OF THE CAMPAIGN: \u201cNO MORE HIROSHIMA! NO MORE NAGASAKI!\u201d"},"content":{"rendered":"<div class=\"wpb-content-wrapper\"><p>[vc_row][vc_column][vc_column_text]This year holds the 75th anniversary of the atomic bombing of Hiroshima and Nagasaki. It is also the last year to achieve the \u201c<strong><span style=\"color: #000000;\">Mayors for Peace 2020 Vision<\/span><\/strong>\u201d a project which hopes to manage the abolition of nuclear weapons while the victims of said bombings are still here to be witnesses.<\/p>\n<p>The commemoration ceremonies of \u201c<span style=\"color: #000000;\">Mayors for Peace 2020<\/span>\u201d are built around the idea of \u201c<strong>No more Hiroshima! No more Nagasaki<\/strong>!\u201d which wants to give all people who cannot visit the bombing sites themselves, the possibility to share the wish of the \u201chibakusha\u201d \u2013 \u201cNo one should have to suffer like we had to.\u201d<\/p>\n<h3>How to participate in \u201cNo more Hiroshima! No more Nagasaki!\u201d<\/h3>\n<ul>\n<li>V\u00eddeo.<\/li>\n<\/ul>\n<p>Liking and sharing this video which contains messages of the survivors, government representatives, NGOs and the cities participating in \u201c<span style=\"color: #000000;\">Mayors for Peace 2020<\/span>\u201d.<\/p>\n<ul>\n<li>Webinar about peace<\/li>\n<\/ul>\n<p>Participating in the webinar which takes place on the 4th ofAugust.<br \/>\nParticipants will be young people from Hiroshima and Nagasaki who realise peace culture activities as well as young people from all over the world.<br \/>\nThe webinar will begin with a conference about international circumstances related to nuclear weapons. Afterwards the participants will prepare a presentation about their peace service activities and they will exchange their ideas and opinions.<\/p>\n<p><strong>The seminar will be streamed live on YouTube<\/strong> with the goal to encourage young people to participate in peace building activities.[\/vc_column_text][\/vc_column][\/vc_row][vc_row][vc_column][vc_empty_space][\/vc_column][\/vc_row][vc_row][vc_column]<a itemprop=\"url\" href=\"http:\/\/www.mayorsforpeace.org\/english\/whatsnew\/news\/200626_news.html?fbclid=IwAR1TK9GZ3ZYQxKdDx67Eb6h1zhkXkhPol-Zt9NYXCA65cfcpXaxm0PiDyhQ\" target=\"_blank\"  class=\"edgtf-btn edgtf-btn-medium edgtf-btn-solid\"  >\n\t<span class=\"edgtf-btn-text\">No more Hiroshima! No more Nagasaki!<\/span>\n    <\/a>[\/vc_column][\/vc_row]<\/p>\n<\/div>","protected":false},"excerpt":{"rendered":"<p>Take part in the educational webinar on peace. August 4.<\/p>\n","protected":false},"author":5,"featured_media":23979,"comment_status":"closed","ping_status":"closed","sticky":false,"template":"","format":"standard","meta":{"inline_featured_image":false,"footnotes":""},"categories":[222],"tags":[],"class_list":["post-24105","post","type-post","status-publish","format-standard","has-post-thumbnail","hentry","category-antimilitarist-and-historical-memory-conference"],"yoast_head":"<!-- This site is optimized with the Yoast SEO plugin v27.5 - https:\/\/yoast.com\/product\/yoast-seo-wordpress\/ -->\n<title>Gernika Gogoratuz, Centro de Investigaci\u00f3n por la Paz<\/title>\n<meta name=\"description\" content=\"Consulta toda la actualidad sobre jornadas, cursos y formaci\u00f3n sobre Cultura de Paz, Educaci\u00f3n por la Paz, Econom\u00eda de Paz, Antimilitarismo...\" \/>\n<meta name=\"robots\" content=\"index, follow, max-snippet:-1, max-image-preview:large, max-video-preview:-1\" \/>\n<link rel=\"canonical\" href=\"https:\/\/www.gernikagogoratuz.org\/en\/presentation-of-the-campaign-no-more-hiroshima-no-more-nagasaki\/\" \/>\n<meta property=\"og:locale\" content=\"en_US\" \/>\n<meta property=\"og:type\" content=\"article\" \/>\n<meta property=\"og:title\" content=\"Gernika Gogoratuz, Centro de Investigaci\u00f3n por la Paz\" \/>\n<meta property=\"og:description\" content=\"Consulta toda la actualidad sobre jornadas, cursos y formaci\u00f3n sobre Cultura de Paz, Educaci\u00f3n por la Paz, Econom\u00eda de Paz, Antimilitarismo...\" \/>\n<meta property=\"og:url\" content=\"https:\/\/www.gernikagogoratuz.org\/en\/presentation-of-the-campaign-no-more-hiroshima-no-more-nagasaki\/\" \/>\n<meta property=\"og:site_name\" content=\"Gernika Gogoratuz\" \/>\n<meta property=\"article:publisher\" content=\"https:\/\/www.facebook.com\/GernikaGogoratuzFundacion\" \/>\n<meta property=\"article:published_time\" content=\"2020-08-03T11:09:07+00:00\" \/>\n<meta property=\"article:modified_time\" content=\"2020-09-07T11:41:47+00:00\" \/>\n<meta property=\"og:image\" content=\"https:\/\/www.gernikagogoratuz.org\/wp-content\/uploads\/2020\/08\/No-mas-Hiroshima-Nagasaki.jpg\" \/>\n\t<meta property=\"og:image:width\" content=\"1124\" \/>\n\t<meta property=\"og:image:height\" content=\"618\" \/>\n\t<meta property=\"og:image:type\" content=\"image\/jpeg\" \/>\n<meta name=\"author\" content=\"Gernika Gogoratuz\" \/>\n<meta name=\"twitter:card\" content=\"summary_large_image\" \/>\n<meta name=\"twitter:creator\" content=\"@GGogoratuz\" \/>\n<meta name=\"twitter:site\" content=\"@GGogoratuz\" \/>\n<meta name=\"twitter:label1\" content=\"Written by\" \/>\n\t<meta name=\"twitter:data1\" content=\"Gernika Gogoratuz\" \/>\n\t<meta name=\"twitter:label2\" content=\"Est. reading time\" \/>\n\t<meta name=\"twitter:data2\" content=\"1 minute\" \/>\n<script type=\"application\/ld+json\" class=\"yoast-schema-graph\">{\"@context\":\"https:\\\/\\\/schema.org\",\"@graph\":[{\"@type\":\"Article\",\"@id\":\"https:\\\/\\\/www.gernikagogoratuz.org\\\/en\\\/presentation-of-the-campaign-no-more-hiroshima-no-more-nagasaki\\\/#article\",\"isPartOf\":{\"@id\":\"https:\\\/\\\/www.gernikagogoratuz.org\\\/en\\\/presentation-of-the-campaign-no-more-hiroshima-no-more-nagasaki\\\/\"},\"author\":{\"name\":\"Gernika Gogoratuz\",\"@id\":\"https:\\\/\\\/www.gernikagogoratuz.org\\\/en\\\/#\\\/schema\\\/person\\\/56074ce3758ecfb8417c8311e88c79c8\"},\"headline\":\"PRESENTATION OF THE CAMPAIGN: \u201cNO MORE HIROSHIMA! NO MORE NAGASAKI!\u201d\",\"datePublished\":\"2020-08-03T11:09:07+00:00\",\"dateModified\":\"2020-09-07T11:41:47+00:00\",\"mainEntityOfPage\":{\"@id\":\"https:\\\/\\\/www.gernikagogoratuz.org\\\/en\\\/presentation-of-the-campaign-no-more-hiroshima-no-more-nagasaki\\\/\"},\"wordCount\":309,\"publisher\":{\"@id\":\"https:\\\/\\\/www.gernikagogoratuz.org\\\/en\\\/#organization\"},\"image\":{\"@id\":\"https:\\\/\\\/www.gernikagogoratuz.org\\\/en\\\/presentation-of-the-campaign-no-more-hiroshima-no-more-nagasaki\\\/#primaryimage\"},\"thumbnailUrl\":\"https:\\\/\\\/www.gernikagogoratuz.org\\\/wp-content\\\/uploads\\\/2020\\\/08\\\/No-mas-Hiroshima-Nagasaki.jpg\",\"articleSection\":[\"Antimilitarism\"],\"inLanguage\":\"en-US\"},{\"@type\":\"WebPage\",\"@id\":\"https:\\\/\\\/www.gernikagogoratuz.org\\\/en\\\/presentation-of-the-campaign-no-more-hiroshima-no-more-nagasaki\\\/\",\"url\":\"https:\\\/\\\/www.gernikagogoratuz.org\\\/en\\\/presentation-of-the-campaign-no-more-hiroshima-no-more-nagasaki\\\/\",\"name\":\"Gernika Gogoratuz, Centro de Investigaci\u00f3n por la Paz\",\"isPartOf\":{\"@id\":\"https:\\\/\\\/www.gernikagogoratuz.org\\\/en\\\/#website\"},\"primaryImageOfPage\":{\"@id\":\"https:\\\/\\\/www.gernikagogoratuz.org\\\/en\\\/presentation-of-the-campaign-no-more-hiroshima-no-more-nagasaki\\\/#primaryimage\"},\"image\":{\"@id\":\"https:\\\/\\\/www.gernikagogoratuz.org\\\/en\\\/presentation-of-the-campaign-no-more-hiroshima-no-more-nagasaki\\\/#primaryimage\"},\"thumbnailUrl\":\"https:\\\/\\\/www.gernikagogoratuz.org\\\/wp-content\\\/uploads\\\/2020\\\/08\\\/No-mas-Hiroshima-Nagasaki.jpg\",\"datePublished\":\"2020-08-03T11:09:07+00:00\",\"dateModified\":\"2020-09-07T11:41:47+00:00\",\"description\":\"Consulta toda la actualidad sobre jornadas, cursos y formaci\u00f3n sobre Cultura de Paz, Educaci\u00f3n por la Paz, Econom\u00eda de Paz, Antimilitarismo...\",\"breadcrumb\":{\"@id\":\"https:\\\/\\\/www.gernikagogoratuz.org\\\/en\\\/presentation-of-the-campaign-no-more-hiroshima-no-more-nagasaki\\\/#breadcrumb\"},\"inLanguage\":\"en-US\",\"potentialAction\":[{\"@type\":\"ReadAction\",\"target\":[\"https:\\\/\\\/www.gernikagogoratuz.org\\\/en\\\/presentation-of-the-campaign-no-more-hiroshima-no-more-nagasaki\\\/\"]}]},{\"@type\":\"ImageObject\",\"inLanguage\":\"en-US\",\"@id\":\"https:\\\/\\\/www.gernikagogoratuz.org\\\/en\\\/presentation-of-the-campaign-no-more-hiroshima-no-more-nagasaki\\\/#primaryimage\",\"url\":\"https:\\\/\\\/www.gernikagogoratuz.org\\\/wp-content\\\/uploads\\\/2020\\\/08\\\/No-mas-Hiroshima-Nagasaki.jpg\",\"contentUrl\":\"https:\\\/\\\/www.gernikagogoratuz.org\\\/wp-content\\\/uploads\\\/2020\\\/08\\\/No-mas-Hiroshima-Nagasaki.jpg\",\"width\":1124,\"height\":618,\"caption\":\"No m\u00e1s Hiroshima! \u00a1No m\u00e1s Nagasaki\"},{\"@type\":\"BreadcrumbList\",\"@id\":\"https:\\\/\\\/www.gernikagogoratuz.org\\\/en\\\/presentation-of-the-campaign-no-more-hiroshima-no-more-nagasaki\\\/#breadcrumb\",\"itemListElement\":[{\"@type\":\"ListItem\",\"position\":1,\"name\":\"Portada\",\"item\":\"https:\\\/\\\/www.gernikagogoratuz.org\\\/en\\\/\"},{\"@type\":\"ListItem\",\"position\":2,\"name\":\"Antimilitarism\",\"item\":\"https:\\\/\\\/www.gernikagogoratuz.org\\\/en\\\/category\\\/antimilitarist-and-historical-memory-conference\\\/\"},{\"@type\":\"ListItem\",\"position\":3,\"name\":\"PRESENTATION OF THE CAMPAIGN: \u201cNO MORE HIROSHIMA! NO MORE NAGASAKI!\u201d\"}]},{\"@type\":\"WebSite\",\"@id\":\"https:\\\/\\\/www.gernikagogoratuz.org\\\/en\\\/#website\",\"url\":\"https:\\\/\\\/www.gernikagogoratuz.org\\\/en\\\/\",\"name\":\"Gernika Gogoratuz\",\"description\":\"Centro de investigaci\u00f3n por la paz\",\"publisher\":{\"@id\":\"https:\\\/\\\/www.gernikagogoratuz.org\\\/en\\\/#organization\"},\"potentialAction\":[{\"@type\":\"SearchAction\",\"target\":{\"@type\":\"EntryPoint\",\"urlTemplate\":\"https:\\\/\\\/www.gernikagogoratuz.org\\\/en\\\/?s={search_term_string}\"},\"query-input\":{\"@type\":\"PropertyValueSpecification\",\"valueRequired\":true,\"valueName\":\"search_term_string\"}}],\"inLanguage\":\"en-US\"},{\"@type\":\"Organization\",\"@id\":\"https:\\\/\\\/www.gernikagogoratuz.org\\\/en\\\/#organization\",\"name\":\"Gernika Gogoratuz. Centro de Investigaci\u00f3n por la Paz.\",\"url\":\"https:\\\/\\\/www.gernikagogoratuz.org\\\/en\\\/\",\"logo\":{\"@type\":\"ImageObject\",\"inLanguage\":\"en-US\",\"@id\":\"https:\\\/\\\/www.gernikagogoratuz.org\\\/en\\\/#\\\/schema\\\/logo\\\/image\\\/\",\"url\":\"https:\\\/\\\/www.gernikagogoratuz.org\\\/wp-content\\\/uploads\\\/2018\\\/10\\\/gernikagogoratuzogo_es.svg\",\"contentUrl\":\"https:\\\/\\\/www.gernikagogoratuz.org\\\/wp-content\\\/uploads\\\/2018\\\/10\\\/gernikagogoratuzogo_es.svg\",\"width\":1,\"height\":1,\"caption\":\"Gernika Gogoratuz. Centro de Investigaci\u00f3n por la Paz.\"},\"image\":{\"@id\":\"https:\\\/\\\/www.gernikagogoratuz.org\\\/en\\\/#\\\/schema\\\/logo\\\/image\\\/\"},\"sameAs\":[\"https:\\\/\\\/www.facebook.com\\\/GernikaGogoratuzFundacion\",\"https:\\\/\\\/x.com\\\/GGogoratuz\",\"https:\\\/\\\/www.youtube.com\\\/user\\\/gernikagogoratuz\\\/videos\"]},{\"@type\":\"Person\",\"@id\":\"https:\\\/\\\/www.gernikagogoratuz.org\\\/en\\\/#\\\/schema\\\/person\\\/56074ce3758ecfb8417c8311e88c79c8\",\"name\":\"Gernika Gogoratuz\",\"image\":{\"@type\":\"ImageObject\",\"inLanguage\":\"en-US\",\"@id\":\"https:\\\/\\\/secure.gravatar.com\\\/avatar\\\/fec0f20c36775b6715813b8de1aaf669d19199d3c0cc9d7aaf3d6e34de76a8a2?s=96&d=mm&r=g\",\"url\":\"https:\\\/\\\/secure.gravatar.com\\\/avatar\\\/fec0f20c36775b6715813b8de1aaf669d19199d3c0cc9d7aaf3d6e34de76a8a2?s=96&d=mm&r=g\",\"contentUrl\":\"https:\\\/\\\/secure.gravatar.com\\\/avatar\\\/fec0f20c36775b6715813b8de1aaf669d19199d3c0cc9d7aaf3d6e34de76a8a2?s=96&d=mm&r=g\",\"caption\":\"Gernika Gogoratuz\"},\"url\":\"https:\\\/\\\/www.gernikagogoratuz.org\\\/en\\\/author\\\/mariah\\\/\"}]}<\/script>\n<!-- \/ Yoast SEO plugin. -->","yoast_head_json":{"title":"Gernika Gogoratuz, Centro de Investigaci\u00f3n por la Paz","description":"Consulta toda la actualidad sobre jornadas, cursos y formaci\u00f3n sobre Cultura de Paz, Educaci\u00f3n por la Paz, Econom\u00eda de Paz, Antimilitarismo...","robots":{"index":"index","follow":"follow","max-snippet":"max-snippet:-1","max-image-preview":"max-image-preview:large","max-video-preview":"max-video-preview:-1"},"canonical":"https:\/\/www.gernikagogoratuz.org\/en\/presentation-of-the-campaign-no-more-hiroshima-no-more-nagasaki\/","og_locale":"en_US","og_type":"article","og_title":"Gernika Gogoratuz, Centro de Investigaci\u00f3n por la Paz","og_description":"Consulta toda la actualidad sobre jornadas, cursos y formaci\u00f3n sobre Cultura de Paz, Educaci\u00f3n por la Paz, Econom\u00eda de Paz, Antimilitarismo...","og_url":"https:\/\/www.gernikagogoratuz.org\/en\/presentation-of-the-campaign-no-more-hiroshima-no-more-nagasaki\/","og_site_name":"Gernika Gogoratuz","article_publisher":"https:\/\/www.facebook.com\/GernikaGogoratuzFundacion","article_published_time":"2020-08-03T11:09:07+00:00","article_modified_time":"2020-09-07T11:41:47+00:00","og_image":[{"width":1124,"height":618,"url":"https:\/\/www.gernikagogoratuz.org\/wp-content\/uploads\/2020\/08\/No-mas-Hiroshima-Nagasaki.jpg","type":"image\/jpeg"}],"author":"Gernika Gogoratuz","twitter_card":"summary_large_image","twitter_creator":"@GGogoratuz","twitter_site":"@GGogoratuz","twitter_misc":{"Written by":"Gernika Gogoratuz","Est. reading time":"1 minute"},"schema":{"@context":"https:\/\/schema.org","@graph":[{"@type":"Article","@id":"https:\/\/www.gernikagogoratuz.org\/en\/presentation-of-the-campaign-no-more-hiroshima-no-more-nagasaki\/#article","isPartOf":{"@id":"https:\/\/www.gernikagogoratuz.org\/en\/presentation-of-the-campaign-no-more-hiroshima-no-more-nagasaki\/"},"author":{"name":"Gernika Gogoratuz","@id":"https:\/\/www.gernikagogoratuz.org\/en\/#\/schema\/person\/56074ce3758ecfb8417c8311e88c79c8"},"headline":"PRESENTATION OF THE CAMPAIGN: \u201cNO MORE HIROSHIMA! NO MORE NAGASAKI!\u201d","datePublished":"2020-08-03T11:09:07+00:00","dateModified":"2020-09-07T11:41:47+00:00","mainEntityOfPage":{"@id":"https:\/\/www.gernikagogoratuz.org\/en\/presentation-of-the-campaign-no-more-hiroshima-no-more-nagasaki\/"},"wordCount":309,"publisher":{"@id":"https:\/\/www.gernikagogoratuz.org\/en\/#organization"},"image":{"@id":"https:\/\/www.gernikagogoratuz.org\/en\/presentation-of-the-campaign-no-more-hiroshima-no-more-nagasaki\/#primaryimage"},"thumbnailUrl":"https:\/\/www.gernikagogoratuz.org\/wp-content\/uploads\/2020\/08\/No-mas-Hiroshima-Nagasaki.jpg","articleSection":["Antimilitarism"],"inLanguage":"en-US"},{"@type":"WebPage","@id":"https:\/\/www.gernikagogoratuz.org\/en\/presentation-of-the-campaign-no-more-hiroshima-no-more-nagasaki\/","url":"https:\/\/www.gernikagogoratuz.org\/en\/presentation-of-the-campaign-no-more-hiroshima-no-more-nagasaki\/","name":"Gernika Gogoratuz, Centro de Investigaci\u00f3n por la Paz","isPartOf":{"@id":"https:\/\/www.gernikagogoratuz.org\/en\/#website"},"primaryImageOfPage":{"@id":"https:\/\/www.gernikagogoratuz.org\/en\/presentation-of-the-campaign-no-more-hiroshima-no-more-nagasaki\/#primaryimage"},"image":{"@id":"https:\/\/www.gernikagogoratuz.org\/en\/presentation-of-the-campaign-no-more-hiroshima-no-more-nagasaki\/#primaryimage"},"thumbnailUrl":"https:\/\/www.gernikagogoratuz.org\/wp-content\/uploads\/2020\/08\/No-mas-Hiroshima-Nagasaki.jpg","datePublished":"2020-08-03T11:09:07+00:00","dateModified":"2020-09-07T11:41:47+00:00","description":"Consulta toda la actualidad sobre jornadas, cursos y formaci\u00f3n sobre Cultura de Paz, Educaci\u00f3n por la Paz, Econom\u00eda de Paz, Antimilitarismo...","breadcrumb":{"@id":"https:\/\/www.gernikagogoratuz.org\/en\/presentation-of-the-campaign-no-more-hiroshima-no-more-nagasaki\/#breadcrumb"},"inLanguage":"en-US","potentialAction":[{"@type":"ReadAction","target":["https:\/\/www.gernikagogoratuz.org\/en\/presentation-of-the-campaign-no-more-hiroshima-no-more-nagasaki\/"]}]},{"@type":"ImageObject","inLanguage":"en-US","@id":"https:\/\/www.gernikagogoratuz.org\/en\/presentation-of-the-campaign-no-more-hiroshima-no-more-nagasaki\/#primaryimage","url":"https:\/\/www.gernikagogoratuz.org\/wp-content\/uploads\/2020\/08\/No-mas-Hiroshima-Nagasaki.jpg","contentUrl":"https:\/\/www.gernikagogoratuz.org\/wp-content\/uploads\/2020\/08\/No-mas-Hiroshima-Nagasaki.jpg","width":1124,"height":618,"caption":"No m\u00e1s Hiroshima! \u00a1No m\u00e1s Nagasaki"},{"@type":"BreadcrumbList","@id":"https:\/\/www.gernikagogoratuz.org\/en\/presentation-of-the-campaign-no-more-hiroshima-no-more-nagasaki\/#breadcrumb","itemListElement":[{"@type":"ListItem","position":1,"name":"Portada","item":"https:\/\/www.gernikagogoratuz.org\/en\/"},{"@type":"ListItem","position":2,"name":"Antimilitarism","item":"https:\/\/www.gernikagogoratuz.org\/en\/category\/antimilitarist-and-historical-memory-conference\/"},{"@type":"ListItem","position":3,"name":"PRESENTATION OF THE CAMPAIGN: \u201cNO MORE HIROSHIMA! NO MORE NAGASAKI!\u201d"}]},{"@type":"WebSite","@id":"https:\/\/www.gernikagogoratuz.org\/en\/#website","url":"https:\/\/www.gernikagogoratuz.org\/en\/","name":"Gernika Gogoratuz","description":"Centro de investigaci\u00f3n por la paz","publisher":{"@id":"https:\/\/www.gernikagogoratuz.org\/en\/#organization"},"potentialAction":[{"@type":"SearchAction","target":{"@type":"EntryPoint","urlTemplate":"https:\/\/www.gernikagogoratuz.org\/en\/?s={search_term_string}"},"query-input":{"@type":"PropertyValueSpecification","valueRequired":true,"valueName":"search_term_string"}}],"inLanguage":"en-US"},{"@type":"Organization","@id":"https:\/\/www.gernikagogoratuz.org\/en\/#organization","name":"Gernika Gogoratuz. Centro de Investigaci\u00f3n por la Paz.","url":"https:\/\/www.gernikagogoratuz.org\/en\/","logo":{"@type":"ImageObject","inLanguage":"en-US","@id":"https:\/\/www.gernikagogoratuz.org\/en\/#\/schema\/logo\/image\/","url":"https:\/\/www.gernikagogoratuz.org\/wp-content\/uploads\/2018\/10\/gernikagogoratuzogo_es.svg","contentUrl":"https:\/\/www.gernikagogoratuz.org\/wp-content\/uploads\/2018\/10\/gernikagogoratuzogo_es.svg","width":1,"height":1,"caption":"Gernika Gogoratuz. Centro de Investigaci\u00f3n por la Paz."},"image":{"@id":"https:\/\/www.gernikagogoratuz.org\/en\/#\/schema\/logo\/image\/"},"sameAs":["https:\/\/www.facebook.com\/GernikaGogoratuzFundacion","https:\/\/x.com\/GGogoratuz","https:\/\/www.youtube.com\/user\/gernikagogoratuz\/videos"]},{"@type":"Person","@id":"https:\/\/www.gernikagogoratuz.org\/en\/#\/schema\/person\/56074ce3758ecfb8417c8311e88c79c8","name":"Gernika Gogoratuz","image":{"@type":"ImageObject","inLanguage":"en-US","@id":"https:\/\/secure.gravatar.com\/avatar\/fec0f20c36775b6715813b8de1aaf669d19199d3c0cc9d7aaf3d6e34de76a8a2?s=96&d=mm&r=g","url":"https:\/\/secure.gravatar.com\/avatar\/fec0f20c36775b6715813b8de1aaf669d19199d3c0cc9d7aaf3d6e34de76a8a2?s=96&d=mm&r=g","contentUrl":"https:\/\/secure.gravatar.com\/avatar\/fec0f20c36775b6715813b8de1aaf669d19199d3c0cc9d7aaf3d6e34de76a8a2?s=96&d=mm&r=g","caption":"Gernika Gogoratuz"},"url":"https:\/\/www.gernikagogoratuz.org\/en\/author\/mariah\/"}]}},"_links":{"self":[{"href":"https:\/\/www.gernikagogoratuz.org\/en\/wp-json\/wp\/v2\/posts\/24105","targetHints":{"allow":["GET"]}}],"collection":[{"href":"https:\/\/www.gernikagogoratuz.org\/en\/wp-json\/wp\/v2\/posts"}],"about":[{"href":"https:\/\/www.gernikagogoratuz.org\/en\/wp-json\/wp\/v2\/types\/post"}],"author":[{"embeddable":true,"href":"https:\/\/www.gernikagogoratuz.org\/en\/wp-json\/wp\/v2\/users\/5"}],"replies":[{"embeddable":true,"href":"https:\/\/www.gernikagogoratuz.org\/en\/wp-json\/wp\/v2\/comments?post=24105"}],"version-history":[{"count":0,"href":"https:\/\/www.gernikagogoratuz.org\/en\/wp-json\/wp\/v2\/posts\/24105\/revisions"}],"wp:featuredmedia":[{"embeddable":true,"href":"https:\/\/www.gernikagogoratuz.org\/en\/wp-json\/wp\/v2\/media\/23979"}],"wp:attachment":[{"href":"https:\/\/www.gernikagogoratuz.org\/en\/wp-json\/wp\/v2\/media?parent=24105"}],"wp:term":[{"taxonomy":"category","embeddable":true,"href":"https:\/\/www.gernikagogoratuz.org\/en\/wp-json\/wp\/v2\/categories?post=24105"},{"taxonomy":"post_tag","embeddable":true,"href":"https:\/\/www.gernikagogoratuz.org\/en\/wp-json\/wp\/v2\/tags?post=24105"}],"curies":[{"name":"wp","href":"https:\/\/api.w.org\/{rel}","templated":true}]}}