{"id":26412,"date":"2015-12-04T10:29:33","date_gmt":"2015-12-04T09:29:33","guid":{"rendered":"https:\/\/www.gernikagogoratuz.org\/?p=26412"},"modified":"2021-09-01T16:17:41","modified_gmt":"2021-09-01T15:17:41","slug":"xiv-francisco-javier-de-landaburu-universitas-europe-research-award-2015-to-jokin-alberdi-bidaguren","status":"publish","type":"post","link":"https:\/\/www.gernikagogoratuz.org\/en\/xiv-francisco-javier-de-landaburu-universitas-europe-research-award-2015-to-jokin-alberdi-bidaguren\/","title":{"rendered":"XIV Francisco Javier de Landaburu Universitas Europe research Award 2015 to Jokin Alberdi Bidaguren"},"content":{"rendered":"<div class=\"wpb-content-wrapper\"><p>[vc_row][vc_column width=&#8221;1\/2&#8243;][vc_single_image image=&#8221;26370&#8243; img_size=&#8221;full&#8221;][\/vc_column][vc_column width=&#8221;1\/2&#8243;][vc_column_text]Reaffirming its commitment to the European social model, the construction of a cohesive social Europe and the promotion of a plural, critical and open debate on European issues, and taking into account that the United Nations dedicated 2015 to the Millennium Development Goals, EUROBASK announced the Francisco Javier de Landaburu Universitas 2015 Research Prize on European issues under the following topic: <em>Beyond 2015: the EU facing the new MDGs. Democratic, socio-economic, educational, security, energy, health, agricultural and environmental challenges<\/em><\/p>\n<p>to<strong> Jokin Alberdi Bidaguren <\/strong>for the work<\/p>\n<p><strong>&#8220;Post-2015 European Solidarity under debate: Is an alternative agenda for the European Union&#8217;s development and international cooperation policies possible?<\/strong><\/p>\n<p>President of Gernika Gogoratuz Association. PhD in Political Science from the EHU \/ UPV and professor of Constitutional Law and European Union\u00b4s Law at the same university. Responsible for the international research project \u201cTerritories in conflict: Research, training and action for the strengthening of capacities and the construction of life alternatives\u201d, Cabo Delgado (Mozambique), Tolima (Colombia) and Urdaibai (Euskal Herria). He is a member of the Research Group of HEGOA (UPV \/ EHU) and collaborates with the African Studies Group of Madrid\u00b4s Autonomous University.[\/vc_column_text][vc_empty_space]<a itemprop=\"url\" href=\"https:\/\/www.gernikagogoratuz.org\/portfolio-item\/mas-alla-del-2015-la-ue-ante-los-nuevos-odm\/\" target=\"_blank\"  class=\"edgtf-btn edgtf-btn-medium edgtf-btn-solid\"  >\n\t<span class=\"edgtf-btn-text\">See the award-winning research <\/span>\n    <\/a>[\/vc_column][\/vc_row]<\/p>\n<\/div>","protected":false},"excerpt":{"rendered":"<p>[vc_row][vc_column width=&#8221;1\/2&#8243;][vc_single_image image=&#8221;26370&#8243; img_size=&#8221;full&#8221;][\/vc_column][vc_column width=&#8221;1\/2&#8243;][vc_column_text]Reaffirming its commitment to the European social model, the construction of a cohesive social Europe and the promotion of a plural, critical and open debate on European issues, and taking into account that the United Nations dedicated 2015 to the Millennium Development Goals, EUROBASK announced the Francisco Javier de Landaburu Universitas&#8230;<\/p>\n","protected":false},"author":5,"featured_media":0,"comment_status":"closed","ping_status":"closed","sticky":false,"template":"","format":"standard","meta":{"inline_featured_image":false,"footnotes":""},"categories":[139],"tags":[],"class_list":["post-26412","post","type-post","status-publish","format-standard","hentry","category-research-for-peace"],"yoast_head":"<!-- This site is optimized with the Yoast SEO plugin v27.5 - https:\/\/yoast.com\/product\/yoast-seo-wordpress\/ -->\n<title>Gernika Gogoratuz, Centro de Investigaci\u00f3n por la Paz<\/title>\n<meta name=\"description\" content=\"Consulta toda la actualidad sobre jornadas, cursos y formaci\u00f3n sobre Cultura de Paz, Educaci\u00f3n por la Paz, Econom\u00eda de Paz, Antimilitarismo...\" \/>\n<meta name=\"robots\" content=\"index, follow, max-snippet:-1, max-image-preview:large, max-video-preview:-1\" \/>\n<link rel=\"canonical\" href=\"https:\/\/www.gernikagogoratuz.org\/en\/xiv-francisco-javier-de-landaburu-universitas-europe-research-award-2015-to-jokin-alberdi-bidaguren\/\" \/>\n<meta property=\"og:locale\" content=\"en_US\" \/>\n<meta property=\"og:type\" content=\"article\" \/>\n<meta property=\"og:title\" content=\"Gernika Gogoratuz, Centro de Investigaci\u00f3n por la Paz\" \/>\n<meta property=\"og:description\" content=\"Consulta toda la actualidad sobre jornadas, cursos y formaci\u00f3n sobre Cultura de Paz, Educaci\u00f3n por la Paz, Econom\u00eda de Paz, Antimilitarismo...\" \/>\n<meta property=\"og:url\" content=\"https:\/\/www.gernikagogoratuz.org\/en\/xiv-francisco-javier-de-landaburu-universitas-europe-research-award-2015-to-jokin-alberdi-bidaguren\/\" \/>\n<meta property=\"og:site_name\" content=\"Gernika Gogoratuz\" \/>\n<meta property=\"article:publisher\" content=\"https:\/\/www.facebook.com\/GernikaGogoratuzFundacion\" \/>\n<meta property=\"article:published_time\" content=\"2015-12-04T09:29:33+00:00\" \/>\n<meta property=\"article:modified_time\" content=\"2021-09-01T15:17:41+00:00\" \/>\n<meta name=\"author\" content=\"Gernika Gogoratuz\" \/>\n<meta name=\"twitter:card\" content=\"summary_large_image\" \/>\n<meta name=\"twitter:creator\" content=\"@GGogoratuz\" \/>\n<meta name=\"twitter:site\" content=\"@GGogoratuz\" \/>\n<meta name=\"twitter:label1\" content=\"Written by\" \/>\n\t<meta name=\"twitter:data1\" content=\"Gernika Gogoratuz\" \/>\n\t<meta name=\"twitter:label2\" content=\"Est. reading time\" \/>\n\t<meta name=\"twitter:data2\" content=\"1 minute\" \/>\n<script type=\"application\/ld+json\" class=\"yoast-schema-graph\">{\"@context\":\"https:\\\/\\\/schema.org\",\"@graph\":[{\"@type\":\"Article\",\"@id\":\"https:\\\/\\\/www.gernikagogoratuz.org\\\/en\\\/xiv-francisco-javier-de-landaburu-universitas-europe-research-award-2015-to-jokin-alberdi-bidaguren\\\/#article\",\"isPartOf\":{\"@id\":\"https:\\\/\\\/www.gernikagogoratuz.org\\\/en\\\/xiv-francisco-javier-de-landaburu-universitas-europe-research-award-2015-to-jokin-alberdi-bidaguren\\\/\"},\"author\":{\"name\":\"Gernika Gogoratuz\",\"@id\":\"https:\\\/\\\/www.gernikagogoratuz.org\\\/en\\\/#\\\/schema\\\/person\\\/56074ce3758ecfb8417c8311e88c79c8\"},\"headline\":\"XIV Francisco Javier de Landaburu Universitas Europe research Award 2015 to Jokin Alberdi Bidaguren\",\"datePublished\":\"2015-12-04T09:29:33+00:00\",\"dateModified\":\"2021-09-01T15:17:41+00:00\",\"mainEntityOfPage\":{\"@id\":\"https:\\\/\\\/www.gernikagogoratuz.org\\\/en\\\/xiv-francisco-javier-de-landaburu-universitas-europe-research-award-2015-to-jokin-alberdi-bidaguren\\\/\"},\"wordCount\":252,\"publisher\":{\"@id\":\"https:\\\/\\\/www.gernikagogoratuz.org\\\/en\\\/#organization\"},\"articleSection\":[\"Research for peace\"],\"inLanguage\":\"en-US\"},{\"@type\":\"WebPage\",\"@id\":\"https:\\\/\\\/www.gernikagogoratuz.org\\\/en\\\/xiv-francisco-javier-de-landaburu-universitas-europe-research-award-2015-to-jokin-alberdi-bidaguren\\\/\",\"url\":\"https:\\\/\\\/www.gernikagogoratuz.org\\\/en\\\/xiv-francisco-javier-de-landaburu-universitas-europe-research-award-2015-to-jokin-alberdi-bidaguren\\\/\",\"name\":\"Gernika Gogoratuz, Centro de Investigaci\u00f3n por la Paz\",\"isPartOf\":{\"@id\":\"https:\\\/\\\/www.gernikagogoratuz.org\\\/en\\\/#website\"},\"datePublished\":\"2015-12-04T09:29:33+00:00\",\"dateModified\":\"2021-09-01T15:17:41+00:00\",\"description\":\"Consulta toda la actualidad sobre jornadas, cursos y formaci\u00f3n sobre Cultura de Paz, Educaci\u00f3n por la Paz, Econom\u00eda de Paz, Antimilitarismo...\",\"breadcrumb\":{\"@id\":\"https:\\\/\\\/www.gernikagogoratuz.org\\\/en\\\/xiv-francisco-javier-de-landaburu-universitas-europe-research-award-2015-to-jokin-alberdi-bidaguren\\\/#breadcrumb\"},\"inLanguage\":\"en-US\",\"potentialAction\":[{\"@type\":\"ReadAction\",\"target\":[\"https:\\\/\\\/www.gernikagogoratuz.org\\\/en\\\/xiv-francisco-javier-de-landaburu-universitas-europe-research-award-2015-to-jokin-alberdi-bidaguren\\\/\"]}]},{\"@type\":\"BreadcrumbList\",\"@id\":\"https:\\\/\\\/www.gernikagogoratuz.org\\\/en\\\/xiv-francisco-javier-de-landaburu-universitas-europe-research-award-2015-to-jokin-alberdi-bidaguren\\\/#breadcrumb\",\"itemListElement\":[{\"@type\":\"ListItem\",\"position\":1,\"name\":\"Portada\",\"item\":\"https:\\\/\\\/www.gernikagogoratuz.org\\\/en\\\/\"},{\"@type\":\"ListItem\",\"position\":2,\"name\":\"Research for peace\",\"item\":\"https:\\\/\\\/www.gernikagogoratuz.org\\\/en\\\/category\\\/research-for-peace\\\/\"},{\"@type\":\"ListItem\",\"position\":3,\"name\":\"XIV Francisco Javier de Landaburu Universitas Europe research Award 2015 to Jokin Alberdi Bidaguren\"}]},{\"@type\":\"WebSite\",\"@id\":\"https:\\\/\\\/www.gernikagogoratuz.org\\\/en\\\/#website\",\"url\":\"https:\\\/\\\/www.gernikagogoratuz.org\\\/en\\\/\",\"name\":\"Gernika Gogoratuz\",\"description\":\"Centro de investigaci\u00f3n por la paz\",\"publisher\":{\"@id\":\"https:\\\/\\\/www.gernikagogoratuz.org\\\/en\\\/#organization\"},\"potentialAction\":[{\"@type\":\"SearchAction\",\"target\":{\"@type\":\"EntryPoint\",\"urlTemplate\":\"https:\\\/\\\/www.gernikagogoratuz.org\\\/en\\\/?s={search_term_string}\"},\"query-input\":{\"@type\":\"PropertyValueSpecification\",\"valueRequired\":true,\"valueName\":\"search_term_string\"}}],\"inLanguage\":\"en-US\"},{\"@type\":\"Organization\",\"@id\":\"https:\\\/\\\/www.gernikagogoratuz.org\\\/en\\\/#organization\",\"name\":\"Gernika Gogoratuz. Centro de Investigaci\u00f3n por la Paz.\",\"url\":\"https:\\\/\\\/www.gernikagogoratuz.org\\\/en\\\/\",\"logo\":{\"@type\":\"ImageObject\",\"inLanguage\":\"en-US\",\"@id\":\"https:\\\/\\\/www.gernikagogoratuz.org\\\/en\\\/#\\\/schema\\\/logo\\\/image\\\/\",\"url\":\"https:\\\/\\\/www.gernikagogoratuz.org\\\/wp-content\\\/uploads\\\/2018\\\/10\\\/gernikagogoratuzogo_es.svg\",\"contentUrl\":\"https:\\\/\\\/www.gernikagogoratuz.org\\\/wp-content\\\/uploads\\\/2018\\\/10\\\/gernikagogoratuzogo_es.svg\",\"width\":1,\"height\":1,\"caption\":\"Gernika Gogoratuz. Centro de Investigaci\u00f3n por la Paz.\"},\"image\":{\"@id\":\"https:\\\/\\\/www.gernikagogoratuz.org\\\/en\\\/#\\\/schema\\\/logo\\\/image\\\/\"},\"sameAs\":[\"https:\\\/\\\/www.facebook.com\\\/GernikaGogoratuzFundacion\",\"https:\\\/\\\/x.com\\\/GGogoratuz\",\"https:\\\/\\\/www.youtube.com\\\/user\\\/gernikagogoratuz\\\/videos\"]},{\"@type\":\"Person\",\"@id\":\"https:\\\/\\\/www.gernikagogoratuz.org\\\/en\\\/#\\\/schema\\\/person\\\/56074ce3758ecfb8417c8311e88c79c8\",\"name\":\"Gernika Gogoratuz\",\"image\":{\"@type\":\"ImageObject\",\"inLanguage\":\"en-US\",\"@id\":\"https:\\\/\\\/secure.gravatar.com\\\/avatar\\\/fec0f20c36775b6715813b8de1aaf669d19199d3c0cc9d7aaf3d6e34de76a8a2?s=96&d=mm&r=g\",\"url\":\"https:\\\/\\\/secure.gravatar.com\\\/avatar\\\/fec0f20c36775b6715813b8de1aaf669d19199d3c0cc9d7aaf3d6e34de76a8a2?s=96&d=mm&r=g\",\"contentUrl\":\"https:\\\/\\\/secure.gravatar.com\\\/avatar\\\/fec0f20c36775b6715813b8de1aaf669d19199d3c0cc9d7aaf3d6e34de76a8a2?s=96&d=mm&r=g\",\"caption\":\"Gernika Gogoratuz\"},\"url\":\"https:\\\/\\\/www.gernikagogoratuz.org\\\/en\\\/author\\\/mariah\\\/\"}]}<\/script>\n<!-- \/ Yoast SEO plugin. -->","yoast_head_json":{"title":"Gernika Gogoratuz, Centro de Investigaci\u00f3n por la Paz","description":"Consulta toda la actualidad sobre jornadas, cursos y formaci\u00f3n sobre Cultura de Paz, Educaci\u00f3n por la Paz, Econom\u00eda de Paz, Antimilitarismo...","robots":{"index":"index","follow":"follow","max-snippet":"max-snippet:-1","max-image-preview":"max-image-preview:large","max-video-preview":"max-video-preview:-1"},"canonical":"https:\/\/www.gernikagogoratuz.org\/en\/xiv-francisco-javier-de-landaburu-universitas-europe-research-award-2015-to-jokin-alberdi-bidaguren\/","og_locale":"en_US","og_type":"article","og_title":"Gernika Gogoratuz, Centro de Investigaci\u00f3n por la Paz","og_description":"Consulta toda la actualidad sobre jornadas, cursos y formaci\u00f3n sobre Cultura de Paz, Educaci\u00f3n por la Paz, Econom\u00eda de Paz, Antimilitarismo...","og_url":"https:\/\/www.gernikagogoratuz.org\/en\/xiv-francisco-javier-de-landaburu-universitas-europe-research-award-2015-to-jokin-alberdi-bidaguren\/","og_site_name":"Gernika Gogoratuz","article_publisher":"https:\/\/www.facebook.com\/GernikaGogoratuzFundacion","article_published_time":"2015-12-04T09:29:33+00:00","article_modified_time":"2021-09-01T15:17:41+00:00","author":"Gernika Gogoratuz","twitter_card":"summary_large_image","twitter_creator":"@GGogoratuz","twitter_site":"@GGogoratuz","twitter_misc":{"Written by":"Gernika Gogoratuz","Est. reading time":"1 minute"},"schema":{"@context":"https:\/\/schema.org","@graph":[{"@type":"Article","@id":"https:\/\/www.gernikagogoratuz.org\/en\/xiv-francisco-javier-de-landaburu-universitas-europe-research-award-2015-to-jokin-alberdi-bidaguren\/#article","isPartOf":{"@id":"https:\/\/www.gernikagogoratuz.org\/en\/xiv-francisco-javier-de-landaburu-universitas-europe-research-award-2015-to-jokin-alberdi-bidaguren\/"},"author":{"name":"Gernika Gogoratuz","@id":"https:\/\/www.gernikagogoratuz.org\/en\/#\/schema\/person\/56074ce3758ecfb8417c8311e88c79c8"},"headline":"XIV Francisco Javier de Landaburu Universitas Europe research Award 2015 to Jokin Alberdi Bidaguren","datePublished":"2015-12-04T09:29:33+00:00","dateModified":"2021-09-01T15:17:41+00:00","mainEntityOfPage":{"@id":"https:\/\/www.gernikagogoratuz.org\/en\/xiv-francisco-javier-de-landaburu-universitas-europe-research-award-2015-to-jokin-alberdi-bidaguren\/"},"wordCount":252,"publisher":{"@id":"https:\/\/www.gernikagogoratuz.org\/en\/#organization"},"articleSection":["Research for peace"],"inLanguage":"en-US"},{"@type":"WebPage","@id":"https:\/\/www.gernikagogoratuz.org\/en\/xiv-francisco-javier-de-landaburu-universitas-europe-research-award-2015-to-jokin-alberdi-bidaguren\/","url":"https:\/\/www.gernikagogoratuz.org\/en\/xiv-francisco-javier-de-landaburu-universitas-europe-research-award-2015-to-jokin-alberdi-bidaguren\/","name":"Gernika Gogoratuz, Centro de Investigaci\u00f3n por la Paz","isPartOf":{"@id":"https:\/\/www.gernikagogoratuz.org\/en\/#website"},"datePublished":"2015-12-04T09:29:33+00:00","dateModified":"2021-09-01T15:17:41+00:00","description":"Consulta toda la actualidad sobre jornadas, cursos y formaci\u00f3n sobre Cultura de Paz, Educaci\u00f3n por la Paz, Econom\u00eda de Paz, Antimilitarismo...","breadcrumb":{"@id":"https:\/\/www.gernikagogoratuz.org\/en\/xiv-francisco-javier-de-landaburu-universitas-europe-research-award-2015-to-jokin-alberdi-bidaguren\/#breadcrumb"},"inLanguage":"en-US","potentialAction":[{"@type":"ReadAction","target":["https:\/\/www.gernikagogoratuz.org\/en\/xiv-francisco-javier-de-landaburu-universitas-europe-research-award-2015-to-jokin-alberdi-bidaguren\/"]}]},{"@type":"BreadcrumbList","@id":"https:\/\/www.gernikagogoratuz.org\/en\/xiv-francisco-javier-de-landaburu-universitas-europe-research-award-2015-to-jokin-alberdi-bidaguren\/#breadcrumb","itemListElement":[{"@type":"ListItem","position":1,"name":"Portada","item":"https:\/\/www.gernikagogoratuz.org\/en\/"},{"@type":"ListItem","position":2,"name":"Research for peace","item":"https:\/\/www.gernikagogoratuz.org\/en\/category\/research-for-peace\/"},{"@type":"ListItem","position":3,"name":"XIV Francisco Javier de Landaburu Universitas Europe research Award 2015 to Jokin Alberdi Bidaguren"}]},{"@type":"WebSite","@id":"https:\/\/www.gernikagogoratuz.org\/en\/#website","url":"https:\/\/www.gernikagogoratuz.org\/en\/","name":"Gernika Gogoratuz","description":"Centro de investigaci\u00f3n por la paz","publisher":{"@id":"https:\/\/www.gernikagogoratuz.org\/en\/#organization"},"potentialAction":[{"@type":"SearchAction","target":{"@type":"EntryPoint","urlTemplate":"https:\/\/www.gernikagogoratuz.org\/en\/?s={search_term_string}"},"query-input":{"@type":"PropertyValueSpecification","valueRequired":true,"valueName":"search_term_string"}}],"inLanguage":"en-US"},{"@type":"Organization","@id":"https:\/\/www.gernikagogoratuz.org\/en\/#organization","name":"Gernika Gogoratuz. Centro de Investigaci\u00f3n por la Paz.","url":"https:\/\/www.gernikagogoratuz.org\/en\/","logo":{"@type":"ImageObject","inLanguage":"en-US","@id":"https:\/\/www.gernikagogoratuz.org\/en\/#\/schema\/logo\/image\/","url":"https:\/\/www.gernikagogoratuz.org\/wp-content\/uploads\/2018\/10\/gernikagogoratuzogo_es.svg","contentUrl":"https:\/\/www.gernikagogoratuz.org\/wp-content\/uploads\/2018\/10\/gernikagogoratuzogo_es.svg","width":1,"height":1,"caption":"Gernika Gogoratuz. Centro de Investigaci\u00f3n por la Paz."},"image":{"@id":"https:\/\/www.gernikagogoratuz.org\/en\/#\/schema\/logo\/image\/"},"sameAs":["https:\/\/www.facebook.com\/GernikaGogoratuzFundacion","https:\/\/x.com\/GGogoratuz","https:\/\/www.youtube.com\/user\/gernikagogoratuz\/videos"]},{"@type":"Person","@id":"https:\/\/www.gernikagogoratuz.org\/en\/#\/schema\/person\/56074ce3758ecfb8417c8311e88c79c8","name":"Gernika Gogoratuz","image":{"@type":"ImageObject","inLanguage":"en-US","@id":"https:\/\/secure.gravatar.com\/avatar\/fec0f20c36775b6715813b8de1aaf669d19199d3c0cc9d7aaf3d6e34de76a8a2?s=96&d=mm&r=g","url":"https:\/\/secure.gravatar.com\/avatar\/fec0f20c36775b6715813b8de1aaf669d19199d3c0cc9d7aaf3d6e34de76a8a2?s=96&d=mm&r=g","contentUrl":"https:\/\/secure.gravatar.com\/avatar\/fec0f20c36775b6715813b8de1aaf669d19199d3c0cc9d7aaf3d6e34de76a8a2?s=96&d=mm&r=g","caption":"Gernika Gogoratuz"},"url":"https:\/\/www.gernikagogoratuz.org\/en\/author\/mariah\/"}]}},"_links":{"self":[{"href":"https:\/\/www.gernikagogoratuz.org\/en\/wp-json\/wp\/v2\/posts\/26412","targetHints":{"allow":["GET"]}}],"collection":[{"href":"https:\/\/www.gernikagogoratuz.org\/en\/wp-json\/wp\/v2\/posts"}],"about":[{"href":"https:\/\/www.gernikagogoratuz.org\/en\/wp-json\/wp\/v2\/types\/post"}],"author":[{"embeddable":true,"href":"https:\/\/www.gernikagogoratuz.org\/en\/wp-json\/wp\/v2\/users\/5"}],"replies":[{"embeddable":true,"href":"https:\/\/www.gernikagogoratuz.org\/en\/wp-json\/wp\/v2\/comments?post=26412"}],"version-history":[{"count":0,"href":"https:\/\/www.gernikagogoratuz.org\/en\/wp-json\/wp\/v2\/posts\/26412\/revisions"}],"wp:attachment":[{"href":"https:\/\/www.gernikagogoratuz.org\/en\/wp-json\/wp\/v2\/media?parent=26412"}],"wp:term":[{"taxonomy":"category","embeddable":true,"href":"https:\/\/www.gernikagogoratuz.org\/en\/wp-json\/wp\/v2\/categories?post=26412"},{"taxonomy":"post_tag","embeddable":true,"href":"https:\/\/www.gernikagogoratuz.org\/en\/wp-json\/wp\/v2\/tags?post=26412"}],"curies":[{"name":"wp","href":"https:\/\/api.w.org\/{rel}","templated":true}]}}