{"id":26517,"date":"2021-08-03T11:29:44","date_gmt":"2021-08-03T10:29:44","guid":{"rendered":"https:\/\/www.gernikagogoratuz.org\/?p=26517"},"modified":"2021-08-09T11:32:40","modified_gmt":"2021-08-09T10:32:40","slug":"forum-the-school-as-a-space-for-the-construction-of-memory-and-truth-reflections-from-caqueta-colombian-amazon","status":"publish","type":"post","link":"https:\/\/www.gernikagogoratuz.org\/en\/forum-the-school-as-a-space-for-the-construction-of-memory-and-truth-reflections-from-caqueta-colombian-amazon\/","title":{"rendered":"FORUM: &#8220;THE SCHOOL AS A SPACE FOR THE CONSTRUCTION OF MEMORY AND TRUTH: REFLECTIONS FROM CAQUET\u00c1, COLOMBIAN AMAZON&#8221;."},"content":{"rendered":"<div class=\"wpb-content-wrapper\"><p>[vc_row][vc_column][vc_column_text]On 4 August, the forum &#8220;The school as a space for the construction of memory and truth: reflections from Caquet\u00e1, Colombian Amazon&#8221; will take place with the participation of Mar\u00eda Oianguren, director of Gernika Gogoratuz, and Fernando Cruz, territorial coordinator of the Truth Commission in Florencia and associate researcher of Gernika Gogoratuz.<\/p>\n<p>The event is organised by the Commission for the clarification of truth, truth and non-repetition and will also be attended by Amada Benavides, president of the Schools for Peace Foundation; Constanza Alarc\u00f3n P\u00e1rraga, vice-minister of pre-school, primary and secondary education; Commissioner Luc\u00eda Gonz\u00e1lez of the Truth Commission; Commissioner Carlos Martin Berinstain from the Truth Commission; Ang\u00e9lica Padilla M\u00e9ndez from the Truth Commission Node in the Basque Country; Alic\u00eda Cabezudo, international consultant on culture of peace and human rights education as well as teachers from educational institutions.<\/p>\n<p>The broadcast will be from 3:00pm to 5:00pm through the commission&#8217;s social networks, Youtube and Facebook.[\/vc_column_text][\/vc_column][\/vc_row]<\/p>\n<\/div>","protected":false},"excerpt":{"rendered":"<p>August 4 from 3:00pm to 5:00pm on Youtube and Facebook<\/p>\n","protected":false},"author":5,"featured_media":24769,"comment_status":"closed","ping_status":"closed","sticky":false,"template":"","format":"standard","meta":{"inline_featured_image":false,"footnotes":""},"categories":[321],"tags":[],"class_list":["post-26517","post","type-post","status-publish","format-standard","has-post-thumbnail","hentry","category-human-rights"],"yoast_head":"<!-- This site is optimized with the Yoast SEO plugin v27.5 - https:\/\/yoast.com\/product\/yoast-seo-wordpress\/ -->\n<title>Gernika Gogoratuz, Centro de Investigaci\u00f3n por la Paz<\/title>\n<meta name=\"description\" content=\"Consulta toda la actualidad sobre jornadas, cursos y formaci\u00f3n sobre Cultura de Paz, Educaci\u00f3n por la Paz, Econom\u00eda de Paz, Antimilitarismo...\" \/>\n<meta name=\"robots\" content=\"index, follow, max-snippet:-1, max-image-preview:large, max-video-preview:-1\" \/>\n<link rel=\"canonical\" href=\"https:\/\/www.gernikagogoratuz.org\/en\/forum-the-school-as-a-space-for-the-construction-of-memory-and-truth-reflections-from-caqueta-colombian-amazon\/\" \/>\n<meta property=\"og:locale\" content=\"en_US\" \/>\n<meta property=\"og:type\" content=\"article\" \/>\n<meta property=\"og:title\" content=\"Gernika Gogoratuz, Centro de Investigaci\u00f3n por la Paz\" \/>\n<meta property=\"og:description\" content=\"Consulta toda la actualidad sobre jornadas, cursos y formaci\u00f3n sobre Cultura de Paz, Educaci\u00f3n por la Paz, Econom\u00eda de Paz, Antimilitarismo...\" \/>\n<meta property=\"og:url\" content=\"https:\/\/www.gernikagogoratuz.org\/en\/forum-the-school-as-a-space-for-the-construction-of-memory-and-truth-reflections-from-caqueta-colombian-amazon\/\" \/>\n<meta property=\"og:site_name\" content=\"Gernika Gogoratuz\" \/>\n<meta property=\"article:publisher\" content=\"https:\/\/www.facebook.com\/GernikaGogoratuzFundacion\" \/>\n<meta property=\"article:published_time\" content=\"2021-08-03T10:29:44+00:00\" \/>\n<meta property=\"article:modified_time\" content=\"2021-08-09T10:32:40+00:00\" \/>\n<meta property=\"og:image\" content=\"https:\/\/www.gernikagogoratuz.org\/wp-content\/uploads\/2020\/11\/comision-verdad-2.jpg\" \/>\n\t<meta property=\"og:image:width\" content=\"1124\" \/>\n\t<meta property=\"og:image:height\" content=\"618\" \/>\n\t<meta property=\"og:image:type\" content=\"image\/jpeg\" \/>\n<meta name=\"author\" content=\"Gernika Gogoratuz\" \/>\n<meta name=\"twitter:card\" content=\"summary_large_image\" \/>\n<meta name=\"twitter:creator\" content=\"@GGogoratuz\" \/>\n<meta name=\"twitter:site\" content=\"@GGogoratuz\" \/>\n<meta name=\"twitter:label1\" content=\"Written by\" \/>\n\t<meta name=\"twitter:data1\" content=\"Gernika Gogoratuz\" \/>\n\t<meta name=\"twitter:label2\" content=\"Est. reading time\" \/>\n\t<meta name=\"twitter:data2\" content=\"1 minute\" \/>\n<script type=\"application\/ld+json\" class=\"yoast-schema-graph\">{\"@context\":\"https:\\\/\\\/schema.org\",\"@graph\":[{\"@type\":\"Article\",\"@id\":\"https:\\\/\\\/www.gernikagogoratuz.org\\\/en\\\/forum-the-school-as-a-space-for-the-construction-of-memory-and-truth-reflections-from-caqueta-colombian-amazon\\\/#article\",\"isPartOf\":{\"@id\":\"https:\\\/\\\/www.gernikagogoratuz.org\\\/en\\\/forum-the-school-as-a-space-for-the-construction-of-memory-and-truth-reflections-from-caqueta-colombian-amazon\\\/\"},\"author\":{\"name\":\"Gernika Gogoratuz\",\"@id\":\"https:\\\/\\\/www.gernikagogoratuz.org\\\/en\\\/#\\\/schema\\\/person\\\/56074ce3758ecfb8417c8311e88c79c8\"},\"headline\":\"FORUM: &#8220;THE SCHOOL AS A SPACE FOR THE CONSTRUCTION OF MEMORY AND TRUTH: REFLECTIONS FROM CAQUET\u00c1, COLOMBIAN AMAZON&#8221;.\",\"datePublished\":\"2021-08-03T10:29:44+00:00\",\"dateModified\":\"2021-08-09T10:32:40+00:00\",\"mainEntityOfPage\":{\"@id\":\"https:\\\/\\\/www.gernikagogoratuz.org\\\/en\\\/forum-the-school-as-a-space-for-the-construction-of-memory-and-truth-reflections-from-caqueta-colombian-amazon\\\/\"},\"wordCount\":193,\"publisher\":{\"@id\":\"https:\\\/\\\/www.gernikagogoratuz.org\\\/en\\\/#organization\"},\"image\":{\"@id\":\"https:\\\/\\\/www.gernikagogoratuz.org\\\/en\\\/forum-the-school-as-a-space-for-the-construction-of-memory-and-truth-reflections-from-caqueta-colombian-amazon\\\/#primaryimage\"},\"thumbnailUrl\":\"https:\\\/\\\/www.gernikagogoratuz.org\\\/wp-content\\\/uploads\\\/2020\\\/11\\\/comision-verdad-2.jpg\",\"articleSection\":[\"Human Rights\"],\"inLanguage\":\"en-US\"},{\"@type\":\"WebPage\",\"@id\":\"https:\\\/\\\/www.gernikagogoratuz.org\\\/en\\\/forum-the-school-as-a-space-for-the-construction-of-memory-and-truth-reflections-from-caqueta-colombian-amazon\\\/\",\"url\":\"https:\\\/\\\/www.gernikagogoratuz.org\\\/en\\\/forum-the-school-as-a-space-for-the-construction-of-memory-and-truth-reflections-from-caqueta-colombian-amazon\\\/\",\"name\":\"Gernika Gogoratuz, Centro de Investigaci\u00f3n por la Paz\",\"isPartOf\":{\"@id\":\"https:\\\/\\\/www.gernikagogoratuz.org\\\/en\\\/#website\"},\"primaryImageOfPage\":{\"@id\":\"https:\\\/\\\/www.gernikagogoratuz.org\\\/en\\\/forum-the-school-as-a-space-for-the-construction-of-memory-and-truth-reflections-from-caqueta-colombian-amazon\\\/#primaryimage\"},\"image\":{\"@id\":\"https:\\\/\\\/www.gernikagogoratuz.org\\\/en\\\/forum-the-school-as-a-space-for-the-construction-of-memory-and-truth-reflections-from-caqueta-colombian-amazon\\\/#primaryimage\"},\"thumbnailUrl\":\"https:\\\/\\\/www.gernikagogoratuz.org\\\/wp-content\\\/uploads\\\/2020\\\/11\\\/comision-verdad-2.jpg\",\"datePublished\":\"2021-08-03T10:29:44+00:00\",\"dateModified\":\"2021-08-09T10:32:40+00:00\",\"description\":\"Consulta toda la actualidad sobre jornadas, cursos y formaci\u00f3n sobre Cultura de Paz, Educaci\u00f3n por la Paz, Econom\u00eda de Paz, Antimilitarismo...\",\"breadcrumb\":{\"@id\":\"https:\\\/\\\/www.gernikagogoratuz.org\\\/en\\\/forum-the-school-as-a-space-for-the-construction-of-memory-and-truth-reflections-from-caqueta-colombian-amazon\\\/#breadcrumb\"},\"inLanguage\":\"en-US\",\"potentialAction\":[{\"@type\":\"ReadAction\",\"target\":[\"https:\\\/\\\/www.gernikagogoratuz.org\\\/en\\\/forum-the-school-as-a-space-for-the-construction-of-memory-and-truth-reflections-from-caqueta-colombian-amazon\\\/\"]}]},{\"@type\":\"ImageObject\",\"inLanguage\":\"en-US\",\"@id\":\"https:\\\/\\\/www.gernikagogoratuz.org\\\/en\\\/forum-the-school-as-a-space-for-the-construction-of-memory-and-truth-reflections-from-caqueta-colombian-amazon\\\/#primaryimage\",\"url\":\"https:\\\/\\\/www.gernikagogoratuz.org\\\/wp-content\\\/uploads\\\/2020\\\/11\\\/comision-verdad-2.jpg\",\"contentUrl\":\"https:\\\/\\\/www.gernikagogoratuz.org\\\/wp-content\\\/uploads\\\/2020\\\/11\\\/comision-verdad-2.jpg\",\"width\":1124,\"height\":618,\"caption\":\"GERNIKA GOGORATUZ PARTICIPAR\u00c1 EN EL ACTO DE RECONOCIMIENTO A LAS V\u00cdCTIMAS EN COLOMBIA ORGANIZADO POR LA COMISI\u00d3N DE LA VERDAD\"},{\"@type\":\"BreadcrumbList\",\"@id\":\"https:\\\/\\\/www.gernikagogoratuz.org\\\/en\\\/forum-the-school-as-a-space-for-the-construction-of-memory-and-truth-reflections-from-caqueta-colombian-amazon\\\/#breadcrumb\",\"itemListElement\":[{\"@type\":\"ListItem\",\"position\":1,\"name\":\"Portada\",\"item\":\"https:\\\/\\\/www.gernikagogoratuz.org\\\/en\\\/\"},{\"@type\":\"ListItem\",\"position\":2,\"name\":\"Peace culture\",\"item\":\"https:\\\/\\\/www.gernikagogoratuz.org\\\/en\\\/category\\\/cultura-de-paz-en\\\/\"},{\"@type\":\"ListItem\",\"position\":3,\"name\":\"Human Rights\",\"item\":\"https:\\\/\\\/www.gernikagogoratuz.org\\\/en\\\/category\\\/cultura-de-paz-en\\\/human-rights\\\/\"},{\"@type\":\"ListItem\",\"position\":4,\"name\":\"FORUM: &#8220;THE SCHOOL AS A SPACE FOR THE CONSTRUCTION OF MEMORY AND TRUTH: REFLECTIONS FROM CAQUET\u00c1, COLOMBIAN AMAZON&#8221;.\"}]},{\"@type\":\"WebSite\",\"@id\":\"https:\\\/\\\/www.gernikagogoratuz.org\\\/en\\\/#website\",\"url\":\"https:\\\/\\\/www.gernikagogoratuz.org\\\/en\\\/\",\"name\":\"Gernika Gogoratuz\",\"description\":\"Centro de investigaci\u00f3n por la paz\",\"publisher\":{\"@id\":\"https:\\\/\\\/www.gernikagogoratuz.org\\\/en\\\/#organization\"},\"potentialAction\":[{\"@type\":\"SearchAction\",\"target\":{\"@type\":\"EntryPoint\",\"urlTemplate\":\"https:\\\/\\\/www.gernikagogoratuz.org\\\/en\\\/?s={search_term_string}\"},\"query-input\":{\"@type\":\"PropertyValueSpecification\",\"valueRequired\":true,\"valueName\":\"search_term_string\"}}],\"inLanguage\":\"en-US\"},{\"@type\":\"Organization\",\"@id\":\"https:\\\/\\\/www.gernikagogoratuz.org\\\/en\\\/#organization\",\"name\":\"Gernika Gogoratuz. Centro de Investigaci\u00f3n por la Paz.\",\"url\":\"https:\\\/\\\/www.gernikagogoratuz.org\\\/en\\\/\",\"logo\":{\"@type\":\"ImageObject\",\"inLanguage\":\"en-US\",\"@id\":\"https:\\\/\\\/www.gernikagogoratuz.org\\\/en\\\/#\\\/schema\\\/logo\\\/image\\\/\",\"url\":\"https:\\\/\\\/www.gernikagogoratuz.org\\\/wp-content\\\/uploads\\\/2018\\\/10\\\/gernikagogoratuzogo_es.svg\",\"contentUrl\":\"https:\\\/\\\/www.gernikagogoratuz.org\\\/wp-content\\\/uploads\\\/2018\\\/10\\\/gernikagogoratuzogo_es.svg\",\"width\":1,\"height\":1,\"caption\":\"Gernika Gogoratuz. Centro de Investigaci\u00f3n por la Paz.\"},\"image\":{\"@id\":\"https:\\\/\\\/www.gernikagogoratuz.org\\\/en\\\/#\\\/schema\\\/logo\\\/image\\\/\"},\"sameAs\":[\"https:\\\/\\\/www.facebook.com\\\/GernikaGogoratuzFundacion\",\"https:\\\/\\\/x.com\\\/GGogoratuz\",\"https:\\\/\\\/www.youtube.com\\\/user\\\/gernikagogoratuz\\\/videos\"]},{\"@type\":\"Person\",\"@id\":\"https:\\\/\\\/www.gernikagogoratuz.org\\\/en\\\/#\\\/schema\\\/person\\\/56074ce3758ecfb8417c8311e88c79c8\",\"name\":\"Gernika Gogoratuz\",\"image\":{\"@type\":\"ImageObject\",\"inLanguage\":\"en-US\",\"@id\":\"https:\\\/\\\/secure.gravatar.com\\\/avatar\\\/fec0f20c36775b6715813b8de1aaf669d19199d3c0cc9d7aaf3d6e34de76a8a2?s=96&d=mm&r=g\",\"url\":\"https:\\\/\\\/secure.gravatar.com\\\/avatar\\\/fec0f20c36775b6715813b8de1aaf669d19199d3c0cc9d7aaf3d6e34de76a8a2?s=96&d=mm&r=g\",\"contentUrl\":\"https:\\\/\\\/secure.gravatar.com\\\/avatar\\\/fec0f20c36775b6715813b8de1aaf669d19199d3c0cc9d7aaf3d6e34de76a8a2?s=96&d=mm&r=g\",\"caption\":\"Gernika Gogoratuz\"},\"url\":\"https:\\\/\\\/www.gernikagogoratuz.org\\\/en\\\/author\\\/mariah\\\/\"}]}<\/script>\n<!-- \/ Yoast SEO plugin. -->","yoast_head_json":{"title":"Gernika Gogoratuz, Centro de Investigaci\u00f3n por la Paz","description":"Consulta toda la actualidad sobre jornadas, cursos y formaci\u00f3n sobre Cultura de Paz, Educaci\u00f3n por la Paz, Econom\u00eda de Paz, Antimilitarismo...","robots":{"index":"index","follow":"follow","max-snippet":"max-snippet:-1","max-image-preview":"max-image-preview:large","max-video-preview":"max-video-preview:-1"},"canonical":"https:\/\/www.gernikagogoratuz.org\/en\/forum-the-school-as-a-space-for-the-construction-of-memory-and-truth-reflections-from-caqueta-colombian-amazon\/","og_locale":"en_US","og_type":"article","og_title":"Gernika Gogoratuz, Centro de Investigaci\u00f3n por la Paz","og_description":"Consulta toda la actualidad sobre jornadas, cursos y formaci\u00f3n sobre Cultura de Paz, Educaci\u00f3n por la Paz, Econom\u00eda de Paz, Antimilitarismo...","og_url":"https:\/\/www.gernikagogoratuz.org\/en\/forum-the-school-as-a-space-for-the-construction-of-memory-and-truth-reflections-from-caqueta-colombian-amazon\/","og_site_name":"Gernika Gogoratuz","article_publisher":"https:\/\/www.facebook.com\/GernikaGogoratuzFundacion","article_published_time":"2021-08-03T10:29:44+00:00","article_modified_time":"2021-08-09T10:32:40+00:00","og_image":[{"width":1124,"height":618,"url":"https:\/\/www.gernikagogoratuz.org\/wp-content\/uploads\/2020\/11\/comision-verdad-2.jpg","type":"image\/jpeg"}],"author":"Gernika Gogoratuz","twitter_card":"summary_large_image","twitter_creator":"@GGogoratuz","twitter_site":"@GGogoratuz","twitter_misc":{"Written by":"Gernika Gogoratuz","Est. reading time":"1 minute"},"schema":{"@context":"https:\/\/schema.org","@graph":[{"@type":"Article","@id":"https:\/\/www.gernikagogoratuz.org\/en\/forum-the-school-as-a-space-for-the-construction-of-memory-and-truth-reflections-from-caqueta-colombian-amazon\/#article","isPartOf":{"@id":"https:\/\/www.gernikagogoratuz.org\/en\/forum-the-school-as-a-space-for-the-construction-of-memory-and-truth-reflections-from-caqueta-colombian-amazon\/"},"author":{"name":"Gernika Gogoratuz","@id":"https:\/\/www.gernikagogoratuz.org\/en\/#\/schema\/person\/56074ce3758ecfb8417c8311e88c79c8"},"headline":"FORUM: &#8220;THE SCHOOL AS A SPACE FOR THE CONSTRUCTION OF MEMORY AND TRUTH: REFLECTIONS FROM CAQUET\u00c1, COLOMBIAN AMAZON&#8221;.","datePublished":"2021-08-03T10:29:44+00:00","dateModified":"2021-08-09T10:32:40+00:00","mainEntityOfPage":{"@id":"https:\/\/www.gernikagogoratuz.org\/en\/forum-the-school-as-a-space-for-the-construction-of-memory-and-truth-reflections-from-caqueta-colombian-amazon\/"},"wordCount":193,"publisher":{"@id":"https:\/\/www.gernikagogoratuz.org\/en\/#organization"},"image":{"@id":"https:\/\/www.gernikagogoratuz.org\/en\/forum-the-school-as-a-space-for-the-construction-of-memory-and-truth-reflections-from-caqueta-colombian-amazon\/#primaryimage"},"thumbnailUrl":"https:\/\/www.gernikagogoratuz.org\/wp-content\/uploads\/2020\/11\/comision-verdad-2.jpg","articleSection":["Human Rights"],"inLanguage":"en-US"},{"@type":"WebPage","@id":"https:\/\/www.gernikagogoratuz.org\/en\/forum-the-school-as-a-space-for-the-construction-of-memory-and-truth-reflections-from-caqueta-colombian-amazon\/","url":"https:\/\/www.gernikagogoratuz.org\/en\/forum-the-school-as-a-space-for-the-construction-of-memory-and-truth-reflections-from-caqueta-colombian-amazon\/","name":"Gernika Gogoratuz, Centro de Investigaci\u00f3n por la Paz","isPartOf":{"@id":"https:\/\/www.gernikagogoratuz.org\/en\/#website"},"primaryImageOfPage":{"@id":"https:\/\/www.gernikagogoratuz.org\/en\/forum-the-school-as-a-space-for-the-construction-of-memory-and-truth-reflections-from-caqueta-colombian-amazon\/#primaryimage"},"image":{"@id":"https:\/\/www.gernikagogoratuz.org\/en\/forum-the-school-as-a-space-for-the-construction-of-memory-and-truth-reflections-from-caqueta-colombian-amazon\/#primaryimage"},"thumbnailUrl":"https:\/\/www.gernikagogoratuz.org\/wp-content\/uploads\/2020\/11\/comision-verdad-2.jpg","datePublished":"2021-08-03T10:29:44+00:00","dateModified":"2021-08-09T10:32:40+00:00","description":"Consulta toda la actualidad sobre jornadas, cursos y formaci\u00f3n sobre Cultura de Paz, Educaci\u00f3n por la Paz, Econom\u00eda de Paz, Antimilitarismo...","breadcrumb":{"@id":"https:\/\/www.gernikagogoratuz.org\/en\/forum-the-school-as-a-space-for-the-construction-of-memory-and-truth-reflections-from-caqueta-colombian-amazon\/#breadcrumb"},"inLanguage":"en-US","potentialAction":[{"@type":"ReadAction","target":["https:\/\/www.gernikagogoratuz.org\/en\/forum-the-school-as-a-space-for-the-construction-of-memory-and-truth-reflections-from-caqueta-colombian-amazon\/"]}]},{"@type":"ImageObject","inLanguage":"en-US","@id":"https:\/\/www.gernikagogoratuz.org\/en\/forum-the-school-as-a-space-for-the-construction-of-memory-and-truth-reflections-from-caqueta-colombian-amazon\/#primaryimage","url":"https:\/\/www.gernikagogoratuz.org\/wp-content\/uploads\/2020\/11\/comision-verdad-2.jpg","contentUrl":"https:\/\/www.gernikagogoratuz.org\/wp-content\/uploads\/2020\/11\/comision-verdad-2.jpg","width":1124,"height":618,"caption":"GERNIKA GOGORATUZ PARTICIPAR\u00c1 EN EL ACTO DE RECONOCIMIENTO A LAS V\u00cdCTIMAS EN COLOMBIA ORGANIZADO POR LA COMISI\u00d3N DE LA VERDAD"},{"@type":"BreadcrumbList","@id":"https:\/\/www.gernikagogoratuz.org\/en\/forum-the-school-as-a-space-for-the-construction-of-memory-and-truth-reflections-from-caqueta-colombian-amazon\/#breadcrumb","itemListElement":[{"@type":"ListItem","position":1,"name":"Portada","item":"https:\/\/www.gernikagogoratuz.org\/en\/"},{"@type":"ListItem","position":2,"name":"Peace culture","item":"https:\/\/www.gernikagogoratuz.org\/en\/category\/cultura-de-paz-en\/"},{"@type":"ListItem","position":3,"name":"Human Rights","item":"https:\/\/www.gernikagogoratuz.org\/en\/category\/cultura-de-paz-en\/human-rights\/"},{"@type":"ListItem","position":4,"name":"FORUM: &#8220;THE SCHOOL AS A SPACE FOR THE CONSTRUCTION OF MEMORY AND TRUTH: REFLECTIONS FROM CAQUET\u00c1, COLOMBIAN AMAZON&#8221;."}]},{"@type":"WebSite","@id":"https:\/\/www.gernikagogoratuz.org\/en\/#website","url":"https:\/\/www.gernikagogoratuz.org\/en\/","name":"Gernika Gogoratuz","description":"Centro de investigaci\u00f3n por la paz","publisher":{"@id":"https:\/\/www.gernikagogoratuz.org\/en\/#organization"},"potentialAction":[{"@type":"SearchAction","target":{"@type":"EntryPoint","urlTemplate":"https:\/\/www.gernikagogoratuz.org\/en\/?s={search_term_string}"},"query-input":{"@type":"PropertyValueSpecification","valueRequired":true,"valueName":"search_term_string"}}],"inLanguage":"en-US"},{"@type":"Organization","@id":"https:\/\/www.gernikagogoratuz.org\/en\/#organization","name":"Gernika Gogoratuz. Centro de Investigaci\u00f3n por la Paz.","url":"https:\/\/www.gernikagogoratuz.org\/en\/","logo":{"@type":"ImageObject","inLanguage":"en-US","@id":"https:\/\/www.gernikagogoratuz.org\/en\/#\/schema\/logo\/image\/","url":"https:\/\/www.gernikagogoratuz.org\/wp-content\/uploads\/2018\/10\/gernikagogoratuzogo_es.svg","contentUrl":"https:\/\/www.gernikagogoratuz.org\/wp-content\/uploads\/2018\/10\/gernikagogoratuzogo_es.svg","width":1,"height":1,"caption":"Gernika Gogoratuz. Centro de Investigaci\u00f3n por la Paz."},"image":{"@id":"https:\/\/www.gernikagogoratuz.org\/en\/#\/schema\/logo\/image\/"},"sameAs":["https:\/\/www.facebook.com\/GernikaGogoratuzFundacion","https:\/\/x.com\/GGogoratuz","https:\/\/www.youtube.com\/user\/gernikagogoratuz\/videos"]},{"@type":"Person","@id":"https:\/\/www.gernikagogoratuz.org\/en\/#\/schema\/person\/56074ce3758ecfb8417c8311e88c79c8","name":"Gernika Gogoratuz","image":{"@type":"ImageObject","inLanguage":"en-US","@id":"https:\/\/secure.gravatar.com\/avatar\/fec0f20c36775b6715813b8de1aaf669d19199d3c0cc9d7aaf3d6e34de76a8a2?s=96&d=mm&r=g","url":"https:\/\/secure.gravatar.com\/avatar\/fec0f20c36775b6715813b8de1aaf669d19199d3c0cc9d7aaf3d6e34de76a8a2?s=96&d=mm&r=g","contentUrl":"https:\/\/secure.gravatar.com\/avatar\/fec0f20c36775b6715813b8de1aaf669d19199d3c0cc9d7aaf3d6e34de76a8a2?s=96&d=mm&r=g","caption":"Gernika Gogoratuz"},"url":"https:\/\/www.gernikagogoratuz.org\/en\/author\/mariah\/"}]}},"_links":{"self":[{"href":"https:\/\/www.gernikagogoratuz.org\/en\/wp-json\/wp\/v2\/posts\/26517","targetHints":{"allow":["GET"]}}],"collection":[{"href":"https:\/\/www.gernikagogoratuz.org\/en\/wp-json\/wp\/v2\/posts"}],"about":[{"href":"https:\/\/www.gernikagogoratuz.org\/en\/wp-json\/wp\/v2\/types\/post"}],"author":[{"embeddable":true,"href":"https:\/\/www.gernikagogoratuz.org\/en\/wp-json\/wp\/v2\/users\/5"}],"replies":[{"embeddable":true,"href":"https:\/\/www.gernikagogoratuz.org\/en\/wp-json\/wp\/v2\/comments?post=26517"}],"version-history":[{"count":0,"href":"https:\/\/www.gernikagogoratuz.org\/en\/wp-json\/wp\/v2\/posts\/26517\/revisions"}],"wp:featuredmedia":[{"embeddable":true,"href":"https:\/\/www.gernikagogoratuz.org\/en\/wp-json\/wp\/v2\/media\/24769"}],"wp:attachment":[{"href":"https:\/\/www.gernikagogoratuz.org\/en\/wp-json\/wp\/v2\/media?parent=26517"}],"wp:term":[{"taxonomy":"category","embeddable":true,"href":"https:\/\/www.gernikagogoratuz.org\/en\/wp-json\/wp\/v2\/categories?post=26517"},{"taxonomy":"post_tag","embeddable":true,"href":"https:\/\/www.gernikagogoratuz.org\/en\/wp-json\/wp\/v2\/tags?post=26517"}],"curies":[{"name":"wp","href":"https:\/\/api.w.org\/{rel}","templated":true}]}}