{"id":32142,"date":"2022-11-28T11:48:10","date_gmt":"2022-11-28T10:48:10","guid":{"rendered":"https:\/\/www.gernikagogoratuz.org\/?p=32142"},"modified":"2023-02-10T11:51:32","modified_gmt":"2023-02-10T10:51:32","slug":"seminar-uncovering-the-silenced-italian-participation-in-the-spanish-civil-war","status":"publish","type":"post","link":"https:\/\/www.gernikagogoratuz.org\/en\/seminar-uncovering-the-silenced-italian-participation-in-the-spanish-civil-war\/","title":{"rendered":"SEMINAR &#8220;UNCOVERING THE SILENCED: ITALIAN PARTICIPATION IN THE SPANISH CIVIL WAR&#8221;."},"content":{"rendered":"<div class=\"wpb-content-wrapper\"><p>[vc_row][vc_column][vc_column_text]Mar\u00eda Oianguren, director of Gernika Gogoratuz, will participate in the seminar &#8220;Discovering the silenced: Italian participation in the Spanish Civil War&#8221; with the paper &#8220;Citizen diplomacy in reconciliation processes as peace pedagogical practices&#8221;. The seminar will be held at the Gernika Peace Museum from 2 to 4 December and Gernika Gogoratuz is also participating as a collaborator.<\/p>\n<p>On 2 December, Mar\u00eda Oianguren will share a table with Elena Monicelli, coordinator of the Fondaziones Scuola di Pace di Montesole, in the section dedicated to &#8220;Symbolic reconciliation and diplomacy. Examples from Gernika and Montesole&#8221;. The round table will be moderated by Iratxe Momoitio Astorkia, director of the Gernika Peace Museum.<\/p>\n<p>This seminar, which brings together experts from different parts of Spain (the Basque Country and Catalonia) and Italy, aims to begin to delve deeper into an exciting subject, creating links of knowledge and exchange, exploring the context of Italian participation in the Spanish Civil War.<\/p>\n<p>Through the presentations that will take place on 2 and 3 December 2022, some of the research carried out in recent years will be presented; the documentary treasures hidden in so many archives and documentation centres will be discovered; the legal context will be analysed and educational and artistic initiatives aimed at the younger generations will be presented.<\/p>\n<p>The seminar is organised by the Gernika Peace Museum Foundation, the Observatory of European Memories EUROM and the City Council of Granollers.[\/vc_column_text][\/vc_column][\/vc_row][vc_row][vc_column][vc_empty_space][\/vc_column][\/vc_row][vc_row][vc_column][vc_column_text]<strong>Descarga el programa<\/strong>[\/vc_column_text][vc_empty_space][\/vc_column][\/vc_row][vc_row][vc_column][vc_single_image image=&#8221;30854&#8243; img_size=&#8221;medium&#8221; onclick=&#8221;custom_link&#8221; link=&#8221;https:\/\/www.gernikagogoratuz.org\/wp-content\/uploads\/2022\/11\/DESCUBRIENDO-LO-SILENCIADO_PROGRAMA_OK_3.pdf&#8221;][\/vc_column][\/vc_row]<\/p>\n<\/div>","protected":false},"excerpt":{"rendered":"<p>[vc_row][vc_column][vc_column_text]Mar\u00eda Oianguren, director of Gernika Gogoratuz, will participate in the seminar &#8220;Discovering the silenced: Italian participation in the Spanish Civil War&#8221; with the paper &#8220;Citizen diplomacy in reconciliation processes as peace pedagogical practices&#8221;. The seminar will be held at the Gernika Peace Museum from 2 to 4 December and Gernika Gogoratuz is also participating as&#8230;<\/p>\n","protected":false},"author":5,"featured_media":30857,"comment_status":"closed","ping_status":"closed","sticky":false,"template":"","format":"standard","meta":{"inline_featured_image":false,"footnotes":""},"categories":[139],"tags":[],"class_list":["post-32142","post","type-post","status-publish","format-standard","has-post-thumbnail","hentry","category-research-for-peace"],"yoast_head":"<!-- This site is optimized with the Yoast SEO plugin v27.5 - https:\/\/yoast.com\/product\/yoast-seo-wordpress\/ -->\n<title>Gernika Gogoratuz, Centro de Investigaci\u00f3n por la Paz<\/title>\n<meta name=\"description\" content=\"Consulta toda la actualidad sobre jornadas, cursos y formaci\u00f3n sobre Cultura de Paz, Educaci\u00f3n por la Paz, Econom\u00eda de Paz, Antimilitarismo...\" \/>\n<meta name=\"robots\" content=\"index, follow, max-snippet:-1, max-image-preview:large, max-video-preview:-1\" \/>\n<link rel=\"canonical\" href=\"https:\/\/www.gernikagogoratuz.org\/en\/seminar-uncovering-the-silenced-italian-participation-in-the-spanish-civil-war\/\" \/>\n<meta property=\"og:locale\" content=\"en_US\" \/>\n<meta property=\"og:type\" content=\"article\" \/>\n<meta property=\"og:title\" content=\"Gernika Gogoratuz, Centro de Investigaci\u00f3n por la Paz\" \/>\n<meta property=\"og:description\" content=\"Consulta toda la actualidad sobre jornadas, cursos y formaci\u00f3n sobre Cultura de Paz, Educaci\u00f3n por la Paz, Econom\u00eda de Paz, Antimilitarismo...\" \/>\n<meta property=\"og:url\" content=\"https:\/\/www.gernikagogoratuz.org\/en\/seminar-uncovering-the-silenced-italian-participation-in-the-spanish-civil-war\/\" \/>\n<meta property=\"og:site_name\" content=\"Gernika Gogoratuz\" \/>\n<meta property=\"article:publisher\" content=\"https:\/\/www.facebook.com\/GernikaGogoratuzFundacion\" \/>\n<meta property=\"article:published_time\" content=\"2022-11-28T10:48:10+00:00\" \/>\n<meta property=\"article:modified_time\" content=\"2023-02-10T10:51:32+00:00\" \/>\n<meta property=\"og:image\" content=\"https:\/\/www.gernikagogoratuz.org\/wp-content\/uploads\/2022\/11\/descubriendo-silenciado.jpg\" \/>\n\t<meta property=\"og:image:width\" content=\"1124\" \/>\n\t<meta property=\"og:image:height\" content=\"618\" \/>\n\t<meta property=\"og:image:type\" content=\"image\/jpeg\" \/>\n<meta name=\"author\" content=\"Gernika Gogoratuz\" \/>\n<meta name=\"twitter:card\" content=\"summary_large_image\" \/>\n<meta name=\"twitter:creator\" content=\"@GGogoratuz\" \/>\n<meta name=\"twitter:site\" content=\"@GGogoratuz\" \/>\n<meta name=\"twitter:label1\" content=\"Written by\" \/>\n\t<meta name=\"twitter:data1\" content=\"Gernika Gogoratuz\" \/>\n\t<meta name=\"twitter:label2\" content=\"Est. reading time\" \/>\n\t<meta name=\"twitter:data2\" content=\"2 minutes\" \/>\n<script type=\"application\/ld+json\" class=\"yoast-schema-graph\">{\"@context\":\"https:\\\/\\\/schema.org\",\"@graph\":[{\"@type\":\"Article\",\"@id\":\"https:\\\/\\\/www.gernikagogoratuz.org\\\/en\\\/seminar-uncovering-the-silenced-italian-participation-in-the-spanish-civil-war\\\/#article\",\"isPartOf\":{\"@id\":\"https:\\\/\\\/www.gernikagogoratuz.org\\\/en\\\/seminar-uncovering-the-silenced-italian-participation-in-the-spanish-civil-war\\\/\"},\"author\":{\"name\":\"Gernika Gogoratuz\",\"@id\":\"https:\\\/\\\/www.gernikagogoratuz.org\\\/en\\\/#\\\/schema\\\/person\\\/56074ce3758ecfb8417c8311e88c79c8\"},\"headline\":\"SEMINAR &#8220;UNCOVERING THE SILENCED: ITALIAN PARTICIPATION IN THE SPANISH CIVIL WAR&#8221;.\",\"datePublished\":\"2022-11-28T10:48:10+00:00\",\"dateModified\":\"2023-02-10T10:51:32+00:00\",\"mainEntityOfPage\":{\"@id\":\"https:\\\/\\\/www.gernikagogoratuz.org\\\/en\\\/seminar-uncovering-the-silenced-italian-participation-in-the-spanish-civil-war\\\/\"},\"wordCount\":314,\"publisher\":{\"@id\":\"https:\\\/\\\/www.gernikagogoratuz.org\\\/en\\\/#organization\"},\"image\":{\"@id\":\"https:\\\/\\\/www.gernikagogoratuz.org\\\/en\\\/seminar-uncovering-the-silenced-italian-participation-in-the-spanish-civil-war\\\/#primaryimage\"},\"thumbnailUrl\":\"https:\\\/\\\/www.gernikagogoratuz.org\\\/wp-content\\\/uploads\\\/2022\\\/11\\\/descubriendo-silenciado.jpg\",\"articleSection\":[\"Research for peace\"],\"inLanguage\":\"en-US\"},{\"@type\":\"WebPage\",\"@id\":\"https:\\\/\\\/www.gernikagogoratuz.org\\\/en\\\/seminar-uncovering-the-silenced-italian-participation-in-the-spanish-civil-war\\\/\",\"url\":\"https:\\\/\\\/www.gernikagogoratuz.org\\\/en\\\/seminar-uncovering-the-silenced-italian-participation-in-the-spanish-civil-war\\\/\",\"name\":\"Gernika Gogoratuz, Centro de Investigaci\u00f3n por la Paz\",\"isPartOf\":{\"@id\":\"https:\\\/\\\/www.gernikagogoratuz.org\\\/en\\\/#website\"},\"primaryImageOfPage\":{\"@id\":\"https:\\\/\\\/www.gernikagogoratuz.org\\\/en\\\/seminar-uncovering-the-silenced-italian-participation-in-the-spanish-civil-war\\\/#primaryimage\"},\"image\":{\"@id\":\"https:\\\/\\\/www.gernikagogoratuz.org\\\/en\\\/seminar-uncovering-the-silenced-italian-participation-in-the-spanish-civil-war\\\/#primaryimage\"},\"thumbnailUrl\":\"https:\\\/\\\/www.gernikagogoratuz.org\\\/wp-content\\\/uploads\\\/2022\\\/11\\\/descubriendo-silenciado.jpg\",\"datePublished\":\"2022-11-28T10:48:10+00:00\",\"dateModified\":\"2023-02-10T10:51:32+00:00\",\"description\":\"Consulta toda la actualidad sobre jornadas, cursos y formaci\u00f3n sobre Cultura de Paz, Educaci\u00f3n por la Paz, Econom\u00eda de Paz, Antimilitarismo...\",\"breadcrumb\":{\"@id\":\"https:\\\/\\\/www.gernikagogoratuz.org\\\/en\\\/seminar-uncovering-the-silenced-italian-participation-in-the-spanish-civil-war\\\/#breadcrumb\"},\"inLanguage\":\"en-US\",\"potentialAction\":[{\"@type\":\"ReadAction\",\"target\":[\"https:\\\/\\\/www.gernikagogoratuz.org\\\/en\\\/seminar-uncovering-the-silenced-italian-participation-in-the-spanish-civil-war\\\/\"]}]},{\"@type\":\"ImageObject\",\"inLanguage\":\"en-US\",\"@id\":\"https:\\\/\\\/www.gernikagogoratuz.org\\\/en\\\/seminar-uncovering-the-silenced-italian-participation-in-the-spanish-civil-war\\\/#primaryimage\",\"url\":\"https:\\\/\\\/www.gernikagogoratuz.org\\\/wp-content\\\/uploads\\\/2022\\\/11\\\/descubriendo-silenciado.jpg\",\"contentUrl\":\"https:\\\/\\\/www.gernikagogoratuz.org\\\/wp-content\\\/uploads\\\/2022\\\/11\\\/descubriendo-silenciado.jpg\",\"width\":1124,\"height\":618,\"caption\":\"seminario \\\"Descubriendo lo silenciado\\\"\"},{\"@type\":\"BreadcrumbList\",\"@id\":\"https:\\\/\\\/www.gernikagogoratuz.org\\\/en\\\/seminar-uncovering-the-silenced-italian-participation-in-the-spanish-civil-war\\\/#breadcrumb\",\"itemListElement\":[{\"@type\":\"ListItem\",\"position\":1,\"name\":\"Portada\",\"item\":\"https:\\\/\\\/www.gernikagogoratuz.org\\\/en\\\/\"},{\"@type\":\"ListItem\",\"position\":2,\"name\":\"Research for peace\",\"item\":\"https:\\\/\\\/www.gernikagogoratuz.org\\\/en\\\/category\\\/research-for-peace\\\/\"},{\"@type\":\"ListItem\",\"position\":3,\"name\":\"SEMINAR \u00abUNCOVERING THE SILENCED: ITALIAN PARTICIPATION IN THE SPANISH CIVIL WAR\u00bb.\"}]},{\"@type\":\"WebSite\",\"@id\":\"https:\\\/\\\/www.gernikagogoratuz.org\\\/en\\\/#website\",\"url\":\"https:\\\/\\\/www.gernikagogoratuz.org\\\/en\\\/\",\"name\":\"Gernika Gogoratuz\",\"description\":\"Centro de investigaci\u00f3n por la paz\",\"publisher\":{\"@id\":\"https:\\\/\\\/www.gernikagogoratuz.org\\\/en\\\/#organization\"},\"potentialAction\":[{\"@type\":\"SearchAction\",\"target\":{\"@type\":\"EntryPoint\",\"urlTemplate\":\"https:\\\/\\\/www.gernikagogoratuz.org\\\/en\\\/?s={search_term_string}\"},\"query-input\":{\"@type\":\"PropertyValueSpecification\",\"valueRequired\":true,\"valueName\":\"search_term_string\"}}],\"inLanguage\":\"en-US\"},{\"@type\":\"Organization\",\"@id\":\"https:\\\/\\\/www.gernikagogoratuz.org\\\/en\\\/#organization\",\"name\":\"Gernika Gogoratuz. Centro de Investigaci\u00f3n por la Paz.\",\"url\":\"https:\\\/\\\/www.gernikagogoratuz.org\\\/en\\\/\",\"logo\":{\"@type\":\"ImageObject\",\"inLanguage\":\"en-US\",\"@id\":\"https:\\\/\\\/www.gernikagogoratuz.org\\\/en\\\/#\\\/schema\\\/logo\\\/image\\\/\",\"url\":\"https:\\\/\\\/www.gernikagogoratuz.org\\\/wp-content\\\/uploads\\\/2018\\\/10\\\/gernikagogoratuzogo_es.svg\",\"contentUrl\":\"https:\\\/\\\/www.gernikagogoratuz.org\\\/wp-content\\\/uploads\\\/2018\\\/10\\\/gernikagogoratuzogo_es.svg\",\"width\":1,\"height\":1,\"caption\":\"Gernika Gogoratuz. Centro de Investigaci\u00f3n por la Paz.\"},\"image\":{\"@id\":\"https:\\\/\\\/www.gernikagogoratuz.org\\\/en\\\/#\\\/schema\\\/logo\\\/image\\\/\"},\"sameAs\":[\"https:\\\/\\\/www.facebook.com\\\/GernikaGogoratuzFundacion\",\"https:\\\/\\\/x.com\\\/GGogoratuz\",\"https:\\\/\\\/www.youtube.com\\\/user\\\/gernikagogoratuz\\\/videos\"]},{\"@type\":\"Person\",\"@id\":\"https:\\\/\\\/www.gernikagogoratuz.org\\\/en\\\/#\\\/schema\\\/person\\\/56074ce3758ecfb8417c8311e88c79c8\",\"name\":\"Gernika Gogoratuz\",\"image\":{\"@type\":\"ImageObject\",\"inLanguage\":\"en-US\",\"@id\":\"https:\\\/\\\/secure.gravatar.com\\\/avatar\\\/fec0f20c36775b6715813b8de1aaf669d19199d3c0cc9d7aaf3d6e34de76a8a2?s=96&d=mm&r=g\",\"url\":\"https:\\\/\\\/secure.gravatar.com\\\/avatar\\\/fec0f20c36775b6715813b8de1aaf669d19199d3c0cc9d7aaf3d6e34de76a8a2?s=96&d=mm&r=g\",\"contentUrl\":\"https:\\\/\\\/secure.gravatar.com\\\/avatar\\\/fec0f20c36775b6715813b8de1aaf669d19199d3c0cc9d7aaf3d6e34de76a8a2?s=96&d=mm&r=g\",\"caption\":\"Gernika Gogoratuz\"},\"url\":\"https:\\\/\\\/www.gernikagogoratuz.org\\\/en\\\/author\\\/mariah\\\/\"}]}<\/script>\n<!-- \/ Yoast SEO plugin. -->","yoast_head_json":{"title":"Gernika Gogoratuz, Centro de Investigaci\u00f3n por la Paz","description":"Consulta toda la actualidad sobre jornadas, cursos y formaci\u00f3n sobre Cultura de Paz, Educaci\u00f3n por la Paz, Econom\u00eda de Paz, Antimilitarismo...","robots":{"index":"index","follow":"follow","max-snippet":"max-snippet:-1","max-image-preview":"max-image-preview:large","max-video-preview":"max-video-preview:-1"},"canonical":"https:\/\/www.gernikagogoratuz.org\/en\/seminar-uncovering-the-silenced-italian-participation-in-the-spanish-civil-war\/","og_locale":"en_US","og_type":"article","og_title":"Gernika Gogoratuz, Centro de Investigaci\u00f3n por la Paz","og_description":"Consulta toda la actualidad sobre jornadas, cursos y formaci\u00f3n sobre Cultura de Paz, Educaci\u00f3n por la Paz, Econom\u00eda de Paz, Antimilitarismo...","og_url":"https:\/\/www.gernikagogoratuz.org\/en\/seminar-uncovering-the-silenced-italian-participation-in-the-spanish-civil-war\/","og_site_name":"Gernika Gogoratuz","article_publisher":"https:\/\/www.facebook.com\/GernikaGogoratuzFundacion","article_published_time":"2022-11-28T10:48:10+00:00","article_modified_time":"2023-02-10T10:51:32+00:00","og_image":[{"width":1124,"height":618,"url":"https:\/\/www.gernikagogoratuz.org\/wp-content\/uploads\/2022\/11\/descubriendo-silenciado.jpg","type":"image\/jpeg"}],"author":"Gernika Gogoratuz","twitter_card":"summary_large_image","twitter_creator":"@GGogoratuz","twitter_site":"@GGogoratuz","twitter_misc":{"Written by":"Gernika Gogoratuz","Est. reading time":"2 minutes"},"schema":{"@context":"https:\/\/schema.org","@graph":[{"@type":"Article","@id":"https:\/\/www.gernikagogoratuz.org\/en\/seminar-uncovering-the-silenced-italian-participation-in-the-spanish-civil-war\/#article","isPartOf":{"@id":"https:\/\/www.gernikagogoratuz.org\/en\/seminar-uncovering-the-silenced-italian-participation-in-the-spanish-civil-war\/"},"author":{"name":"Gernika Gogoratuz","@id":"https:\/\/www.gernikagogoratuz.org\/en\/#\/schema\/person\/56074ce3758ecfb8417c8311e88c79c8"},"headline":"SEMINAR &#8220;UNCOVERING THE SILENCED: ITALIAN PARTICIPATION IN THE SPANISH CIVIL WAR&#8221;.","datePublished":"2022-11-28T10:48:10+00:00","dateModified":"2023-02-10T10:51:32+00:00","mainEntityOfPage":{"@id":"https:\/\/www.gernikagogoratuz.org\/en\/seminar-uncovering-the-silenced-italian-participation-in-the-spanish-civil-war\/"},"wordCount":314,"publisher":{"@id":"https:\/\/www.gernikagogoratuz.org\/en\/#organization"},"image":{"@id":"https:\/\/www.gernikagogoratuz.org\/en\/seminar-uncovering-the-silenced-italian-participation-in-the-spanish-civil-war\/#primaryimage"},"thumbnailUrl":"https:\/\/www.gernikagogoratuz.org\/wp-content\/uploads\/2022\/11\/descubriendo-silenciado.jpg","articleSection":["Research for peace"],"inLanguage":"en-US"},{"@type":"WebPage","@id":"https:\/\/www.gernikagogoratuz.org\/en\/seminar-uncovering-the-silenced-italian-participation-in-the-spanish-civil-war\/","url":"https:\/\/www.gernikagogoratuz.org\/en\/seminar-uncovering-the-silenced-italian-participation-in-the-spanish-civil-war\/","name":"Gernika Gogoratuz, Centro de Investigaci\u00f3n por la Paz","isPartOf":{"@id":"https:\/\/www.gernikagogoratuz.org\/en\/#website"},"primaryImageOfPage":{"@id":"https:\/\/www.gernikagogoratuz.org\/en\/seminar-uncovering-the-silenced-italian-participation-in-the-spanish-civil-war\/#primaryimage"},"image":{"@id":"https:\/\/www.gernikagogoratuz.org\/en\/seminar-uncovering-the-silenced-italian-participation-in-the-spanish-civil-war\/#primaryimage"},"thumbnailUrl":"https:\/\/www.gernikagogoratuz.org\/wp-content\/uploads\/2022\/11\/descubriendo-silenciado.jpg","datePublished":"2022-11-28T10:48:10+00:00","dateModified":"2023-02-10T10:51:32+00:00","description":"Consulta toda la actualidad sobre jornadas, cursos y formaci\u00f3n sobre Cultura de Paz, Educaci\u00f3n por la Paz, Econom\u00eda de Paz, Antimilitarismo...","breadcrumb":{"@id":"https:\/\/www.gernikagogoratuz.org\/en\/seminar-uncovering-the-silenced-italian-participation-in-the-spanish-civil-war\/#breadcrumb"},"inLanguage":"en-US","potentialAction":[{"@type":"ReadAction","target":["https:\/\/www.gernikagogoratuz.org\/en\/seminar-uncovering-the-silenced-italian-participation-in-the-spanish-civil-war\/"]}]},{"@type":"ImageObject","inLanguage":"en-US","@id":"https:\/\/www.gernikagogoratuz.org\/en\/seminar-uncovering-the-silenced-italian-participation-in-the-spanish-civil-war\/#primaryimage","url":"https:\/\/www.gernikagogoratuz.org\/wp-content\/uploads\/2022\/11\/descubriendo-silenciado.jpg","contentUrl":"https:\/\/www.gernikagogoratuz.org\/wp-content\/uploads\/2022\/11\/descubriendo-silenciado.jpg","width":1124,"height":618,"caption":"seminario \"Descubriendo lo silenciado\""},{"@type":"BreadcrumbList","@id":"https:\/\/www.gernikagogoratuz.org\/en\/seminar-uncovering-the-silenced-italian-participation-in-the-spanish-civil-war\/#breadcrumb","itemListElement":[{"@type":"ListItem","position":1,"name":"Portada","item":"https:\/\/www.gernikagogoratuz.org\/en\/"},{"@type":"ListItem","position":2,"name":"Research for peace","item":"https:\/\/www.gernikagogoratuz.org\/en\/category\/research-for-peace\/"},{"@type":"ListItem","position":3,"name":"SEMINAR \u00abUNCOVERING THE SILENCED: ITALIAN PARTICIPATION IN THE SPANISH CIVIL WAR\u00bb."}]},{"@type":"WebSite","@id":"https:\/\/www.gernikagogoratuz.org\/en\/#website","url":"https:\/\/www.gernikagogoratuz.org\/en\/","name":"Gernika Gogoratuz","description":"Centro de investigaci\u00f3n por la paz","publisher":{"@id":"https:\/\/www.gernikagogoratuz.org\/en\/#organization"},"potentialAction":[{"@type":"SearchAction","target":{"@type":"EntryPoint","urlTemplate":"https:\/\/www.gernikagogoratuz.org\/en\/?s={search_term_string}"},"query-input":{"@type":"PropertyValueSpecification","valueRequired":true,"valueName":"search_term_string"}}],"inLanguage":"en-US"},{"@type":"Organization","@id":"https:\/\/www.gernikagogoratuz.org\/en\/#organization","name":"Gernika Gogoratuz. Centro de Investigaci\u00f3n por la Paz.","url":"https:\/\/www.gernikagogoratuz.org\/en\/","logo":{"@type":"ImageObject","inLanguage":"en-US","@id":"https:\/\/www.gernikagogoratuz.org\/en\/#\/schema\/logo\/image\/","url":"https:\/\/www.gernikagogoratuz.org\/wp-content\/uploads\/2018\/10\/gernikagogoratuzogo_es.svg","contentUrl":"https:\/\/www.gernikagogoratuz.org\/wp-content\/uploads\/2018\/10\/gernikagogoratuzogo_es.svg","width":1,"height":1,"caption":"Gernika Gogoratuz. Centro de Investigaci\u00f3n por la Paz."},"image":{"@id":"https:\/\/www.gernikagogoratuz.org\/en\/#\/schema\/logo\/image\/"},"sameAs":["https:\/\/www.facebook.com\/GernikaGogoratuzFundacion","https:\/\/x.com\/GGogoratuz","https:\/\/www.youtube.com\/user\/gernikagogoratuz\/videos"]},{"@type":"Person","@id":"https:\/\/www.gernikagogoratuz.org\/en\/#\/schema\/person\/56074ce3758ecfb8417c8311e88c79c8","name":"Gernika Gogoratuz","image":{"@type":"ImageObject","inLanguage":"en-US","@id":"https:\/\/secure.gravatar.com\/avatar\/fec0f20c36775b6715813b8de1aaf669d19199d3c0cc9d7aaf3d6e34de76a8a2?s=96&d=mm&r=g","url":"https:\/\/secure.gravatar.com\/avatar\/fec0f20c36775b6715813b8de1aaf669d19199d3c0cc9d7aaf3d6e34de76a8a2?s=96&d=mm&r=g","contentUrl":"https:\/\/secure.gravatar.com\/avatar\/fec0f20c36775b6715813b8de1aaf669d19199d3c0cc9d7aaf3d6e34de76a8a2?s=96&d=mm&r=g","caption":"Gernika Gogoratuz"},"url":"https:\/\/www.gernikagogoratuz.org\/en\/author\/mariah\/"}]}},"_links":{"self":[{"href":"https:\/\/www.gernikagogoratuz.org\/en\/wp-json\/wp\/v2\/posts\/32142","targetHints":{"allow":["GET"]}}],"collection":[{"href":"https:\/\/www.gernikagogoratuz.org\/en\/wp-json\/wp\/v2\/posts"}],"about":[{"href":"https:\/\/www.gernikagogoratuz.org\/en\/wp-json\/wp\/v2\/types\/post"}],"author":[{"embeddable":true,"href":"https:\/\/www.gernikagogoratuz.org\/en\/wp-json\/wp\/v2\/users\/5"}],"replies":[{"embeddable":true,"href":"https:\/\/www.gernikagogoratuz.org\/en\/wp-json\/wp\/v2\/comments?post=32142"}],"version-history":[{"count":2,"href":"https:\/\/www.gernikagogoratuz.org\/en\/wp-json\/wp\/v2\/posts\/32142\/revisions"}],"predecessor-version":[{"id":32144,"href":"https:\/\/www.gernikagogoratuz.org\/en\/wp-json\/wp\/v2\/posts\/32142\/revisions\/32144"}],"wp:featuredmedia":[{"embeddable":true,"href":"https:\/\/www.gernikagogoratuz.org\/en\/wp-json\/wp\/v2\/media\/30857"}],"wp:attachment":[{"href":"https:\/\/www.gernikagogoratuz.org\/en\/wp-json\/wp\/v2\/media?parent=32142"}],"wp:term":[{"taxonomy":"category","embeddable":true,"href":"https:\/\/www.gernikagogoratuz.org\/en\/wp-json\/wp\/v2\/categories?post=32142"},{"taxonomy":"post_tag","embeddable":true,"href":"https:\/\/www.gernikagogoratuz.org\/en\/wp-json\/wp\/v2\/tags?post=32142"}],"curies":[{"name":"wp","href":"https:\/\/api.w.org\/{rel}","templated":true}]}}