{"id":32253,"date":"2021-04-09T12:38:41","date_gmt":"2021-04-09T11:38:41","guid":{"rendered":"https:\/\/www.gernikagogoratuz.org\/?p=32253"},"modified":"2023-02-14T12:45:15","modified_gmt":"2023-02-14T11:45:15","slug":"32253","status":"publish","type":"post","link":"https:\/\/www.gernikagogoratuz.org\/en\/32253\/","title":{"rendered":""},"content":{"rendered":"<div class=\"wpb-content-wrapper\"><p>[vc_row][vc_column][vc_column_text]<\/p>\n<h6>Image source: LUSA<\/h6>\n<p>[\/vc_column_text][vc_empty_space][\/vc_column][\/vc_row][vc_row][vc_column][vc_column_text]&#8221;In view of the escalation of the conflict after the attack on the village of Palma last March, and at the request of Forum Mulher (Mozambique), organisations from the Iberian Peninsula adhere to this manifesto of solidarity with Cabo Delgado.<\/p>\n<p>We call on the authorities to put an end to this war and to guarantee the return of displaced people, particularly women and children, to their homes, and that their voices, knowledge and participation are taken into account in all decision-making processes to end the violence and build peaceful coexistence.<\/p>\n<p>[\/vc_column_text][vc_empty_space][\/vc_column][\/vc_row][vc_row][vc_column]<a itemprop=\"url\" href=\"https:\/\/www.gernikagogoratuz.org\/wp-content\/uploads\/2021\/04\/Carta-para-MZ-09042021.pdf\" target=\"_self\"  class=\"edgtf-btn edgtf-btn-medium edgtf-btn-solid\"  >\n\t<span class=\"edgtf-btn-text\">Manifiest<\/span>\n    <\/a>[vc_empty_space][\/vc_column][\/vc_row][vc_row][vc_column][vc_column_text]As of 9 April 2021, the signatory organisations are:[\/vc_column_text][\/vc_column][\/vc_row][vc_row][vc_column][vc_empty_space][vc_column_text]Spanish State<\/p>\n<p>GERNIKA GOGORATUZ<br \/>\n<a href=\"https:\/\/gernikatikmundura.wordpress.com\/\" target=\"_blank\" rel=\"noopener noreferrer\">GERNIKATIK MUNDURA. ONGD.<\/a><br \/>\n<a href=\"https:\/\/bizilur.eus\/es\/\" target=\"_blank\" rel=\"noopener noreferrer\">BIZILUR<\/a>\u00a0Association for the Cooperation and Development of Peoples.<br \/>\n<a href=\"http:\/\/www.euskadicuba.org\/\" target=\"_blank\" rel=\"noopener noreferrer\">ASOCIACI\u00d3N EUSKADI-CUBA<\/a><br \/>\n<a href=\"https:\/\/www.lumaltik.org\/\" target=\"_blank\" rel=\"noopener noreferrer\">LUMALTIK HERRIAK<\/a><br \/>\n<a href=\"https:\/\/www.mugarikgabe.org\/es\/\" target=\"_blank\" rel=\"noopener noreferrer\">MUGARIK GABE<\/a><br \/>\n<a href=\"https:\/\/www.pazcondignidad.org\/\" target=\"_blank\" rel=\"noopener noreferrer\">PAZ CON DIGNIDAD<\/a><br \/>\n<a href=\"https:\/\/www.mundubat.org\/\" target=\"_blank\" rel=\"noopener noreferrer\">MUNDUBAT<\/a><br \/>\nMembers of the ELKARTASUNA ERALDATUZ Platform for Critical Cooperation.<br \/>\n<a href=\"https:\/\/aipaz.org\/centros-aipaz\/\" target=\"_blank\" rel=\"noopener noreferrer\">AIPAZ<\/a> (Spanish Peace Research Association), which brings together 25 organisations.<br \/>\n<a href=\"http:\/\/grupodeestudiosafricanos.org\/\" target=\"_blank\" rel=\"noopener noreferrer\">GEA\/UAM<\/a> (African Studies Group\/University Autonomous University of Madrid)[\/vc_column_text][vc_empty_space][\/vc_column][\/vc_row][vc_row][vc_column][vc_column_text]<\/p>\n<div class=\"page\" title=\"Page 4\">\n<div class=\"layoutArea\">\n<div class=\"column\">\n<p><strong>Estado Portugue\u0302s<\/strong><\/p>\n<p>ACF &#8211; Associac\u0327a\u0303o contra o Femici\u0301dio<br \/>\nAssociac\u0327a\u0303o igualdade.pt<br \/>\nAkto &#8211; Direitos Humanos e Democracia<br \/>\nAMCV &#8211; Associac\u0327a\u0303o de Mulheres contra a Viole\u0302ncia<br \/>\nAnimar &#8211; Associac\u0327a\u0303o Portuguesa para o Desenvolvimento Local<br \/>\nAPDMGP &#8211; Associac\u0327a\u0303o Portuguesa pelos Direitos da Mulher na Gravidez e Parto APEM &#8211; Associac\u0327a\u0303o Portuguesa de Estudos sobre as Mulheres<br \/>\nAssociac\u0327a\u0303o EcoGerminar<br \/>\nAssociac\u0327a\u0303o Espac\u0327os &#8211; Projetos Alternativos de Mulheres e Homens Associac\u0327a\u0303o Mulheres sem Fronteiras<br \/>\nBrigada Antifacista Fernanda Mateus<br \/>\nCasa da Esquina<br \/>\nColectivo Ma\u0303es Feministas de Coimbra<br \/>\nCooLabora, CRL<br \/>\nFEM &#8211; Feministas Em Movimento<br \/>\nGraal<br \/>\nGrupo de Trabalho Ecologias Feministas de Saberes<br \/>\nHeForShe Portugal<br \/>\nHumaniza Coletivo Feminista<br \/>\nMovimento do Centro pela Justic\u0327a Ambiental<br \/>\nMulheres na Arquitectura<br \/>\nNascer em Coimbra<br \/>\nNu\u0301cleo Antirracista de Coimbra<br \/>\nOpus Diversidades<br \/>\nPlataforma Portuguesa para os Direitos das Mulheres (PpDM) Repu\u0301blica Marias do Loureiro<br \/>\nRepu\u0301blica Rosa Luxemburgo<br \/>\nRepu\u0301blica Solar des Kapa\u0308ngas<br \/>\nSaMaNe &#8211; Sau\u0301de das Ma\u0303es Negras<br \/>\nSecc\u0327a\u0303o de Defesa De Direito Humanos AAC<br \/>\nSEIES &#8211; Sociedade de Estudos e Intervenc\u0327a\u0303o em Engenharia Social, Crl Slam das Minas Coimbra<br \/>\nUMAR &#8211; Unia\u0303o de Mulheres Alternativa e Resposta<\/p>\n<p><strong>Individuais<\/strong><\/p>\n<p>Ana Sofia Fernandes, membro do Grupo de Refere\u0302ncia Mundial da Sociedade Civil da Spotlight, Iniciativa da UE\/ONU para acabar com a viole\u0302ncia contra as mulheres e raparigas ate\u0301 2030<br \/>\nCarla Cerqueira, docente universita\u0301ria, investigadora e ativista feminista<br \/>\nCristina Maria Coimbra Vieira, PhD, Professora Associada\/Associate Professor Emiliana Maria Diniz Marques<br \/>\nEunice Gonc\u0327alves Duarte<br \/>\nJose\u0301 Joa\u0303o Rodrigues<br \/>\nMarcela Ucho\u0302a<br \/>\nMarco Domingues<br \/>\nMaria Neto da Cruz Leita\u0303o, Especialista em Sau\u0301de Materna e Obstetri\u0301cia, Professora Ma\u0301rio Montez<br \/>\nPaula Machava<br \/>\nSandra Silvestre<br \/>\nTeresa Cunha<br \/>\nVa\u0302nia Ribeirinho Alves<\/p>\n<\/div>\n<\/div>\n<\/div>\n<p>[\/vc_column_text][\/vc_column][\/vc_row]<\/p>\n<\/div>","protected":false},"excerpt":{"rendered":"<p>[vc_row][vc_column][vc_column_text] Image source: LUSA [\/vc_column_text][vc_empty_space][\/vc_column][\/vc_row][vc_row][vc_column][vc_column_text]&#8221;In view of the escalation of the conflict after the attack on the village of Palma last March, and at the request of Forum Mulher (Mozambique), organisations from the Iberian Peninsula adhere to this manifesto of solidarity with Cabo Delgado. We call on the authorities to put an end to this&#8230;<\/p>\n","protected":false},"author":5,"featured_media":25845,"comment_status":"closed","ping_status":"closed","sticky":false,"template":"","format":"standard","meta":{"inline_featured_image":false,"footnotes":""},"categories":[321,217],"tags":[],"class_list":["post-32253","post","type-post","status-publish","format-standard","has-post-thumbnail","hentry","category-human-rights","category-territories-in-conflict"],"yoast_head":"<!-- This site is optimized with the Yoast SEO plugin v27.4 - https:\/\/yoast.com\/product\/yoast-seo-wordpress\/ -->\n<title>Gernika Gogoratuz, Centro de Investigaci\u00f3n por la Paz<\/title>\n<meta name=\"description\" content=\"Consulta toda la actualidad sobre jornadas, cursos y formaci\u00f3n sobre Cultura de Paz, Educaci\u00f3n por la Paz, Econom\u00eda de Paz, Antimilitarismo...\" \/>\n<meta name=\"robots\" content=\"index, follow, max-snippet:-1, max-image-preview:large, max-video-preview:-1\" \/>\n<link rel=\"canonical\" href=\"https:\/\/www.gernikagogoratuz.org\/en\/32253\/\" \/>\n<meta property=\"og:locale\" content=\"en_US\" \/>\n<meta property=\"og:type\" content=\"article\" \/>\n<meta property=\"og:title\" content=\"Gernika Gogoratuz, Centro de Investigaci\u00f3n por la Paz\" \/>\n<meta property=\"og:description\" content=\"Consulta toda la actualidad sobre jornadas, cursos y formaci\u00f3n sobre Cultura de Paz, Educaci\u00f3n por la Paz, Econom\u00eda de Paz, Antimilitarismo...\" \/>\n<meta property=\"og:url\" content=\"https:\/\/www.gernikagogoratuz.org\/en\/32253\/\" \/>\n<meta property=\"og:site_name\" content=\"Gernika Gogoratuz\" \/>\n<meta property=\"article:publisher\" content=\"https:\/\/www.facebook.com\/GernikaGogoratuzFundacion\" \/>\n<meta property=\"article:published_time\" content=\"2021-04-09T11:38:41+00:00\" \/>\n<meta property=\"article:modified_time\" content=\"2023-02-14T11:45:15+00:00\" \/>\n<meta property=\"og:image\" content=\"https:\/\/www.gernikagogoratuz.org\/wp-content\/uploads\/2021\/04\/cabo-delgado.jpg\" \/>\n\t<meta property=\"og:image:width\" content=\"1124\" \/>\n\t<meta property=\"og:image:height\" content=\"618\" \/>\n\t<meta property=\"og:image:type\" content=\"image\/jpeg\" \/>\n<meta name=\"author\" content=\"Gernika Gogoratuz\" \/>\n<meta name=\"twitter:card\" content=\"summary_large_image\" \/>\n<meta name=\"twitter:creator\" content=\"@GGogoratuz\" \/>\n<meta name=\"twitter:site\" content=\"@GGogoratuz\" \/>\n<meta name=\"twitter:label1\" content=\"Written by\" \/>\n\t<meta name=\"twitter:data1\" content=\"Gernika Gogoratuz\" \/>\n\t<meta name=\"twitter:label2\" content=\"Est. reading time\" \/>\n\t<meta name=\"twitter:data2\" content=\"2 minutes\" \/>\n<script type=\"application\/ld+json\" class=\"yoast-schema-graph\">{\"@context\":\"https:\\\/\\\/schema.org\",\"@graph\":[{\"@type\":\"Article\",\"@id\":\"https:\\\/\\\/www.gernikagogoratuz.org\\\/en\\\/32253\\\/#article\",\"isPartOf\":{\"@id\":\"https:\\\/\\\/www.gernikagogoratuz.org\\\/en\\\/32253\\\/\"},\"author\":{\"name\":\"Gernika Gogoratuz\",\"@id\":\"https:\\\/\\\/www.gernikagogoratuz.org\\\/en\\\/#\\\/schema\\\/person\\\/56074ce3758ecfb8417c8311e88c79c8\"},\"headline\":\"No title\",\"datePublished\":\"2021-04-09T11:38:41+00:00\",\"dateModified\":\"2023-02-14T11:45:15+00:00\",\"mainEntityOfPage\":{\"@id\":\"https:\\\/\\\/www.gernikagogoratuz.org\\\/en\\\/32253\\\/\"},\"wordCount\":574,\"publisher\":{\"@id\":\"https:\\\/\\\/www.gernikagogoratuz.org\\\/en\\\/#organization\"},\"image\":{\"@id\":\"https:\\\/\\\/www.gernikagogoratuz.org\\\/en\\\/32253\\\/#primaryimage\"},\"thumbnailUrl\":\"https:\\\/\\\/www.gernikagogoratuz.org\\\/wp-content\\\/uploads\\\/2021\\\/04\\\/cabo-delgado.jpg\",\"articleSection\":[\"Human Rights\",\"Territories in conflict\"],\"inLanguage\":\"en-US\"},{\"@type\":\"WebPage\",\"@id\":\"https:\\\/\\\/www.gernikagogoratuz.org\\\/en\\\/32253\\\/\",\"url\":\"https:\\\/\\\/www.gernikagogoratuz.org\\\/en\\\/32253\\\/\",\"name\":\"Gernika Gogoratuz, Centro de Investigaci\u00f3n por la Paz\",\"isPartOf\":{\"@id\":\"https:\\\/\\\/www.gernikagogoratuz.org\\\/en\\\/#website\"},\"primaryImageOfPage\":{\"@id\":\"https:\\\/\\\/www.gernikagogoratuz.org\\\/en\\\/32253\\\/#primaryimage\"},\"image\":{\"@id\":\"https:\\\/\\\/www.gernikagogoratuz.org\\\/en\\\/32253\\\/#primaryimage\"},\"thumbnailUrl\":\"https:\\\/\\\/www.gernikagogoratuz.org\\\/wp-content\\\/uploads\\\/2021\\\/04\\\/cabo-delgado.jpg\",\"datePublished\":\"2021-04-09T11:38:41+00:00\",\"dateModified\":\"2023-02-14T11:45:15+00:00\",\"description\":\"Consulta toda la actualidad sobre jornadas, cursos y formaci\u00f3n sobre Cultura de Paz, Educaci\u00f3n por la Paz, Econom\u00eda de Paz, Antimilitarismo...\",\"breadcrumb\":{\"@id\":\"https:\\\/\\\/www.gernikagogoratuz.org\\\/en\\\/32253\\\/#breadcrumb\"},\"inLanguage\":\"en-US\",\"potentialAction\":[{\"@type\":\"ReadAction\",\"target\":[\"https:\\\/\\\/www.gernikagogoratuz.org\\\/en\\\/32253\\\/\"]}]},{\"@type\":\"ImageObject\",\"inLanguage\":\"en-US\",\"@id\":\"https:\\\/\\\/www.gernikagogoratuz.org\\\/en\\\/32253\\\/#primaryimage\",\"url\":\"https:\\\/\\\/www.gernikagogoratuz.org\\\/wp-content\\\/uploads\\\/2021\\\/04\\\/cabo-delgado.jpg\",\"contentUrl\":\"https:\\\/\\\/www.gernikagogoratuz.org\\\/wp-content\\\/uploads\\\/2021\\\/04\\\/cabo-delgado.jpg\",\"width\":1124,\"height\":618,\"caption\":\"LLAMAMIENTO DE ORGANIZACIONES DE LA PEN\u00cdNSULA IB\u00c9RICA PARA EL FIN DE GUERRA EN MOZAMBIQUE\"},{\"@type\":\"BreadcrumbList\",\"@id\":\"https:\\\/\\\/www.gernikagogoratuz.org\\\/en\\\/32253\\\/#breadcrumb\",\"itemListElement\":[{\"@type\":\"ListItem\",\"position\":1,\"name\":\"Portada\",\"item\":\"https:\\\/\\\/www.gernikagogoratuz.org\\\/en\\\/\"},{\"@type\":\"ListItem\",\"position\":2,\"name\":\"Peace culture\",\"item\":\"https:\\\/\\\/www.gernikagogoratuz.org\\\/en\\\/category\\\/cultura-de-paz-en\\\/\"},{\"@type\":\"ListItem\",\"position\":3,\"name\":\"Human Rights\",\"item\":\"https:\\\/\\\/www.gernikagogoratuz.org\\\/en\\\/category\\\/cultura-de-paz-en\\\/human-rights\\\/\"}]},{\"@type\":\"WebSite\",\"@id\":\"https:\\\/\\\/www.gernikagogoratuz.org\\\/en\\\/#website\",\"url\":\"https:\\\/\\\/www.gernikagogoratuz.org\\\/en\\\/\",\"name\":\"Gernika Gogoratuz\",\"description\":\"Centro de investigaci\u00f3n por la paz\",\"publisher\":{\"@id\":\"https:\\\/\\\/www.gernikagogoratuz.org\\\/en\\\/#organization\"},\"potentialAction\":[{\"@type\":\"SearchAction\",\"target\":{\"@type\":\"EntryPoint\",\"urlTemplate\":\"https:\\\/\\\/www.gernikagogoratuz.org\\\/en\\\/?s={search_term_string}\"},\"query-input\":{\"@type\":\"PropertyValueSpecification\",\"valueRequired\":true,\"valueName\":\"search_term_string\"}}],\"inLanguage\":\"en-US\"},{\"@type\":\"Organization\",\"@id\":\"https:\\\/\\\/www.gernikagogoratuz.org\\\/en\\\/#organization\",\"name\":\"Gernika Gogoratuz. Centro de Investigaci\u00f3n por la Paz.\",\"url\":\"https:\\\/\\\/www.gernikagogoratuz.org\\\/en\\\/\",\"logo\":{\"@type\":\"ImageObject\",\"inLanguage\":\"en-US\",\"@id\":\"https:\\\/\\\/www.gernikagogoratuz.org\\\/en\\\/#\\\/schema\\\/logo\\\/image\\\/\",\"url\":\"https:\\\/\\\/www.gernikagogoratuz.org\\\/wp-content\\\/uploads\\\/2018\\\/10\\\/gernikagogoratuzogo_es.svg\",\"contentUrl\":\"https:\\\/\\\/www.gernikagogoratuz.org\\\/wp-content\\\/uploads\\\/2018\\\/10\\\/gernikagogoratuzogo_es.svg\",\"width\":1,\"height\":1,\"caption\":\"Gernika Gogoratuz. Centro de Investigaci\u00f3n por la Paz.\"},\"image\":{\"@id\":\"https:\\\/\\\/www.gernikagogoratuz.org\\\/en\\\/#\\\/schema\\\/logo\\\/image\\\/\"},\"sameAs\":[\"https:\\\/\\\/www.facebook.com\\\/GernikaGogoratuzFundacion\",\"https:\\\/\\\/x.com\\\/GGogoratuz\",\"https:\\\/\\\/www.youtube.com\\\/user\\\/gernikagogoratuz\\\/videos\"]},{\"@type\":\"Person\",\"@id\":\"https:\\\/\\\/www.gernikagogoratuz.org\\\/en\\\/#\\\/schema\\\/person\\\/56074ce3758ecfb8417c8311e88c79c8\",\"name\":\"Gernika Gogoratuz\",\"image\":{\"@type\":\"ImageObject\",\"inLanguage\":\"en-US\",\"@id\":\"https:\\\/\\\/secure.gravatar.com\\\/avatar\\\/fec0f20c36775b6715813b8de1aaf669d19199d3c0cc9d7aaf3d6e34de76a8a2?s=96&d=mm&r=g\",\"url\":\"https:\\\/\\\/secure.gravatar.com\\\/avatar\\\/fec0f20c36775b6715813b8de1aaf669d19199d3c0cc9d7aaf3d6e34de76a8a2?s=96&d=mm&r=g\",\"contentUrl\":\"https:\\\/\\\/secure.gravatar.com\\\/avatar\\\/fec0f20c36775b6715813b8de1aaf669d19199d3c0cc9d7aaf3d6e34de76a8a2?s=96&d=mm&r=g\",\"caption\":\"Gernika Gogoratuz\"},\"url\":\"https:\\\/\\\/www.gernikagogoratuz.org\\\/en\\\/author\\\/mariah\\\/\"}]}<\/script>\n<!-- \/ Yoast SEO plugin. -->","yoast_head_json":{"title":"Gernika Gogoratuz, Centro de Investigaci\u00f3n por la Paz","description":"Consulta toda la actualidad sobre jornadas, cursos y formaci\u00f3n sobre Cultura de Paz, Educaci\u00f3n por la Paz, Econom\u00eda de Paz, Antimilitarismo...","robots":{"index":"index","follow":"follow","max-snippet":"max-snippet:-1","max-image-preview":"max-image-preview:large","max-video-preview":"max-video-preview:-1"},"canonical":"https:\/\/www.gernikagogoratuz.org\/en\/32253\/","og_locale":"en_US","og_type":"article","og_title":"Gernika Gogoratuz, Centro de Investigaci\u00f3n por la Paz","og_description":"Consulta toda la actualidad sobre jornadas, cursos y formaci\u00f3n sobre Cultura de Paz, Educaci\u00f3n por la Paz, Econom\u00eda de Paz, Antimilitarismo...","og_url":"https:\/\/www.gernikagogoratuz.org\/en\/32253\/","og_site_name":"Gernika Gogoratuz","article_publisher":"https:\/\/www.facebook.com\/GernikaGogoratuzFundacion","article_published_time":"2021-04-09T11:38:41+00:00","article_modified_time":"2023-02-14T11:45:15+00:00","og_image":[{"width":1124,"height":618,"url":"https:\/\/www.gernikagogoratuz.org\/wp-content\/uploads\/2021\/04\/cabo-delgado.jpg","type":"image\/jpeg"}],"author":"Gernika Gogoratuz","twitter_card":"summary_large_image","twitter_creator":"@GGogoratuz","twitter_site":"@GGogoratuz","twitter_misc":{"Written by":"Gernika Gogoratuz","Est. reading time":"2 minutes"},"schema":{"@context":"https:\/\/schema.org","@graph":[{"@type":"Article","@id":"https:\/\/www.gernikagogoratuz.org\/en\/32253\/#article","isPartOf":{"@id":"https:\/\/www.gernikagogoratuz.org\/en\/32253\/"},"author":{"name":"Gernika Gogoratuz","@id":"https:\/\/www.gernikagogoratuz.org\/en\/#\/schema\/person\/56074ce3758ecfb8417c8311e88c79c8"},"headline":"No title","datePublished":"2021-04-09T11:38:41+00:00","dateModified":"2023-02-14T11:45:15+00:00","mainEntityOfPage":{"@id":"https:\/\/www.gernikagogoratuz.org\/en\/32253\/"},"wordCount":574,"publisher":{"@id":"https:\/\/www.gernikagogoratuz.org\/en\/#organization"},"image":{"@id":"https:\/\/www.gernikagogoratuz.org\/en\/32253\/#primaryimage"},"thumbnailUrl":"https:\/\/www.gernikagogoratuz.org\/wp-content\/uploads\/2021\/04\/cabo-delgado.jpg","articleSection":["Human Rights","Territories in conflict"],"inLanguage":"en-US"},{"@type":"WebPage","@id":"https:\/\/www.gernikagogoratuz.org\/en\/32253\/","url":"https:\/\/www.gernikagogoratuz.org\/en\/32253\/","name":"Gernika Gogoratuz, Centro de Investigaci\u00f3n por la Paz","isPartOf":{"@id":"https:\/\/www.gernikagogoratuz.org\/en\/#website"},"primaryImageOfPage":{"@id":"https:\/\/www.gernikagogoratuz.org\/en\/32253\/#primaryimage"},"image":{"@id":"https:\/\/www.gernikagogoratuz.org\/en\/32253\/#primaryimage"},"thumbnailUrl":"https:\/\/www.gernikagogoratuz.org\/wp-content\/uploads\/2021\/04\/cabo-delgado.jpg","datePublished":"2021-04-09T11:38:41+00:00","dateModified":"2023-02-14T11:45:15+00:00","description":"Consulta toda la actualidad sobre jornadas, cursos y formaci\u00f3n sobre Cultura de Paz, Educaci\u00f3n por la Paz, Econom\u00eda de Paz, Antimilitarismo...","breadcrumb":{"@id":"https:\/\/www.gernikagogoratuz.org\/en\/32253\/#breadcrumb"},"inLanguage":"en-US","potentialAction":[{"@type":"ReadAction","target":["https:\/\/www.gernikagogoratuz.org\/en\/32253\/"]}]},{"@type":"ImageObject","inLanguage":"en-US","@id":"https:\/\/www.gernikagogoratuz.org\/en\/32253\/#primaryimage","url":"https:\/\/www.gernikagogoratuz.org\/wp-content\/uploads\/2021\/04\/cabo-delgado.jpg","contentUrl":"https:\/\/www.gernikagogoratuz.org\/wp-content\/uploads\/2021\/04\/cabo-delgado.jpg","width":1124,"height":618,"caption":"LLAMAMIENTO DE ORGANIZACIONES DE LA PEN\u00cdNSULA IB\u00c9RICA PARA EL FIN DE GUERRA EN MOZAMBIQUE"},{"@type":"BreadcrumbList","@id":"https:\/\/www.gernikagogoratuz.org\/en\/32253\/#breadcrumb","itemListElement":[{"@type":"ListItem","position":1,"name":"Portada","item":"https:\/\/www.gernikagogoratuz.org\/en\/"},{"@type":"ListItem","position":2,"name":"Peace culture","item":"https:\/\/www.gernikagogoratuz.org\/en\/category\/cultura-de-paz-en\/"},{"@type":"ListItem","position":3,"name":"Human Rights","item":"https:\/\/www.gernikagogoratuz.org\/en\/category\/cultura-de-paz-en\/human-rights\/"}]},{"@type":"WebSite","@id":"https:\/\/www.gernikagogoratuz.org\/en\/#website","url":"https:\/\/www.gernikagogoratuz.org\/en\/","name":"Gernika Gogoratuz","description":"Centro de investigaci\u00f3n por la paz","publisher":{"@id":"https:\/\/www.gernikagogoratuz.org\/en\/#organization"},"potentialAction":[{"@type":"SearchAction","target":{"@type":"EntryPoint","urlTemplate":"https:\/\/www.gernikagogoratuz.org\/en\/?s={search_term_string}"},"query-input":{"@type":"PropertyValueSpecification","valueRequired":true,"valueName":"search_term_string"}}],"inLanguage":"en-US"},{"@type":"Organization","@id":"https:\/\/www.gernikagogoratuz.org\/en\/#organization","name":"Gernika Gogoratuz. Centro de Investigaci\u00f3n por la Paz.","url":"https:\/\/www.gernikagogoratuz.org\/en\/","logo":{"@type":"ImageObject","inLanguage":"en-US","@id":"https:\/\/www.gernikagogoratuz.org\/en\/#\/schema\/logo\/image\/","url":"https:\/\/www.gernikagogoratuz.org\/wp-content\/uploads\/2018\/10\/gernikagogoratuzogo_es.svg","contentUrl":"https:\/\/www.gernikagogoratuz.org\/wp-content\/uploads\/2018\/10\/gernikagogoratuzogo_es.svg","width":1,"height":1,"caption":"Gernika Gogoratuz. Centro de Investigaci\u00f3n por la Paz."},"image":{"@id":"https:\/\/www.gernikagogoratuz.org\/en\/#\/schema\/logo\/image\/"},"sameAs":["https:\/\/www.facebook.com\/GernikaGogoratuzFundacion","https:\/\/x.com\/GGogoratuz","https:\/\/www.youtube.com\/user\/gernikagogoratuz\/videos"]},{"@type":"Person","@id":"https:\/\/www.gernikagogoratuz.org\/en\/#\/schema\/person\/56074ce3758ecfb8417c8311e88c79c8","name":"Gernika Gogoratuz","image":{"@type":"ImageObject","inLanguage":"en-US","@id":"https:\/\/secure.gravatar.com\/avatar\/fec0f20c36775b6715813b8de1aaf669d19199d3c0cc9d7aaf3d6e34de76a8a2?s=96&d=mm&r=g","url":"https:\/\/secure.gravatar.com\/avatar\/fec0f20c36775b6715813b8de1aaf669d19199d3c0cc9d7aaf3d6e34de76a8a2?s=96&d=mm&r=g","contentUrl":"https:\/\/secure.gravatar.com\/avatar\/fec0f20c36775b6715813b8de1aaf669d19199d3c0cc9d7aaf3d6e34de76a8a2?s=96&d=mm&r=g","caption":"Gernika Gogoratuz"},"url":"https:\/\/www.gernikagogoratuz.org\/en\/author\/mariah\/"}]}},"_links":{"self":[{"href":"https:\/\/www.gernikagogoratuz.org\/en\/wp-json\/wp\/v2\/posts\/32253","targetHints":{"allow":["GET"]}}],"collection":[{"href":"https:\/\/www.gernikagogoratuz.org\/en\/wp-json\/wp\/v2\/posts"}],"about":[{"href":"https:\/\/www.gernikagogoratuz.org\/en\/wp-json\/wp\/v2\/types\/post"}],"author":[{"embeddable":true,"href":"https:\/\/www.gernikagogoratuz.org\/en\/wp-json\/wp\/v2\/users\/5"}],"replies":[{"embeddable":true,"href":"https:\/\/www.gernikagogoratuz.org\/en\/wp-json\/wp\/v2\/comments?post=32253"}],"version-history":[{"count":1,"href":"https:\/\/www.gernikagogoratuz.org\/en\/wp-json\/wp\/v2\/posts\/32253\/revisions"}],"predecessor-version":[{"id":32254,"href":"https:\/\/www.gernikagogoratuz.org\/en\/wp-json\/wp\/v2\/posts\/32253\/revisions\/32254"}],"wp:featuredmedia":[{"embeddable":true,"href":"https:\/\/www.gernikagogoratuz.org\/en\/wp-json\/wp\/v2\/media\/25845"}],"wp:attachment":[{"href":"https:\/\/www.gernikagogoratuz.org\/en\/wp-json\/wp\/v2\/media?parent=32253"}],"wp:term":[{"taxonomy":"category","embeddable":true,"href":"https:\/\/www.gernikagogoratuz.org\/en\/wp-json\/wp\/v2\/categories?post=32253"},{"taxonomy":"post_tag","embeddable":true,"href":"https:\/\/www.gernikagogoratuz.org\/en\/wp-json\/wp\/v2\/tags?post=32253"}],"curies":[{"name":"wp","href":"https:\/\/api.w.org\/{rel}","templated":true}]}}