{"id":32324,"date":"2019-09-19T12:20:59","date_gmt":"2019-09-19T11:20:59","guid":{"rendered":"https:\/\/www.gernikagogoratuz.org\/?p=32324"},"modified":"2023-02-15T12:23:41","modified_gmt":"2023-02-15T11:23:41","slug":"himmelstausch-exchange-of-skies-the-berlin-sky-flies-over-the-sky-of-gernika","status":"publish","type":"post","link":"https:\/\/www.gernikagogoratuz.org\/en\/himmelstausch-exchange-of-skies-the-berlin-sky-flies-over-the-sky-of-gernika\/","title":{"rendered":"HIMMELSTAUSCH &#8211; EXCHANGE OF SKIES The Berlin sky flies over the sky of Gernika"},"content":{"rendered":"<div class=\"wpb-content-wrapper\"><p>[vc_row][vc_column][vc_column_text]<\/p>\n<p><img loading=\"lazy\" decoding=\"async\" class=\"alignnone size-full wp-image-21958\" src=\"https:\/\/www.gernikagogoratuz.org\/wp-content\/uploads\/2019\/09\/Bannerstart_in_Oteo_k2.jpg\" alt=\"\" width=\"1299\" height=\"840\" srcset=\"https:\/\/www.gernikagogoratuz.org\/wp-content\/uploads\/2019\/09\/Bannerstart_in_Oteo_k2.jpg 1299w, https:\/\/www.gernikagogoratuz.org\/wp-content\/uploads\/2019\/09\/Bannerstart_in_Oteo_k2-300x194.jpg 300w, https:\/\/www.gernikagogoratuz.org\/wp-content\/uploads\/2019\/09\/Bannerstart_in_Oteo_k2-768x497.jpg 768w, https:\/\/www.gernikagogoratuz.org\/wp-content\/uploads\/2019\/09\/Bannerstart_in_Oteo_k2-1024x662.jpg 1024w\" sizes=\"auto, (max-width: 1299px) 100vw, 1299px\" \/>On 21 September 2019, the Berlin Sky Banner was only able to fly for 6 minutes after take-off from the Oteo airfield (Burgos). It would have needed a northerly wind, but the little wind that came in, was southerly. In addition, the heat and humidity reduced the engine power. Pilot Thomas Hennig, driving his Robin 400, could not gain enough altitude to cross the mountains of the Sierra de Angulo and had to drop the banner prematurely (see video below). The banner descended freely and was retrieved 5 km upstream by Michael Klant, Oier Plaza and Wolfgang Spitz.<\/p>\n<p>&nbsp;<\/p>\n<p><iframe loading=\"lazy\" title=\"Start of the Berlin Sky Piece\" width=\"1060\" height=\"596\" src=\"https:\/\/www.youtube.com\/embed\/EByERh8ZMoY?start=55&#038;feature=oembed\" frameborder=\"0\" allow=\"accelerometer; autoplay; clipboard-write; encrypted-media; gyroscope; picture-in-picture; web-share\" allowfullscreen><\/iframe><\/p>\n<p>[\/vc_column_text][vc_empty_space][\/vc_column][\/vc_row][vc_row][vc_column]<a itemprop=\"url\" href=\"https:\/\/www.gernikagogoratuz.org\/wp-content\/uploads\/2019\/09\/Itinerario-Gernika-Bizkaia.pdf\" target=\"_blank\"  class=\"edgtf-btn edgtf-btn-medium edgtf-btn-solid boton\"  >\n\t<span class=\"edgtf-btn-text\">download the ITINERARIO<\/span>\n    <\/a>[vc_empty_space][\/vc_column][\/vc_row]<\/p>\n<\/div>","protected":false},"excerpt":{"rendered":"<p>[vc_row][vc_column][vc_column_text] On 21 September 2019, the Berlin Sky Banner was only able to fly for 6 minutes after take-off from the Oteo airfield (Burgos). It would have needed a northerly wind, but the little wind that came in, was southerly. In addition, the heat and humidity reduced the engine power. Pilot Thomas Hennig, driving his&#8230;<\/p>\n","protected":false},"author":5,"featured_media":21927,"comment_status":"open","ping_status":"open","sticky":false,"template":"","format":"standard","meta":{"inline_featured_image":false,"footnotes":""},"categories":[211],"tags":[],"class_list":["post-32324","post","type-post","status-publish","format-standard","has-post-thumbnail","hentry","category-artivismo-en"],"yoast_head":"<!-- This site is optimized with the Yoast SEO plugin v27.5 - https:\/\/yoast.com\/product\/yoast-seo-wordpress\/ -->\n<title>Gernika Gogoratuz, Centro de Investigaci\u00f3n por la Paz<\/title>\n<meta name=\"description\" content=\"Consulta toda la actualidad sobre jornadas, cursos y formaci\u00f3n sobre Cultura de Paz, Educaci\u00f3n por la Paz, Econom\u00eda de Paz, Antimilitarismo...\" \/>\n<meta name=\"robots\" content=\"index, follow, max-snippet:-1, max-image-preview:large, max-video-preview:-1\" \/>\n<link rel=\"canonical\" href=\"https:\/\/www.gernikagogoratuz.org\/en\/himmelstausch-exchange-of-skies-the-berlin-sky-flies-over-the-sky-of-gernika\/\" \/>\n<meta property=\"og:locale\" content=\"en_US\" \/>\n<meta property=\"og:type\" content=\"article\" \/>\n<meta property=\"og:title\" content=\"Gernika Gogoratuz, Centro de Investigaci\u00f3n por la Paz\" \/>\n<meta property=\"og:description\" content=\"Consulta toda la actualidad sobre jornadas, cursos y formaci\u00f3n sobre Cultura de Paz, Educaci\u00f3n por la Paz, Econom\u00eda de Paz, Antimilitarismo...\" \/>\n<meta property=\"og:url\" content=\"https:\/\/www.gernikagogoratuz.org\/en\/himmelstausch-exchange-of-skies-the-berlin-sky-flies-over-the-sky-of-gernika\/\" \/>\n<meta property=\"og:site_name\" content=\"Gernika Gogoratuz\" \/>\n<meta property=\"article:publisher\" content=\"https:\/\/www.facebook.com\/GernikaGogoratuzFundacion\" \/>\n<meta property=\"article:published_time\" content=\"2019-09-19T11:20:59+00:00\" \/>\n<meta property=\"article:modified_time\" content=\"2023-02-15T11:23:41+00:00\" \/>\n<meta property=\"og:image\" content=\"https:\/\/www.gernikagogoratuz.org\/wp-content\/uploads\/2019\/09\/Himmelstausch-Irailak-21.jpg\" \/>\n\t<meta property=\"og:image:width\" content=\"1024\" \/>\n\t<meta property=\"og:image:height\" content=\"568\" \/>\n\t<meta property=\"og:image:type\" content=\"image\/jpeg\" \/>\n<meta name=\"author\" content=\"Gernika Gogoratuz\" \/>\n<meta name=\"twitter:card\" content=\"summary_large_image\" \/>\n<meta name=\"twitter:creator\" content=\"@GGogoratuz\" \/>\n<meta name=\"twitter:site\" content=\"@GGogoratuz\" \/>\n<meta name=\"twitter:label1\" content=\"Written by\" \/>\n\t<meta name=\"twitter:data1\" content=\"Gernika Gogoratuz\" \/>\n\t<meta name=\"twitter:label2\" content=\"Est. reading time\" \/>\n\t<meta name=\"twitter:data2\" content=\"1 minute\" \/>\n<script type=\"application\/ld+json\" class=\"yoast-schema-graph\">{\"@context\":\"https:\\\/\\\/schema.org\",\"@graph\":[{\"@type\":\"Article\",\"@id\":\"https:\\\/\\\/www.gernikagogoratuz.org\\\/en\\\/himmelstausch-exchange-of-skies-the-berlin-sky-flies-over-the-sky-of-gernika\\\/#article\",\"isPartOf\":{\"@id\":\"https:\\\/\\\/www.gernikagogoratuz.org\\\/en\\\/himmelstausch-exchange-of-skies-the-berlin-sky-flies-over-the-sky-of-gernika\\\/\"},\"author\":{\"name\":\"Gernika Gogoratuz\",\"@id\":\"https:\\\/\\\/www.gernikagogoratuz.org\\\/en\\\/#\\\/schema\\\/person\\\/56074ce3758ecfb8417c8311e88c79c8\"},\"headline\":\"HIMMELSTAUSCH &#8211; EXCHANGE OF SKIES The Berlin sky flies over the sky of Gernika\",\"datePublished\":\"2019-09-19T11:20:59+00:00\",\"dateModified\":\"2023-02-15T11:23:41+00:00\",\"mainEntityOfPage\":{\"@id\":\"https:\\\/\\\/www.gernikagogoratuz.org\\\/en\\\/himmelstausch-exchange-of-skies-the-berlin-sky-flies-over-the-sky-of-gernika\\\/\"},\"wordCount\":174,\"commentCount\":0,\"publisher\":{\"@id\":\"https:\\\/\\\/www.gernikagogoratuz.org\\\/en\\\/#organization\"},\"image\":{\"@id\":\"https:\\\/\\\/www.gernikagogoratuz.org\\\/en\\\/himmelstausch-exchange-of-skies-the-berlin-sky-flies-over-the-sky-of-gernika\\\/#primaryimage\"},\"thumbnailUrl\":\"https:\\\/\\\/www.gernikagogoratuz.org\\\/wp-content\\\/uploads\\\/2019\\\/09\\\/Himmelstausch-Irailak-21.jpg\",\"articleSection\":[\"Artivism\"],\"inLanguage\":\"en-US\",\"potentialAction\":[{\"@type\":\"CommentAction\",\"name\":\"Comment\",\"target\":[\"https:\\\/\\\/www.gernikagogoratuz.org\\\/en\\\/himmelstausch-exchange-of-skies-the-berlin-sky-flies-over-the-sky-of-gernika\\\/#respond\"]}]},{\"@type\":\"WebPage\",\"@id\":\"https:\\\/\\\/www.gernikagogoratuz.org\\\/en\\\/himmelstausch-exchange-of-skies-the-berlin-sky-flies-over-the-sky-of-gernika\\\/\",\"url\":\"https:\\\/\\\/www.gernikagogoratuz.org\\\/en\\\/himmelstausch-exchange-of-skies-the-berlin-sky-flies-over-the-sky-of-gernika\\\/\",\"name\":\"Gernika Gogoratuz, Centro de Investigaci\u00f3n por la Paz\",\"isPartOf\":{\"@id\":\"https:\\\/\\\/www.gernikagogoratuz.org\\\/en\\\/#website\"},\"primaryImageOfPage\":{\"@id\":\"https:\\\/\\\/www.gernikagogoratuz.org\\\/en\\\/himmelstausch-exchange-of-skies-the-berlin-sky-flies-over-the-sky-of-gernika\\\/#primaryimage\"},\"image\":{\"@id\":\"https:\\\/\\\/www.gernikagogoratuz.org\\\/en\\\/himmelstausch-exchange-of-skies-the-berlin-sky-flies-over-the-sky-of-gernika\\\/#primaryimage\"},\"thumbnailUrl\":\"https:\\\/\\\/www.gernikagogoratuz.org\\\/wp-content\\\/uploads\\\/2019\\\/09\\\/Himmelstausch-Irailak-21.jpg\",\"datePublished\":\"2019-09-19T11:20:59+00:00\",\"dateModified\":\"2023-02-15T11:23:41+00:00\",\"description\":\"Consulta toda la actualidad sobre jornadas, cursos y formaci\u00f3n sobre Cultura de Paz, Educaci\u00f3n por la Paz, Econom\u00eda de Paz, Antimilitarismo...\",\"breadcrumb\":{\"@id\":\"https:\\\/\\\/www.gernikagogoratuz.org\\\/en\\\/himmelstausch-exchange-of-skies-the-berlin-sky-flies-over-the-sky-of-gernika\\\/#breadcrumb\"},\"inLanguage\":\"en-US\",\"potentialAction\":[{\"@type\":\"ReadAction\",\"target\":[\"https:\\\/\\\/www.gernikagogoratuz.org\\\/en\\\/himmelstausch-exchange-of-skies-the-berlin-sky-flies-over-the-sky-of-gernika\\\/\"]}]},{\"@type\":\"ImageObject\",\"inLanguage\":\"en-US\",\"@id\":\"https:\\\/\\\/www.gernikagogoratuz.org\\\/en\\\/himmelstausch-exchange-of-skies-the-berlin-sky-flies-over-the-sky-of-gernika\\\/#primaryimage\",\"url\":\"https:\\\/\\\/www.gernikagogoratuz.org\\\/wp-content\\\/uploads\\\/2019\\\/09\\\/Himmelstausch-Irailak-21.jpg\",\"contentUrl\":\"https:\\\/\\\/www.gernikagogoratuz.org\\\/wp-content\\\/uploads\\\/2019\\\/09\\\/Himmelstausch-Irailak-21.jpg\",\"width\":1024,\"height\":568},{\"@type\":\"BreadcrumbList\",\"@id\":\"https:\\\/\\\/www.gernikagogoratuz.org\\\/en\\\/himmelstausch-exchange-of-skies-the-berlin-sky-flies-over-the-sky-of-gernika\\\/#breadcrumb\",\"itemListElement\":[{\"@type\":\"ListItem\",\"position\":1,\"name\":\"Portada\",\"item\":\"https:\\\/\\\/www.gernikagogoratuz.org\\\/en\\\/\"},{\"@type\":\"ListItem\",\"position\":2,\"name\":\"Artivism\",\"item\":\"https:\\\/\\\/www.gernikagogoratuz.org\\\/en\\\/category\\\/artivismo-en\\\/\"},{\"@type\":\"ListItem\",\"position\":3,\"name\":\"HIMMELSTAUSCH &#8211; EXCHANGE OF SKIES The Berlin sky flies over the sky of Gernika\"}]},{\"@type\":\"WebSite\",\"@id\":\"https:\\\/\\\/www.gernikagogoratuz.org\\\/en\\\/#website\",\"url\":\"https:\\\/\\\/www.gernikagogoratuz.org\\\/en\\\/\",\"name\":\"Gernika Gogoratuz\",\"description\":\"Centro de investigaci\u00f3n por la paz\",\"publisher\":{\"@id\":\"https:\\\/\\\/www.gernikagogoratuz.org\\\/en\\\/#organization\"},\"potentialAction\":[{\"@type\":\"SearchAction\",\"target\":{\"@type\":\"EntryPoint\",\"urlTemplate\":\"https:\\\/\\\/www.gernikagogoratuz.org\\\/en\\\/?s={search_term_string}\"},\"query-input\":{\"@type\":\"PropertyValueSpecification\",\"valueRequired\":true,\"valueName\":\"search_term_string\"}}],\"inLanguage\":\"en-US\"},{\"@type\":\"Organization\",\"@id\":\"https:\\\/\\\/www.gernikagogoratuz.org\\\/en\\\/#organization\",\"name\":\"Gernika Gogoratuz. Centro de Investigaci\u00f3n por la Paz.\",\"url\":\"https:\\\/\\\/www.gernikagogoratuz.org\\\/en\\\/\",\"logo\":{\"@type\":\"ImageObject\",\"inLanguage\":\"en-US\",\"@id\":\"https:\\\/\\\/www.gernikagogoratuz.org\\\/en\\\/#\\\/schema\\\/logo\\\/image\\\/\",\"url\":\"https:\\\/\\\/www.gernikagogoratuz.org\\\/wp-content\\\/uploads\\\/2018\\\/10\\\/gernikagogoratuzogo_es.svg\",\"contentUrl\":\"https:\\\/\\\/www.gernikagogoratuz.org\\\/wp-content\\\/uploads\\\/2018\\\/10\\\/gernikagogoratuzogo_es.svg\",\"width\":1,\"height\":1,\"caption\":\"Gernika Gogoratuz. Centro de Investigaci\u00f3n por la Paz.\"},\"image\":{\"@id\":\"https:\\\/\\\/www.gernikagogoratuz.org\\\/en\\\/#\\\/schema\\\/logo\\\/image\\\/\"},\"sameAs\":[\"https:\\\/\\\/www.facebook.com\\\/GernikaGogoratuzFundacion\",\"https:\\\/\\\/x.com\\\/GGogoratuz\",\"https:\\\/\\\/www.youtube.com\\\/user\\\/gernikagogoratuz\\\/videos\"]},{\"@type\":\"Person\",\"@id\":\"https:\\\/\\\/www.gernikagogoratuz.org\\\/en\\\/#\\\/schema\\\/person\\\/56074ce3758ecfb8417c8311e88c79c8\",\"name\":\"Gernika Gogoratuz\",\"image\":{\"@type\":\"ImageObject\",\"inLanguage\":\"en-US\",\"@id\":\"https:\\\/\\\/secure.gravatar.com\\\/avatar\\\/fec0f20c36775b6715813b8de1aaf669d19199d3c0cc9d7aaf3d6e34de76a8a2?s=96&d=mm&r=g\",\"url\":\"https:\\\/\\\/secure.gravatar.com\\\/avatar\\\/fec0f20c36775b6715813b8de1aaf669d19199d3c0cc9d7aaf3d6e34de76a8a2?s=96&d=mm&r=g\",\"contentUrl\":\"https:\\\/\\\/secure.gravatar.com\\\/avatar\\\/fec0f20c36775b6715813b8de1aaf669d19199d3c0cc9d7aaf3d6e34de76a8a2?s=96&d=mm&r=g\",\"caption\":\"Gernika Gogoratuz\"},\"url\":\"https:\\\/\\\/www.gernikagogoratuz.org\\\/en\\\/author\\\/mariah\\\/\"}]}<\/script>\n<!-- \/ Yoast SEO plugin. -->","yoast_head_json":{"title":"Gernika Gogoratuz, Centro de Investigaci\u00f3n por la Paz","description":"Consulta toda la actualidad sobre jornadas, cursos y formaci\u00f3n sobre Cultura de Paz, Educaci\u00f3n por la Paz, Econom\u00eda de Paz, Antimilitarismo...","robots":{"index":"index","follow":"follow","max-snippet":"max-snippet:-1","max-image-preview":"max-image-preview:large","max-video-preview":"max-video-preview:-1"},"canonical":"https:\/\/www.gernikagogoratuz.org\/en\/himmelstausch-exchange-of-skies-the-berlin-sky-flies-over-the-sky-of-gernika\/","og_locale":"en_US","og_type":"article","og_title":"Gernika Gogoratuz, Centro de Investigaci\u00f3n por la Paz","og_description":"Consulta toda la actualidad sobre jornadas, cursos y formaci\u00f3n sobre Cultura de Paz, Educaci\u00f3n por la Paz, Econom\u00eda de Paz, Antimilitarismo...","og_url":"https:\/\/www.gernikagogoratuz.org\/en\/himmelstausch-exchange-of-skies-the-berlin-sky-flies-over-the-sky-of-gernika\/","og_site_name":"Gernika Gogoratuz","article_publisher":"https:\/\/www.facebook.com\/GernikaGogoratuzFundacion","article_published_time":"2019-09-19T11:20:59+00:00","article_modified_time":"2023-02-15T11:23:41+00:00","og_image":[{"width":1024,"height":568,"url":"https:\/\/www.gernikagogoratuz.org\/wp-content\/uploads\/2019\/09\/Himmelstausch-Irailak-21.jpg","type":"image\/jpeg"}],"author":"Gernika Gogoratuz","twitter_card":"summary_large_image","twitter_creator":"@GGogoratuz","twitter_site":"@GGogoratuz","twitter_misc":{"Written by":"Gernika Gogoratuz","Est. reading time":"1 minute"},"schema":{"@context":"https:\/\/schema.org","@graph":[{"@type":"Article","@id":"https:\/\/www.gernikagogoratuz.org\/en\/himmelstausch-exchange-of-skies-the-berlin-sky-flies-over-the-sky-of-gernika\/#article","isPartOf":{"@id":"https:\/\/www.gernikagogoratuz.org\/en\/himmelstausch-exchange-of-skies-the-berlin-sky-flies-over-the-sky-of-gernika\/"},"author":{"name":"Gernika Gogoratuz","@id":"https:\/\/www.gernikagogoratuz.org\/en\/#\/schema\/person\/56074ce3758ecfb8417c8311e88c79c8"},"headline":"HIMMELSTAUSCH &#8211; EXCHANGE OF SKIES The Berlin sky flies over the sky of Gernika","datePublished":"2019-09-19T11:20:59+00:00","dateModified":"2023-02-15T11:23:41+00:00","mainEntityOfPage":{"@id":"https:\/\/www.gernikagogoratuz.org\/en\/himmelstausch-exchange-of-skies-the-berlin-sky-flies-over-the-sky-of-gernika\/"},"wordCount":174,"commentCount":0,"publisher":{"@id":"https:\/\/www.gernikagogoratuz.org\/en\/#organization"},"image":{"@id":"https:\/\/www.gernikagogoratuz.org\/en\/himmelstausch-exchange-of-skies-the-berlin-sky-flies-over-the-sky-of-gernika\/#primaryimage"},"thumbnailUrl":"https:\/\/www.gernikagogoratuz.org\/wp-content\/uploads\/2019\/09\/Himmelstausch-Irailak-21.jpg","articleSection":["Artivism"],"inLanguage":"en-US","potentialAction":[{"@type":"CommentAction","name":"Comment","target":["https:\/\/www.gernikagogoratuz.org\/en\/himmelstausch-exchange-of-skies-the-berlin-sky-flies-over-the-sky-of-gernika\/#respond"]}]},{"@type":"WebPage","@id":"https:\/\/www.gernikagogoratuz.org\/en\/himmelstausch-exchange-of-skies-the-berlin-sky-flies-over-the-sky-of-gernika\/","url":"https:\/\/www.gernikagogoratuz.org\/en\/himmelstausch-exchange-of-skies-the-berlin-sky-flies-over-the-sky-of-gernika\/","name":"Gernika Gogoratuz, Centro de Investigaci\u00f3n por la Paz","isPartOf":{"@id":"https:\/\/www.gernikagogoratuz.org\/en\/#website"},"primaryImageOfPage":{"@id":"https:\/\/www.gernikagogoratuz.org\/en\/himmelstausch-exchange-of-skies-the-berlin-sky-flies-over-the-sky-of-gernika\/#primaryimage"},"image":{"@id":"https:\/\/www.gernikagogoratuz.org\/en\/himmelstausch-exchange-of-skies-the-berlin-sky-flies-over-the-sky-of-gernika\/#primaryimage"},"thumbnailUrl":"https:\/\/www.gernikagogoratuz.org\/wp-content\/uploads\/2019\/09\/Himmelstausch-Irailak-21.jpg","datePublished":"2019-09-19T11:20:59+00:00","dateModified":"2023-02-15T11:23:41+00:00","description":"Consulta toda la actualidad sobre jornadas, cursos y formaci\u00f3n sobre Cultura de Paz, Educaci\u00f3n por la Paz, Econom\u00eda de Paz, Antimilitarismo...","breadcrumb":{"@id":"https:\/\/www.gernikagogoratuz.org\/en\/himmelstausch-exchange-of-skies-the-berlin-sky-flies-over-the-sky-of-gernika\/#breadcrumb"},"inLanguage":"en-US","potentialAction":[{"@type":"ReadAction","target":["https:\/\/www.gernikagogoratuz.org\/en\/himmelstausch-exchange-of-skies-the-berlin-sky-flies-over-the-sky-of-gernika\/"]}]},{"@type":"ImageObject","inLanguage":"en-US","@id":"https:\/\/www.gernikagogoratuz.org\/en\/himmelstausch-exchange-of-skies-the-berlin-sky-flies-over-the-sky-of-gernika\/#primaryimage","url":"https:\/\/www.gernikagogoratuz.org\/wp-content\/uploads\/2019\/09\/Himmelstausch-Irailak-21.jpg","contentUrl":"https:\/\/www.gernikagogoratuz.org\/wp-content\/uploads\/2019\/09\/Himmelstausch-Irailak-21.jpg","width":1024,"height":568},{"@type":"BreadcrumbList","@id":"https:\/\/www.gernikagogoratuz.org\/en\/himmelstausch-exchange-of-skies-the-berlin-sky-flies-over-the-sky-of-gernika\/#breadcrumb","itemListElement":[{"@type":"ListItem","position":1,"name":"Portada","item":"https:\/\/www.gernikagogoratuz.org\/en\/"},{"@type":"ListItem","position":2,"name":"Artivism","item":"https:\/\/www.gernikagogoratuz.org\/en\/category\/artivismo-en\/"},{"@type":"ListItem","position":3,"name":"HIMMELSTAUSCH &#8211; EXCHANGE OF SKIES The Berlin sky flies over the sky of Gernika"}]},{"@type":"WebSite","@id":"https:\/\/www.gernikagogoratuz.org\/en\/#website","url":"https:\/\/www.gernikagogoratuz.org\/en\/","name":"Gernika Gogoratuz","description":"Centro de investigaci\u00f3n por la paz","publisher":{"@id":"https:\/\/www.gernikagogoratuz.org\/en\/#organization"},"potentialAction":[{"@type":"SearchAction","target":{"@type":"EntryPoint","urlTemplate":"https:\/\/www.gernikagogoratuz.org\/en\/?s={search_term_string}"},"query-input":{"@type":"PropertyValueSpecification","valueRequired":true,"valueName":"search_term_string"}}],"inLanguage":"en-US"},{"@type":"Organization","@id":"https:\/\/www.gernikagogoratuz.org\/en\/#organization","name":"Gernika Gogoratuz. Centro de Investigaci\u00f3n por la Paz.","url":"https:\/\/www.gernikagogoratuz.org\/en\/","logo":{"@type":"ImageObject","inLanguage":"en-US","@id":"https:\/\/www.gernikagogoratuz.org\/en\/#\/schema\/logo\/image\/","url":"https:\/\/www.gernikagogoratuz.org\/wp-content\/uploads\/2018\/10\/gernikagogoratuzogo_es.svg","contentUrl":"https:\/\/www.gernikagogoratuz.org\/wp-content\/uploads\/2018\/10\/gernikagogoratuzogo_es.svg","width":1,"height":1,"caption":"Gernika Gogoratuz. Centro de Investigaci\u00f3n por la Paz."},"image":{"@id":"https:\/\/www.gernikagogoratuz.org\/en\/#\/schema\/logo\/image\/"},"sameAs":["https:\/\/www.facebook.com\/GernikaGogoratuzFundacion","https:\/\/x.com\/GGogoratuz","https:\/\/www.youtube.com\/user\/gernikagogoratuz\/videos"]},{"@type":"Person","@id":"https:\/\/www.gernikagogoratuz.org\/en\/#\/schema\/person\/56074ce3758ecfb8417c8311e88c79c8","name":"Gernika Gogoratuz","image":{"@type":"ImageObject","inLanguage":"en-US","@id":"https:\/\/secure.gravatar.com\/avatar\/fec0f20c36775b6715813b8de1aaf669d19199d3c0cc9d7aaf3d6e34de76a8a2?s=96&d=mm&r=g","url":"https:\/\/secure.gravatar.com\/avatar\/fec0f20c36775b6715813b8de1aaf669d19199d3c0cc9d7aaf3d6e34de76a8a2?s=96&d=mm&r=g","contentUrl":"https:\/\/secure.gravatar.com\/avatar\/fec0f20c36775b6715813b8de1aaf669d19199d3c0cc9d7aaf3d6e34de76a8a2?s=96&d=mm&r=g","caption":"Gernika Gogoratuz"},"url":"https:\/\/www.gernikagogoratuz.org\/en\/author\/mariah\/"}]}},"_links":{"self":[{"href":"https:\/\/www.gernikagogoratuz.org\/en\/wp-json\/wp\/v2\/posts\/32324","targetHints":{"allow":["GET"]}}],"collection":[{"href":"https:\/\/www.gernikagogoratuz.org\/en\/wp-json\/wp\/v2\/posts"}],"about":[{"href":"https:\/\/www.gernikagogoratuz.org\/en\/wp-json\/wp\/v2\/types\/post"}],"author":[{"embeddable":true,"href":"https:\/\/www.gernikagogoratuz.org\/en\/wp-json\/wp\/v2\/users\/5"}],"replies":[{"embeddable":true,"href":"https:\/\/www.gernikagogoratuz.org\/en\/wp-json\/wp\/v2\/comments?post=32324"}],"version-history":[{"count":1,"href":"https:\/\/www.gernikagogoratuz.org\/en\/wp-json\/wp\/v2\/posts\/32324\/revisions"}],"predecessor-version":[{"id":32325,"href":"https:\/\/www.gernikagogoratuz.org\/en\/wp-json\/wp\/v2\/posts\/32324\/revisions\/32325"}],"wp:featuredmedia":[{"embeddable":true,"href":"https:\/\/www.gernikagogoratuz.org\/en\/wp-json\/wp\/v2\/media\/21927"}],"wp:attachment":[{"href":"https:\/\/www.gernikagogoratuz.org\/en\/wp-json\/wp\/v2\/media?parent=32324"}],"wp:term":[{"taxonomy":"category","embeddable":true,"href":"https:\/\/www.gernikagogoratuz.org\/en\/wp-json\/wp\/v2\/categories?post=32324"},{"taxonomy":"post_tag","embeddable":true,"href":"https:\/\/www.gernikagogoratuz.org\/en\/wp-json\/wp\/v2\/tags?post=32324"}],"curies":[{"name":"wp","href":"https:\/\/api.w.org\/{rel}","templated":true}]}}