{"id":32551,"date":"2023-03-07T12:23:02","date_gmt":"2023-03-07T11:23:02","guid":{"rendered":"https:\/\/www.gernikagogoratuz.org\/?p=32551"},"modified":"2023-03-08T12:24:34","modified_gmt":"2023-03-08T11:24:34","slug":"gernika-gogoratuz-will-be-at-the-meetings-renewing-the-commitment-to-a-culture-of-peace","status":"publish","type":"post","link":"https:\/\/www.gernikagogoratuz.org\/en\/gernika-gogoratuz-will-be-at-the-meetings-renewing-the-commitment-to-a-culture-of-peace\/","title":{"rendered":"GERNIKA GOGORATUZ WILL BE AT THE MEETINGS &#8220;RENEWING THE COMMITMENT TO A CULTURE OF PEACE&#8221;."},"content":{"rendered":"<div class=\"wpb-content-wrapper\"><p>[vc_row][vc_column][vc_column_text]I\u00f1igo Retolaza, researcher at the Gernika Gogoratuz Peace Centre will be attending the Renewing the commitment to a culture of peace meetings to be held on Thursday 16th March in the Parish Church of San Francisco de As\u00eds Iturrama in Pamplona.<\/p>\n<p>I\u00f1igo Retolaza will participate with the theme Dialogue and listening, basic attitudes for resolving conflicts.[\/vc_column_text][\/vc_column][\/vc_row][vc_row][vc_column][vc_empty_space][\/vc_column][\/vc_row][vc_row][vc_column][vc_single_image image=&#8221;32532&#8243; img_size=&#8221;large&#8221;][\/vc_column][\/vc_row]<\/p>\n<\/div>","protected":false},"excerpt":{"rendered":"<p>[vc_row][vc_column][vc_column_text]I\u00f1igo Retolaza, researcher at the Gernika Gogoratuz Peace Centre will be attending the Renewing the commitment to a culture of peace meetings to be held on Thursday 16th March in the Parish Church of San Francisco de As\u00eds Iturrama in Pamplona. I\u00f1igo Retolaza will participate with the theme Dialogue and listening, basic attitudes for resolving&#8230;<\/p>\n","protected":false},"author":5,"featured_media":32535,"comment_status":"closed","ping_status":"closed","sticky":false,"template":"","format":"standard","meta":{"inline_featured_image":false,"footnotes":""},"categories":[287],"tags":[],"class_list":["post-32551","post","type-post","status-publish","format-standard","has-post-thumbnail","hentry","category-cultura-de-paz"],"yoast_head":"<!-- This site is optimized with the Yoast SEO plugin v27.5 - https:\/\/yoast.com\/product\/yoast-seo-wordpress\/ -->\n<title>Gernika Gogoratuz, Centro de Investigaci\u00f3n por la Paz<\/title>\n<meta name=\"description\" content=\"Consulta toda la actualidad sobre jornadas, cursos y formaci\u00f3n sobre Cultura de Paz, Educaci\u00f3n por la Paz, Econom\u00eda de Paz, Antimilitarismo...\" \/>\n<meta name=\"robots\" content=\"index, follow, max-snippet:-1, max-image-preview:large, max-video-preview:-1\" \/>\n<link rel=\"canonical\" href=\"https:\/\/www.gernikagogoratuz.org\/en\/gernika-gogoratuz-will-be-at-the-meetings-renewing-the-commitment-to-a-culture-of-peace\/\" \/>\n<meta property=\"og:locale\" content=\"en_US\" \/>\n<meta property=\"og:type\" content=\"article\" \/>\n<meta property=\"og:title\" content=\"Gernika Gogoratuz, Centro de Investigaci\u00f3n por la Paz\" \/>\n<meta property=\"og:description\" content=\"Consulta toda la actualidad sobre jornadas, cursos y formaci\u00f3n sobre Cultura de Paz, Educaci\u00f3n por la Paz, Econom\u00eda de Paz, Antimilitarismo...\" \/>\n<meta property=\"og:url\" content=\"https:\/\/www.gernikagogoratuz.org\/en\/gernika-gogoratuz-will-be-at-the-meetings-renewing-the-commitment-to-a-culture-of-peace\/\" \/>\n<meta property=\"og:site_name\" content=\"Gernika Gogoratuz\" \/>\n<meta property=\"article:publisher\" content=\"https:\/\/www.facebook.com\/GernikaGogoratuzFundacion\" \/>\n<meta property=\"article:published_time\" content=\"2023-03-07T11:23:02+00:00\" \/>\n<meta property=\"article:modified_time\" content=\"2023-03-08T11:24:34+00:00\" \/>\n<meta property=\"og:image\" content=\"https:\/\/www.gernikagogoratuz.org\/wp-content\/uploads\/2023\/03\/renovar-la-apuesta.jpg\" \/>\n\t<meta property=\"og:image:width\" content=\"1124\" \/>\n\t<meta property=\"og:image:height\" content=\"618\" \/>\n\t<meta property=\"og:image:type\" content=\"image\/jpeg\" \/>\n<meta name=\"author\" content=\"Gernika Gogoratuz\" \/>\n<meta name=\"twitter:card\" content=\"summary_large_image\" \/>\n<meta name=\"twitter:creator\" content=\"@GGogoratuz\" \/>\n<meta name=\"twitter:site\" content=\"@GGogoratuz\" \/>\n<meta name=\"twitter:label1\" content=\"Written by\" \/>\n\t<meta name=\"twitter:data1\" content=\"Gernika Gogoratuz\" \/>\n\t<meta name=\"twitter:label2\" content=\"Est. reading time\" \/>\n\t<meta name=\"twitter:data2\" content=\"1 minute\" \/>\n<script type=\"application\/ld+json\" class=\"yoast-schema-graph\">{\"@context\":\"https:\\\/\\\/schema.org\",\"@graph\":[{\"@type\":\"Article\",\"@id\":\"https:\\\/\\\/www.gernikagogoratuz.org\\\/en\\\/gernika-gogoratuz-will-be-at-the-meetings-renewing-the-commitment-to-a-culture-of-peace\\\/#article\",\"isPartOf\":{\"@id\":\"https:\\\/\\\/www.gernikagogoratuz.org\\\/en\\\/gernika-gogoratuz-will-be-at-the-meetings-renewing-the-commitment-to-a-culture-of-peace\\\/\"},\"author\":{\"name\":\"Gernika Gogoratuz\",\"@id\":\"https:\\\/\\\/www.gernikagogoratuz.org\\\/en\\\/#\\\/schema\\\/person\\\/56074ce3758ecfb8417c8311e88c79c8\"},\"headline\":\"GERNIKA GOGORATUZ WILL BE AT THE MEETINGS &#8220;RENEWING THE COMMITMENT TO A CULTURE OF PEACE&#8221;.\",\"datePublished\":\"2023-03-07T11:23:02+00:00\",\"dateModified\":\"2023-03-08T11:24:34+00:00\",\"mainEntityOfPage\":{\"@id\":\"https:\\\/\\\/www.gernikagogoratuz.org\\\/en\\\/gernika-gogoratuz-will-be-at-the-meetings-renewing-the-commitment-to-a-culture-of-peace\\\/\"},\"wordCount\":114,\"publisher\":{\"@id\":\"https:\\\/\\\/www.gernikagogoratuz.org\\\/en\\\/#organization\"},\"image\":{\"@id\":\"https:\\\/\\\/www.gernikagogoratuz.org\\\/en\\\/gernika-gogoratuz-will-be-at-the-meetings-renewing-the-commitment-to-a-culture-of-peace\\\/#primaryimage\"},\"thumbnailUrl\":\"https:\\\/\\\/www.gernikagogoratuz.org\\\/wp-content\\\/uploads\\\/2023\\\/03\\\/renovar-la-apuesta.jpg\",\"articleSection\":[\"Cultura de Paz\"],\"inLanguage\":\"en-US\"},{\"@type\":\"WebPage\",\"@id\":\"https:\\\/\\\/www.gernikagogoratuz.org\\\/en\\\/gernika-gogoratuz-will-be-at-the-meetings-renewing-the-commitment-to-a-culture-of-peace\\\/\",\"url\":\"https:\\\/\\\/www.gernikagogoratuz.org\\\/en\\\/gernika-gogoratuz-will-be-at-the-meetings-renewing-the-commitment-to-a-culture-of-peace\\\/\",\"name\":\"Gernika Gogoratuz, Centro de Investigaci\u00f3n por la Paz\",\"isPartOf\":{\"@id\":\"https:\\\/\\\/www.gernikagogoratuz.org\\\/en\\\/#website\"},\"primaryImageOfPage\":{\"@id\":\"https:\\\/\\\/www.gernikagogoratuz.org\\\/en\\\/gernika-gogoratuz-will-be-at-the-meetings-renewing-the-commitment-to-a-culture-of-peace\\\/#primaryimage\"},\"image\":{\"@id\":\"https:\\\/\\\/www.gernikagogoratuz.org\\\/en\\\/gernika-gogoratuz-will-be-at-the-meetings-renewing-the-commitment-to-a-culture-of-peace\\\/#primaryimage\"},\"thumbnailUrl\":\"https:\\\/\\\/www.gernikagogoratuz.org\\\/wp-content\\\/uploads\\\/2023\\\/03\\\/renovar-la-apuesta.jpg\",\"datePublished\":\"2023-03-07T11:23:02+00:00\",\"dateModified\":\"2023-03-08T11:24:34+00:00\",\"description\":\"Consulta toda la actualidad sobre jornadas, cursos y formaci\u00f3n sobre Cultura de Paz, Educaci\u00f3n por la Paz, Econom\u00eda de Paz, Antimilitarismo...\",\"breadcrumb\":{\"@id\":\"https:\\\/\\\/www.gernikagogoratuz.org\\\/en\\\/gernika-gogoratuz-will-be-at-the-meetings-renewing-the-commitment-to-a-culture-of-peace\\\/#breadcrumb\"},\"inLanguage\":\"en-US\",\"potentialAction\":[{\"@type\":\"ReadAction\",\"target\":[\"https:\\\/\\\/www.gernikagogoratuz.org\\\/en\\\/gernika-gogoratuz-will-be-at-the-meetings-renewing-the-commitment-to-a-culture-of-peace\\\/\"]}]},{\"@type\":\"ImageObject\",\"inLanguage\":\"en-US\",\"@id\":\"https:\\\/\\\/www.gernikagogoratuz.org\\\/en\\\/gernika-gogoratuz-will-be-at-the-meetings-renewing-the-commitment-to-a-culture-of-peace\\\/#primaryimage\",\"url\":\"https:\\\/\\\/www.gernikagogoratuz.org\\\/wp-content\\\/uploads\\\/2023\\\/03\\\/renovar-la-apuesta.jpg\",\"contentUrl\":\"https:\\\/\\\/www.gernikagogoratuz.org\\\/wp-content\\\/uploads\\\/2023\\\/03\\\/renovar-la-apuesta.jpg\",\"width\":1124,\"height\":618,\"caption\":\"Encuentros \\\"Renovar la apuesta por una cultura de la paz\\\"\"},{\"@type\":\"BreadcrumbList\",\"@id\":\"https:\\\/\\\/www.gernikagogoratuz.org\\\/en\\\/gernika-gogoratuz-will-be-at-the-meetings-renewing-the-commitment-to-a-culture-of-peace\\\/#breadcrumb\",\"itemListElement\":[{\"@type\":\"ListItem\",\"position\":1,\"name\":\"Portada\",\"item\":\"https:\\\/\\\/www.gernikagogoratuz.org\\\/en\\\/\"},{\"@type\":\"ListItem\",\"position\":2,\"name\":\"Peace culture\",\"item\":\"https:\\\/\\\/www.gernikagogoratuz.org\\\/en\\\/category\\\/cultura-de-paz-en\\\/\"},{\"@type\":\"ListItem\",\"position\":3,\"name\":\"GERNIKA GOGORATUZ WILL BE AT THE MEETINGS \u00abRENEWING THE COMMITMENT TO A CULTURE OF PEACE\u00bb.\"}]},{\"@type\":\"WebSite\",\"@id\":\"https:\\\/\\\/www.gernikagogoratuz.org\\\/en\\\/#website\",\"url\":\"https:\\\/\\\/www.gernikagogoratuz.org\\\/en\\\/\",\"name\":\"Gernika Gogoratuz\",\"description\":\"Centro de investigaci\u00f3n por la paz\",\"publisher\":{\"@id\":\"https:\\\/\\\/www.gernikagogoratuz.org\\\/en\\\/#organization\"},\"potentialAction\":[{\"@type\":\"SearchAction\",\"target\":{\"@type\":\"EntryPoint\",\"urlTemplate\":\"https:\\\/\\\/www.gernikagogoratuz.org\\\/en\\\/?s={search_term_string}\"},\"query-input\":{\"@type\":\"PropertyValueSpecification\",\"valueRequired\":true,\"valueName\":\"search_term_string\"}}],\"inLanguage\":\"en-US\"},{\"@type\":\"Organization\",\"@id\":\"https:\\\/\\\/www.gernikagogoratuz.org\\\/en\\\/#organization\",\"name\":\"Gernika Gogoratuz. Centro de Investigaci\u00f3n por la Paz.\",\"url\":\"https:\\\/\\\/www.gernikagogoratuz.org\\\/en\\\/\",\"logo\":{\"@type\":\"ImageObject\",\"inLanguage\":\"en-US\",\"@id\":\"https:\\\/\\\/www.gernikagogoratuz.org\\\/en\\\/#\\\/schema\\\/logo\\\/image\\\/\",\"url\":\"https:\\\/\\\/www.gernikagogoratuz.org\\\/wp-content\\\/uploads\\\/2018\\\/10\\\/gernikagogoratuzogo_es.svg\",\"contentUrl\":\"https:\\\/\\\/www.gernikagogoratuz.org\\\/wp-content\\\/uploads\\\/2018\\\/10\\\/gernikagogoratuzogo_es.svg\",\"width\":1,\"height\":1,\"caption\":\"Gernika Gogoratuz. Centro de Investigaci\u00f3n por la Paz.\"},\"image\":{\"@id\":\"https:\\\/\\\/www.gernikagogoratuz.org\\\/en\\\/#\\\/schema\\\/logo\\\/image\\\/\"},\"sameAs\":[\"https:\\\/\\\/www.facebook.com\\\/GernikaGogoratuzFundacion\",\"https:\\\/\\\/x.com\\\/GGogoratuz\",\"https:\\\/\\\/www.youtube.com\\\/user\\\/gernikagogoratuz\\\/videos\"]},{\"@type\":\"Person\",\"@id\":\"https:\\\/\\\/www.gernikagogoratuz.org\\\/en\\\/#\\\/schema\\\/person\\\/56074ce3758ecfb8417c8311e88c79c8\",\"name\":\"Gernika Gogoratuz\",\"image\":{\"@type\":\"ImageObject\",\"inLanguage\":\"en-US\",\"@id\":\"https:\\\/\\\/secure.gravatar.com\\\/avatar\\\/fec0f20c36775b6715813b8de1aaf669d19199d3c0cc9d7aaf3d6e34de76a8a2?s=96&d=mm&r=g\",\"url\":\"https:\\\/\\\/secure.gravatar.com\\\/avatar\\\/fec0f20c36775b6715813b8de1aaf669d19199d3c0cc9d7aaf3d6e34de76a8a2?s=96&d=mm&r=g\",\"contentUrl\":\"https:\\\/\\\/secure.gravatar.com\\\/avatar\\\/fec0f20c36775b6715813b8de1aaf669d19199d3c0cc9d7aaf3d6e34de76a8a2?s=96&d=mm&r=g\",\"caption\":\"Gernika Gogoratuz\"},\"url\":\"https:\\\/\\\/www.gernikagogoratuz.org\\\/en\\\/author\\\/mariah\\\/\"}]}<\/script>\n<!-- \/ Yoast SEO plugin. -->","yoast_head_json":{"title":"Gernika Gogoratuz, Centro de Investigaci\u00f3n por la Paz","description":"Consulta toda la actualidad sobre jornadas, cursos y formaci\u00f3n sobre Cultura de Paz, Educaci\u00f3n por la Paz, Econom\u00eda de Paz, Antimilitarismo...","robots":{"index":"index","follow":"follow","max-snippet":"max-snippet:-1","max-image-preview":"max-image-preview:large","max-video-preview":"max-video-preview:-1"},"canonical":"https:\/\/www.gernikagogoratuz.org\/en\/gernika-gogoratuz-will-be-at-the-meetings-renewing-the-commitment-to-a-culture-of-peace\/","og_locale":"en_US","og_type":"article","og_title":"Gernika Gogoratuz, Centro de Investigaci\u00f3n por la Paz","og_description":"Consulta toda la actualidad sobre jornadas, cursos y formaci\u00f3n sobre Cultura de Paz, Educaci\u00f3n por la Paz, Econom\u00eda de Paz, Antimilitarismo...","og_url":"https:\/\/www.gernikagogoratuz.org\/en\/gernika-gogoratuz-will-be-at-the-meetings-renewing-the-commitment-to-a-culture-of-peace\/","og_site_name":"Gernika Gogoratuz","article_publisher":"https:\/\/www.facebook.com\/GernikaGogoratuzFundacion","article_published_time":"2023-03-07T11:23:02+00:00","article_modified_time":"2023-03-08T11:24:34+00:00","og_image":[{"width":1124,"height":618,"url":"https:\/\/www.gernikagogoratuz.org\/wp-content\/uploads\/2023\/03\/renovar-la-apuesta.jpg","type":"image\/jpeg"}],"author":"Gernika Gogoratuz","twitter_card":"summary_large_image","twitter_creator":"@GGogoratuz","twitter_site":"@GGogoratuz","twitter_misc":{"Written by":"Gernika Gogoratuz","Est. reading time":"1 minute"},"schema":{"@context":"https:\/\/schema.org","@graph":[{"@type":"Article","@id":"https:\/\/www.gernikagogoratuz.org\/en\/gernika-gogoratuz-will-be-at-the-meetings-renewing-the-commitment-to-a-culture-of-peace\/#article","isPartOf":{"@id":"https:\/\/www.gernikagogoratuz.org\/en\/gernika-gogoratuz-will-be-at-the-meetings-renewing-the-commitment-to-a-culture-of-peace\/"},"author":{"name":"Gernika Gogoratuz","@id":"https:\/\/www.gernikagogoratuz.org\/en\/#\/schema\/person\/56074ce3758ecfb8417c8311e88c79c8"},"headline":"GERNIKA GOGORATUZ WILL BE AT THE MEETINGS &#8220;RENEWING THE COMMITMENT TO A CULTURE OF PEACE&#8221;.","datePublished":"2023-03-07T11:23:02+00:00","dateModified":"2023-03-08T11:24:34+00:00","mainEntityOfPage":{"@id":"https:\/\/www.gernikagogoratuz.org\/en\/gernika-gogoratuz-will-be-at-the-meetings-renewing-the-commitment-to-a-culture-of-peace\/"},"wordCount":114,"publisher":{"@id":"https:\/\/www.gernikagogoratuz.org\/en\/#organization"},"image":{"@id":"https:\/\/www.gernikagogoratuz.org\/en\/gernika-gogoratuz-will-be-at-the-meetings-renewing-the-commitment-to-a-culture-of-peace\/#primaryimage"},"thumbnailUrl":"https:\/\/www.gernikagogoratuz.org\/wp-content\/uploads\/2023\/03\/renovar-la-apuesta.jpg","articleSection":["Cultura de Paz"],"inLanguage":"en-US"},{"@type":"WebPage","@id":"https:\/\/www.gernikagogoratuz.org\/en\/gernika-gogoratuz-will-be-at-the-meetings-renewing-the-commitment-to-a-culture-of-peace\/","url":"https:\/\/www.gernikagogoratuz.org\/en\/gernika-gogoratuz-will-be-at-the-meetings-renewing-the-commitment-to-a-culture-of-peace\/","name":"Gernika Gogoratuz, Centro de Investigaci\u00f3n por la Paz","isPartOf":{"@id":"https:\/\/www.gernikagogoratuz.org\/en\/#website"},"primaryImageOfPage":{"@id":"https:\/\/www.gernikagogoratuz.org\/en\/gernika-gogoratuz-will-be-at-the-meetings-renewing-the-commitment-to-a-culture-of-peace\/#primaryimage"},"image":{"@id":"https:\/\/www.gernikagogoratuz.org\/en\/gernika-gogoratuz-will-be-at-the-meetings-renewing-the-commitment-to-a-culture-of-peace\/#primaryimage"},"thumbnailUrl":"https:\/\/www.gernikagogoratuz.org\/wp-content\/uploads\/2023\/03\/renovar-la-apuesta.jpg","datePublished":"2023-03-07T11:23:02+00:00","dateModified":"2023-03-08T11:24:34+00:00","description":"Consulta toda la actualidad sobre jornadas, cursos y formaci\u00f3n sobre Cultura de Paz, Educaci\u00f3n por la Paz, Econom\u00eda de Paz, Antimilitarismo...","breadcrumb":{"@id":"https:\/\/www.gernikagogoratuz.org\/en\/gernika-gogoratuz-will-be-at-the-meetings-renewing-the-commitment-to-a-culture-of-peace\/#breadcrumb"},"inLanguage":"en-US","potentialAction":[{"@type":"ReadAction","target":["https:\/\/www.gernikagogoratuz.org\/en\/gernika-gogoratuz-will-be-at-the-meetings-renewing-the-commitment-to-a-culture-of-peace\/"]}]},{"@type":"ImageObject","inLanguage":"en-US","@id":"https:\/\/www.gernikagogoratuz.org\/en\/gernika-gogoratuz-will-be-at-the-meetings-renewing-the-commitment-to-a-culture-of-peace\/#primaryimage","url":"https:\/\/www.gernikagogoratuz.org\/wp-content\/uploads\/2023\/03\/renovar-la-apuesta.jpg","contentUrl":"https:\/\/www.gernikagogoratuz.org\/wp-content\/uploads\/2023\/03\/renovar-la-apuesta.jpg","width":1124,"height":618,"caption":"Encuentros \"Renovar la apuesta por una cultura de la paz\""},{"@type":"BreadcrumbList","@id":"https:\/\/www.gernikagogoratuz.org\/en\/gernika-gogoratuz-will-be-at-the-meetings-renewing-the-commitment-to-a-culture-of-peace\/#breadcrumb","itemListElement":[{"@type":"ListItem","position":1,"name":"Portada","item":"https:\/\/www.gernikagogoratuz.org\/en\/"},{"@type":"ListItem","position":2,"name":"Peace culture","item":"https:\/\/www.gernikagogoratuz.org\/en\/category\/cultura-de-paz-en\/"},{"@type":"ListItem","position":3,"name":"GERNIKA GOGORATUZ WILL BE AT THE MEETINGS \u00abRENEWING THE COMMITMENT TO A CULTURE OF PEACE\u00bb."}]},{"@type":"WebSite","@id":"https:\/\/www.gernikagogoratuz.org\/en\/#website","url":"https:\/\/www.gernikagogoratuz.org\/en\/","name":"Gernika Gogoratuz","description":"Centro de investigaci\u00f3n por la paz","publisher":{"@id":"https:\/\/www.gernikagogoratuz.org\/en\/#organization"},"potentialAction":[{"@type":"SearchAction","target":{"@type":"EntryPoint","urlTemplate":"https:\/\/www.gernikagogoratuz.org\/en\/?s={search_term_string}"},"query-input":{"@type":"PropertyValueSpecification","valueRequired":true,"valueName":"search_term_string"}}],"inLanguage":"en-US"},{"@type":"Organization","@id":"https:\/\/www.gernikagogoratuz.org\/en\/#organization","name":"Gernika Gogoratuz. Centro de Investigaci\u00f3n por la Paz.","url":"https:\/\/www.gernikagogoratuz.org\/en\/","logo":{"@type":"ImageObject","inLanguage":"en-US","@id":"https:\/\/www.gernikagogoratuz.org\/en\/#\/schema\/logo\/image\/","url":"https:\/\/www.gernikagogoratuz.org\/wp-content\/uploads\/2018\/10\/gernikagogoratuzogo_es.svg","contentUrl":"https:\/\/www.gernikagogoratuz.org\/wp-content\/uploads\/2018\/10\/gernikagogoratuzogo_es.svg","width":1,"height":1,"caption":"Gernika Gogoratuz. Centro de Investigaci\u00f3n por la Paz."},"image":{"@id":"https:\/\/www.gernikagogoratuz.org\/en\/#\/schema\/logo\/image\/"},"sameAs":["https:\/\/www.facebook.com\/GernikaGogoratuzFundacion","https:\/\/x.com\/GGogoratuz","https:\/\/www.youtube.com\/user\/gernikagogoratuz\/videos"]},{"@type":"Person","@id":"https:\/\/www.gernikagogoratuz.org\/en\/#\/schema\/person\/56074ce3758ecfb8417c8311e88c79c8","name":"Gernika Gogoratuz","image":{"@type":"ImageObject","inLanguage":"en-US","@id":"https:\/\/secure.gravatar.com\/avatar\/fec0f20c36775b6715813b8de1aaf669d19199d3c0cc9d7aaf3d6e34de76a8a2?s=96&d=mm&r=g","url":"https:\/\/secure.gravatar.com\/avatar\/fec0f20c36775b6715813b8de1aaf669d19199d3c0cc9d7aaf3d6e34de76a8a2?s=96&d=mm&r=g","contentUrl":"https:\/\/secure.gravatar.com\/avatar\/fec0f20c36775b6715813b8de1aaf669d19199d3c0cc9d7aaf3d6e34de76a8a2?s=96&d=mm&r=g","caption":"Gernika Gogoratuz"},"url":"https:\/\/www.gernikagogoratuz.org\/en\/author\/mariah\/"}]}},"_links":{"self":[{"href":"https:\/\/www.gernikagogoratuz.org\/en\/wp-json\/wp\/v2\/posts\/32551","targetHints":{"allow":["GET"]}}],"collection":[{"href":"https:\/\/www.gernikagogoratuz.org\/en\/wp-json\/wp\/v2\/posts"}],"about":[{"href":"https:\/\/www.gernikagogoratuz.org\/en\/wp-json\/wp\/v2\/types\/post"}],"author":[{"embeddable":true,"href":"https:\/\/www.gernikagogoratuz.org\/en\/wp-json\/wp\/v2\/users\/5"}],"replies":[{"embeddable":true,"href":"https:\/\/www.gernikagogoratuz.org\/en\/wp-json\/wp\/v2\/comments?post=32551"}],"version-history":[{"count":2,"href":"https:\/\/www.gernikagogoratuz.org\/en\/wp-json\/wp\/v2\/posts\/32551\/revisions"}],"predecessor-version":[{"id":32553,"href":"https:\/\/www.gernikagogoratuz.org\/en\/wp-json\/wp\/v2\/posts\/32551\/revisions\/32553"}],"wp:featuredmedia":[{"embeddable":true,"href":"https:\/\/www.gernikagogoratuz.org\/en\/wp-json\/wp\/v2\/media\/32535"}],"wp:attachment":[{"href":"https:\/\/www.gernikagogoratuz.org\/en\/wp-json\/wp\/v2\/media?parent=32551"}],"wp:term":[{"taxonomy":"category","embeddable":true,"href":"https:\/\/www.gernikagogoratuz.org\/en\/wp-json\/wp\/v2\/categories?post=32551"},{"taxonomy":"post_tag","embeddable":true,"href":"https:\/\/www.gernikagogoratuz.org\/en\/wp-json\/wp\/v2\/tags?post=32551"}],"curies":[{"name":"wp","href":"https:\/\/api.w.org\/{rel}","templated":true}]}}