{"id":21499,"date":"2017-02-01T08:08:11","date_gmt":"2017-02-01T08:08:11","guid":{"rendered":"https:\/\/www.gernikagogoratuz.org\/?p=21499"},"modified":"2019-09-06T09:13:11","modified_gmt":"2019-09-06T09:13:11","slug":"hitzaldiak-laborategia-bakearen-ekonomia-eta-giza-eskubideak","status":"publish","type":"post","link":"https:\/\/www.gernikagogoratuz.org\/eu\/hitzaldiak-laborategia-bakearen-ekonomia-eta-giza-eskubideak\/","title":{"rendered":"I LABORATEGIA: BAKEAREN EKONOMIA. HITZALDIAK"},"content":{"rendered":"<div class=\"wpb-content-wrapper\"><p>[vc_row][vc_column][vc_column_text]<\/p>\n<h4>Urtarrilaren 30 eta 31, Bizkaia Aretoaren, Arriaga gelan, Bilbon.<\/h4>\n<p>[\/vc_column_text][vc_empty_space][vc_column_text]<a href=\"https:\/\/ustream.tv\/recorded\/99499531\" target=\"_blank\" rel=\"noopener noreferrer\"><img loading=\"lazy\" decoding=\"async\" class=\"alignnone wp-image-21634 size-full\" src=\"https:\/\/www.gernikagogoratuz.org\/wp-content\/uploads\/2017\/02\/1\u00aa-parte-Lab-Economia-de-paz-I-2017-e1567426766596.png\" alt=\"\" width=\"825\" height=\"393\" srcset=\"https:\/\/www.gernikagogoratuz.org\/wp-content\/uploads\/2017\/02\/1\u00aa-parte-Lab-Economia-de-paz-I-2017-e1567426766596.png 825w, https:\/\/www.gernikagogoratuz.org\/wp-content\/uploads\/2017\/02\/1\u00aa-parte-Lab-Economia-de-paz-I-2017-e1567426766596-300x143.png 300w, https:\/\/www.gernikagogoratuz.org\/wp-content\/uploads\/2017\/02\/1\u00aa-parte-Lab-Economia-de-paz-I-2017-e1567426766596-768x366.png 768w\" sizes=\"auto, (max-width: 825px) 100vw, 825px\" \/><\/a>[\/vc_column_text][vc_text_separator title=&#8221;I Laborategia: Euskal enpresa eta Giza Eskubideak (1. partea)&#8221; color=&#8221;custom&#8221; border_width=&#8221;4&#8243; accent_color=&#8221;#7dab6a&#8221;][vc_empty_space][vc_column_text]<strong>Apertura, introducci\u00f3n e intervenciones<\/strong><\/p>\n<hr \/>\n<ul>\n<li><strong>Paul Ortega (01:29- 11:54): Director de la Agencia Vasca de Cooperaci\u00f3n.<\/strong><\/li>\n<\/ul>\n<p>&#8211; Objetivos para contribuir en el respeto de los DDHH en operaciones y relaciones comerciales.<\/p>\n<p>&#8211; \u00a0Planes de empresa y DDHH deben abordar temas como la econom\u00eda social y de inclusi\u00f3n, econom\u00eda civil y de bien com\u00fan.<\/p>\n<ul>\n<li><strong>Jokin Alberdi (12:15- 21:20): Gernika Gogoratuz.<\/strong><\/li>\n<\/ul>\n<p>&#8211;\u00a0 Presentaci\u00f3n de los objetivos.<\/p>\n<p>&#8211; Compatibilidad de lo econ\u00f3mico y lo empresarial con los DDHH.<\/p>\n<ul>\n<li><strong>Juan Hern\u00e1ndez Zubizarreta (23:51- 47:27): Profesor UPV e investigador del Observatorio de Multinacionales en Am\u00e9rica Latina (OMAL).<\/strong><\/li>\n<\/ul>\n<p>&#8211; Debates en torno transnacionales y derechos humanos.<\/p>\n<p>&#8211; La vulneraci\u00f3n de los DDHH por parte de las multinacionales como violaciones sist\u00e9micas, que parten de la arquitectura de impunidad de estas empresas caracterizadas por la asimetr\u00eda y la desigualdad jur\u00eddica.<\/p>\n<ul>\n<li><strong>Orencio V\u00e1zquez (47:45- 01:03:13): Observatorio de Responsabilidad Social Corporativa.<\/strong><\/li>\n<\/ul>\n<p>&#8211; Luces y sombras de las empresas espa\u00f1olas en cuanto al cumplimiento de los principios rectores de Naciones Unidas y las RSE.<\/p>\n<p>&#8211; Necesidad de un cambio financiero para olvidarnos de la fractura entre los Derechos Humanos y la actividad econ\u00f3mica.<\/p>\n<ul>\n<li><strong>Isaac Ru\u00edz (01:03:25- 01:18:24): GAMESA.<\/strong><\/li>\n<\/ul>\n<p>&#8211; Necesidad de un papel activo de los mayores agentes econ\u00f3micos del mundo en la agenda de los Derechos Humanos.<\/p>\n<p>&#8211; Los DDHH para las empresas transnacionales constituyen un factor de riesgo pero se indican una serie de pasos hacia la RSE.<\/p>\n<ul>\n<li><strong>Antonio Vives (01:19:19- 01:36:15): Ex gerente del BID y profesor en la Universidad de Standford.<\/strong><\/li>\n<\/ul>\n<p>&#8211; Pensativa err\u00f3nea de que el problema de los DDHH reside exclusivamente en los pa\u00edses en v\u00edas de desarrollo<\/p>\n<p>&#8211; Importancia de llevar la realidad a las empresas normales y corrientes, que constituyen el 99% del total de \u00e9stas.<\/p>\n<p>&#8211; Empresas transnacionales solo respetar\u00e1n los DDHH si est\u00e1n obligados por ley.[\/vc_column_text][vc_empty_space][vc_column_text]<a href=\"https:\/\/ustream.tv\/recorded\/99502037\" target=\"_blank\" rel=\"noopener noreferrer\"><img loading=\"lazy\" decoding=\"async\" class=\"alignnone wp-image-21637 size-full\" src=\"https:\/\/www.gernikagogoratuz.org\/wp-content\/uploads\/2017\/02\/2\u00aa-parte-Lab-Economia-de-paz-I-2017-e1567426849230.jpg\" alt=\"\" width=\"827\" height=\"384\" srcset=\"https:\/\/www.gernikagogoratuz.org\/wp-content\/uploads\/2017\/02\/2\u00aa-parte-Lab-Economia-de-paz-I-2017-e1567426849230.jpg 827w, https:\/\/www.gernikagogoratuz.org\/wp-content\/uploads\/2017\/02\/2\u00aa-parte-Lab-Economia-de-paz-I-2017-e1567426849230-300x139.jpg 300w, https:\/\/www.gernikagogoratuz.org\/wp-content\/uploads\/2017\/02\/2\u00aa-parte-Lab-Economia-de-paz-I-2017-e1567426849230-768x357.jpg 768w\" sizes=\"auto, (max-width: 827px) 100vw, 827px\" \/><\/a>[\/vc_column_text][vc_text_separator title=&#8221;I Laborategia: Euskal enpresa eta Giza Eskubideak (2. partea)&#8221; color=&#8221;custom&#8221; border_width=&#8221;4&#8243; accent_color=&#8221;#7dab6a&#8221;][vc_empty_space][vc_column_text]<strong>Di\u00e1logos horizontales (6 intervenciones) y debates<\/strong><\/p>\n<hr \/>\n<ul>\n<li><strong>Joxerramon Bengoetxea (01:25- 08:38): Coordinador EHU Gune de UPV.<\/strong><\/li>\n<\/ul>\n<p>&#8211; Abordar problem\u00e1ticas de inter\u00e9s social desde un enfoque cooperativo y multidisciplinar.<\/p>\n<p>&#8211; Uso de la teor\u00eda de sistemas para explicar la interrelaci\u00f3n entre paz, econom\u00eda y empresa.<\/p>\n<ul>\n<li><strong>Izaskun Alonso (09:07- 23:02): The Rights Factory.<\/strong><\/li>\n<\/ul>\n<p>&#8211; Necesidad de un marco normativo y de regulaci\u00f3n para que las empresas protejan los DDHH.<\/p>\n<p>&#8211; Falta de sensibilizaci\u00f3n y formaci\u00f3n por parte de empresas y administraci\u00f3n p\u00fablica.<\/p>\n<ul>\n<li><strong>Gonzalo Fern\u00e1ndez (23:16- 31:06): OMAL.<\/strong><\/li>\n<\/ul>\n<p>&#8211; Necesidad de regular en profunda simetr\u00eda a favor de las empresas, pues \u00e9stas solas, de manera natural, no van a aportar positivamente en el cumplimiento de los DDHH ya que tienen el lucro y la m\u00e1xima ganancia como clave fundamental.<\/p>\n<ul>\n<li><strong>Eduardo Gim\u00e9nez (31:17- 40:22): Ingeteam.<\/strong><\/li>\n<\/ul>\n<p>&#8211; Las empresas buscan capacidad diferencial respecto a otras.<\/p>\n<p>&#8211; Impulsar RSE es caro, lo que lleva a una competencia desequilibrada.<\/p>\n<p>&#8211; Las regulaciones impactan positivamente a ganar valor y a una mejor organizaci\u00f3n dentro de la empresa.<\/p>\n<ul>\n<li><strong>Leyre Madariaga (40:38- 52:30): Acci\u00f3n Exterior del Gobierno Vasco.<\/strong><\/li>\n<\/ul>\n<p>&#8211; Asegura que un marco vasco de regulaci\u00f3n sin un marco internacional podr\u00eda ser contraproducente.<\/p>\n<p>&#8211; Remarca que la sensibilidad sobre la RSE est\u00e1 creciendo.<\/p>\n<ul>\n<li><strong>Silvia Gregorio (53:00- 01:07:35): Coordinadora de ONGD (cooperaci\u00f3n al desarrollo).<\/strong><\/li>\n<\/ul>\n<p>&#8211; La necesidad de pa\u00edses en subdesarrollo por parte de pa\u00edses m\u00e1s enriquecidos para subsistir e incrementar ganancias como una de las causas del sistema capitalista.<\/p>\n<ul>\n<li><strong>Dani Guti\u00e9rrez (01:01:45- 01:07:35): Ongi Etorri Errefuxiatuak.<\/strong><\/li>\n<\/ul>\n<p>&#8211; Ausencia de \u00e9tica en el Gobierno Vasco debido a las empresas de armas en Euskadi<\/p>\n<ul>\n<li><strong>Eva Silvan (01:08:25- 01:14:12): Save the Children.<\/strong><\/li>\n<\/ul>\n<p>&#8211; Las empresas no son un agente de cooperaci\u00f3n pero s\u00ed de desarrollo econ\u00f3mico.<\/p>\n<p>&#8211; Necesidad de no separarse y colaborar entre empresas privadas, ONGs y el tercer sector para impulsar los Derechos Humanos.<\/p>\n<ul>\n<li><strong>Joseba Ossa (01:14:23- 01:19:31): Bakun.<\/strong><\/li>\n<\/ul>\n<p>&#8211; Desobediencia civil justificada.<\/p>\n<p>&#8211; Cooperaci\u00f3n entre movimientos sociales, instituciones, empresas\u2026<\/p>\n<ul>\n<li><strong>Leyre Madariaga (01:19:36- 01:22:32): Acci\u00f3n Exterior Gobierno Vasco.<\/strong><\/li>\n<\/ul>\n<p>&#8211; \u00c9nfasis para no caer en din\u00e1micas degenerativas.<\/p>\n<p>&#8211; Afirma que hay contradicciones en la instituci\u00f3n ( negocio armament\u00edstico).<\/p>\n<ul>\n<li><strong>Pasqualino Colombaro (01:22:53- 01:26:25): Investigador independiente.<\/strong><\/li>\n<\/ul>\n<p>&#8211; Subrayar la importancia del papel de los sindicatos como asociaci\u00f3n de trabajadores contra el poder patronal.<\/p>\n<p>&#8211; Contrataci\u00f3n Sindicalista \u00e0 manera m\u00e1s eficaz de establecer derechos y protecciones.<\/p>\n<ul>\n<li><strong>Josu Urrutia (01:26:38- 01:29:31): Mundukide.<\/strong><\/li>\n<\/ul>\n<p>&#8211; Recalcar la importancia de la econom\u00eda social en el debate como referente.<\/p>\n<ul>\n<li><strong>Esther Guerrero (01:29:39- 01:33:47): UNICEF.<\/strong><\/li>\n<\/ul>\n<p>&#8211; Reitera la cooperaci\u00f3n para el desarrollo sostenible y el impacto de las empresas en la garant\u00eda de los derechos de la infancia.<\/p>\n<ul>\n<li><strong>Jokin Alberdi (01:34:02- 01:37:12): Gernika Gogoratuz.<\/strong><\/li>\n<\/ul>\n<p>&#8211; Necesidad de desarrollo legislativo.<\/p>\n<p>&#8211; Hay leyes que ya fijan un marco normativo que no se ven aplicadas.<\/p>\n<ul>\n<li><strong>Ester Mu\u00f1oz (01:37:16- 01:39:28): Instituto de Derechos Humanos Pedro Arrupe (UD).<\/strong><\/li>\n<\/ul>\n<p>&#8211; El derecho de los Derechos Humanos cuenta con pocos canales de aplicaci\u00f3n efectiva.<\/p>\n<ul>\n<li><strong>Daniel Nina (01:39:33- 01:44:53): Profesor de Administraci\u00f3n de Empresas y Derecho en la Universidad de Puerto Rico.<\/strong><\/li>\n<\/ul>\n<p>&#8211; Redirigir el debate fuera de posiciones esot\u00e9ricas.<\/p>\n<p>&#8211; Necesidad de reorientar los procesos de producci\u00f3n y trabajo, pero no solo de la industria armament\u00edstica sino de toda empresa.<\/p>\n<ul>\n<li><strong>Dani Guti\u00e9rrez (01:45:14- 01:46:17): Ongi Etorri Errefuxiatuak.<\/strong><\/li>\n<\/ul>\n<p>&#8211; Destaca que en el concepto de Econom\u00eda de Paz no solo entra el proceso productivo sino tambi\u00e9n el qu\u00e9 se produce.<\/p>\n<ul>\n<li><strong>Antonio Vives (01:47:03- 01:52:21): Profesor Universidad de Standford.<\/strong><\/li>\n<\/ul>\n<p>&#8211; Si se quiere regular hace falta un entorno que realmente sea capaz de regular la regulaci\u00f3n.<\/p>\n<p>&#8211; Diferencias entre la responsabilidad empresarial y si lo que se produce y la manera en que se produce es responsable o nocivo.<\/p>\n<ul>\n<li><strong>Daniel Nina (01:52:23- 01:54:15): Profesor Universidad de Standford.<\/strong><\/li>\n<\/ul>\n<p>&#8211; Rebate la \u00faltima intervenci\u00f3n de Antonio Vives.<\/p>\n<ul>\n<li><strong>Juan Hern\u00e1ndez (01:57:11- 02:03:01): Profesor UPV\/ investigador OMAL.<\/strong><\/li>\n<\/ul>\n<p>&#8211; Puntualiza que se regulan derechos de transnacionales pero se desregulan sus obligaciones.<\/p>\n<ul>\n<li><strong>Antonio Vives (02:03:05- 02:04:07): Profesor Universidad de Standford.<\/strong><\/li>\n<\/ul>\n<p>&#8211; Habla de la imputaci\u00f3n de la culpa hacia la RSC cuando la culpa recae sobre los funcionarios de la empresa.<\/p>\n<p>&#8211; Responsabilidad penal individual.<\/p>\n<ul>\n<li><strong>Orencio V\u00e1zquez (02:04:08- 02:08:27): Observatorio de RSC.<\/strong><\/li>\n<\/ul>\n<p>&#8211; Acceso a remediaci\u00f3n.<\/p>\n<p>&#8211; Derechos Humanos fundamentales e individuales siempre deber\u00edan de estar por encima de la dicotom\u00eda de los costes\/beneficios.<\/p>\n<ul>\n<li><strong>Joseba Ossa (02:08:40- 02:11:01): Bakun.<\/strong><\/li>\n<\/ul>\n<p>&#8211; Falta de presencia sindical.<\/p>\n<p>&#8211; Ve como imagen simb\u00f3lica potente el que empresarios y representantes de la sociedad civil fueran \u201cde la mano\u201d en misiones comerciales.<\/p>\n<ul>\n<li><strong>Isaac Ru\u00edz (02:11:08- 02:13:29): GAMESA.<\/strong><\/li>\n<\/ul>\n<p>&#8211; Pensamiento negativo frente a propuestas como los tratados de Par\u00eds ya que tienen poco impacto si las petroleras mantienen la hegemon\u00eda de poder.<\/p>\n<ul>\n<li><strong>Antonio Vives (02:1330- 02:15:53): Profesor Universidad de Standford.<\/strong><\/li>\n<\/ul>\n<p>&#8211; Necesidad de movernos hacia una energ\u00eda descarbonizada, aunque hace falta mucho tiempo para hacer tales cambios.<\/p>\n<ul>\n<li><strong>Juan Hern\u00e1ndez (02:15:56- 02:18:00): Profesor UPV\/ investigador OMAL.<\/strong><\/li>\n<\/ul>\n<p>&#8211; Camino hacia un \u201ccrack\u201d civilizatorio.<\/p>\n<p>-Idea de que vivimos en un sistema con problemas para la reproducci\u00f3n del ciclo del capital debido a la financiarizaci\u00f3n.<\/p>\n<ul>\n<li><strong>Daniel Nina (02:18:01- 02:21:43): Profesor Universidad de Puerto Rico.<\/strong><\/li>\n<\/ul>\n<p>&#8211; Necesidad de una hoja de ruta de di\u00e1logo.<\/p>\n<p>&#8211; La p\u00e9rdida de valor en un mundo cambiante.<\/p>\n<ul>\n<li><strong>Antonio Vives (02:21:44- 02:23:09): Profesor Universidad de Standford.<\/strong><\/li>\n<\/ul>\n<p>&#8211; El cambio de energ\u00edas renovables no puede ser muy abrupto, ya que repercute tanto en lo econ\u00f3mico como en lo pol\u00edtico y social.<\/p>\n<ul>\n<li><strong>Orencio V\u00e1zquez (02:23:16- 02:24:53): Observatorio RSC.<\/strong><\/li>\n<\/ul>\n<p>&#8211; No hay un impulso suficiente sobre este cambio de energ\u00edas.<\/p>\n<p>&#8211; Las instituciones tienen la capacidad de incrementar la oferta de esos cambios para que haya m\u00e1s demanda pero no lo hacen.<\/p>\n<ul>\n<li><strong>Antonio Vives (02:25:00- 02:26:40): Profesor Universidad de Standford.<\/strong><\/li>\n<\/ul>\n<p>&#8211; Aclaraci\u00f3n sobre las ayudas en subsidios que recibe la empresa Tesla.<\/p>\n<ul>\n<li><strong>Esther Guerrero (02:26:58- 02:29:07): UNICEF.<\/strong><\/li>\n<\/ul>\n<p>&#8211; Recomendaciones hacia el tercer sector para un desarrollo sostenible.<\/p>\n<ul>\n<li><strong>Juan Hern\u00e1ndez (02:29:09- 02:30:36): Profesor UPV\/ investigador OMAL.<\/strong><\/li>\n<\/ul>\n<p>&#8211; Mecanismos de doble imputaci\u00f3n para empresas que vulneren derechos en el \u00e1mbito internacional.<\/p>\n<p>&#8211; Explicaci\u00f3n de un mecanismo de extra territorialidad jur\u00eddica.<\/p>\n<ul>\n<li><strong>Antonio Vives (02:30:45- 02:31:58): Profesor Universidad de Standford.<\/strong><\/li>\n<\/ul>\n<p>&#8211; Importancia del tercer sector en informar al p\u00fablico (da voz a los problemas).<\/p>\n<ul>\n<li><strong>Eva Silvan (02:32:03- 02:33:19): Save the Children.<\/strong><\/li>\n<\/ul>\n<p>&#8211; Buscar propuestas materializadas en compromisos con nuevas legislaciones.<\/p>\n<ul>\n<li><strong>Juan Hern\u00e1ndez (02:22:24- 02:34:58): Profesor UPV\/ investigador OMAL.<\/strong><\/li>\n<\/ul>\n<p>&#8211; Ejemplo de Catalunya: creaci\u00f3n de mecanismos p\u00fablicos de denuncia y\/O regulaci\u00f3n para transnacionales catalanas.<\/p>\n<ul>\n<li><strong>Daniel Nina (02:35:00- 02:38:10): Profesor Universidad de Puerto Rico.<\/strong><\/li>\n<\/ul>\n<p>&#8211; Respuesta a Juan Hern\u00e1ndez.<\/p>\n<p>&#8211; Apoya el movimiento econ\u00f3mico, pero regulado, ya que es necesario para el bienestar de la gente.<\/p>\n<ul>\n<li><strong>Iban Askasibar (02:38:10- 02:41:49): Fundaci\u00f3n Ayuda en Acci\u00f3n.<\/strong><\/li>\n<\/ul>\n<p>&#8211; Imposibilidad de llevar una representaci\u00f3n civil de DDHH en empresas o misiones econ\u00f3micas \u00e0 choque de intereses.<\/p>\n<ul>\n<li><strong>Maria Oianguren (02:49:02- 02:55:23): Gernika Gogoratuz.<\/strong><\/li>\n<\/ul>\n<p>&#8211; Conclusiones y posibles v\u00edas de futuro.[\/vc_column_text][vc_empty_space][\/vc_column][\/vc_row]<\/p>\n<\/div>","protected":false},"excerpt":{"rendered":"<p>Bakearen Ekonomia kontzeptua eta gobernatze modu berriak esploratzeko espazio bat irekitzea da laborategi honen helburua<\/p>\n","protected":false},"author":5,"featured_media":21496,"comment_status":"open","ping_status":"open","sticky":false,"template":"","format":"standard","meta":{"inline_featured_image":false,"footnotes":""},"categories":[264],"tags":[],"class_list":["post-21499","post","type-post","status-publish","format-standard","has-post-thumbnail","hentry","category-bakearen-ekonomia"],"yoast_head":"<!-- This site is optimized with the Yoast SEO plugin v27.5 - https:\/\/yoast.com\/product\/yoast-seo-wordpress\/ -->\n<title>Gernika Gogoratuz, Centro de Investigaci\u00f3n por la Paz<\/title>\n<meta name=\"description\" content=\"Bakearen Ekonomia kontzeptua eta gobernatze modu berriak esploratzeko espazio bat irekitzea da laborategi honen helburua\" \/>\n<meta name=\"robots\" content=\"index, follow, max-snippet:-1, max-image-preview:large, max-video-preview:-1\" \/>\n<link rel=\"canonical\" href=\"https:\/\/www.gernikagogoratuz.org\/eu\/hitzaldiak-laborategia-bakearen-ekonomia-eta-giza-eskubideak\/\" \/>\n<meta property=\"og:locale\" content=\"eu_ES\" \/>\n<meta property=\"og:type\" content=\"article\" \/>\n<meta property=\"og:title\" content=\"Gernika Gogoratuz, Centro de Investigaci\u00f3n por la Paz\" \/>\n<meta property=\"og:description\" content=\"Bakearen Ekonomia kontzeptua eta gobernatze modu berriak esploratzeko espazio bat irekitzea da laborategi honen helburua\" \/>\n<meta property=\"og:url\" content=\"https:\/\/www.gernikagogoratuz.org\/eu\/hitzaldiak-laborategia-bakearen-ekonomia-eta-giza-eskubideak\/\" \/>\n<meta property=\"og:site_name\" content=\"Gernika Gogoratuz\" \/>\n<meta property=\"article:publisher\" content=\"https:\/\/www.facebook.com\/GernikaGogoratuzFundacion\" \/>\n<meta property=\"article:published_time\" content=\"2017-02-01T08:08:11+00:00\" \/>\n<meta property=\"article:modified_time\" content=\"2019-09-06T09:13:11+00:00\" \/>\n<meta property=\"og:image\" content=\"https:\/\/www.gernikagogoratuz.org\/wp-content\/uploads\/2019\/08\/economia-paz-labI-2017.jpg\" \/>\n\t<meta property=\"og:image:width\" content=\"1600\" \/>\n\t<meta property=\"og:image:height\" content=\"900\" \/>\n\t<meta property=\"og:image:type\" content=\"image\/jpeg\" \/>\n<meta name=\"author\" content=\"Gernika Gogoratuz\" \/>\n<meta name=\"twitter:card\" content=\"summary_large_image\" \/>\n<meta name=\"twitter:creator\" content=\"@GGogoratuz\" \/>\n<meta name=\"twitter:site\" content=\"@GGogoratuz\" \/>\n<meta name=\"twitter:label1\" content=\"Written by\" \/>\n\t<meta name=\"twitter:data1\" content=\"Gernika Gogoratuz\" \/>\n\t<meta name=\"twitter:label2\" content=\"Est. reading time\" \/>\n\t<meta name=\"twitter:data2\" content=\"8 minutes\" \/>\n<script type=\"application\/ld+json\" class=\"yoast-schema-graph\">{\"@context\":\"https:\\\/\\\/schema.org\",\"@graph\":[{\"@type\":\"Article\",\"@id\":\"https:\\\/\\\/www.gernikagogoratuz.org\\\/eu\\\/hitzaldiak-laborategia-bakearen-ekonomia-eta-giza-eskubideak\\\/#article\",\"isPartOf\":{\"@id\":\"https:\\\/\\\/www.gernikagogoratuz.org\\\/eu\\\/hitzaldiak-laborategia-bakearen-ekonomia-eta-giza-eskubideak\\\/\"},\"author\":{\"name\":\"Gernika Gogoratuz\",\"@id\":\"https:\\\/\\\/www.gernikagogoratuz.org\\\/eu\\\/#\\\/schema\\\/person\\\/56074ce3758ecfb8417c8311e88c79c8\"},\"headline\":\"I LABORATEGIA: BAKEAREN EKONOMIA. HITZALDIAK\",\"datePublished\":\"2017-02-01T08:08:11+00:00\",\"dateModified\":\"2019-09-06T09:13:11+00:00\",\"mainEntityOfPage\":{\"@id\":\"https:\\\/\\\/www.gernikagogoratuz.org\\\/eu\\\/hitzaldiak-laborategia-bakearen-ekonomia-eta-giza-eskubideak\\\/\"},\"wordCount\":1576,\"commentCount\":0,\"publisher\":{\"@id\":\"https:\\\/\\\/www.gernikagogoratuz.org\\\/eu\\\/#organization\"},\"image\":{\"@id\":\"https:\\\/\\\/www.gernikagogoratuz.org\\\/eu\\\/hitzaldiak-laborategia-bakearen-ekonomia-eta-giza-eskubideak\\\/#primaryimage\"},\"thumbnailUrl\":\"https:\\\/\\\/www.gernikagogoratuz.org\\\/wp-content\\\/uploads\\\/2019\\\/08\\\/economia-paz-labI-2017.jpg\",\"articleSection\":[\"Bake ekonomia\"],\"inLanguage\":\"eu-ES\",\"potentialAction\":[{\"@type\":\"CommentAction\",\"name\":\"Comment\",\"target\":[\"https:\\\/\\\/www.gernikagogoratuz.org\\\/eu\\\/hitzaldiak-laborategia-bakearen-ekonomia-eta-giza-eskubideak\\\/#respond\"]}]},{\"@type\":\"WebPage\",\"@id\":\"https:\\\/\\\/www.gernikagogoratuz.org\\\/eu\\\/hitzaldiak-laborategia-bakearen-ekonomia-eta-giza-eskubideak\\\/\",\"url\":\"https:\\\/\\\/www.gernikagogoratuz.org\\\/eu\\\/hitzaldiak-laborategia-bakearen-ekonomia-eta-giza-eskubideak\\\/\",\"name\":\"Gernika Gogoratuz, Centro de Investigaci\u00f3n por la Paz\",\"isPartOf\":{\"@id\":\"https:\\\/\\\/www.gernikagogoratuz.org\\\/eu\\\/#website\"},\"primaryImageOfPage\":{\"@id\":\"https:\\\/\\\/www.gernikagogoratuz.org\\\/eu\\\/hitzaldiak-laborategia-bakearen-ekonomia-eta-giza-eskubideak\\\/#primaryimage\"},\"image\":{\"@id\":\"https:\\\/\\\/www.gernikagogoratuz.org\\\/eu\\\/hitzaldiak-laborategia-bakearen-ekonomia-eta-giza-eskubideak\\\/#primaryimage\"},\"thumbnailUrl\":\"https:\\\/\\\/www.gernikagogoratuz.org\\\/wp-content\\\/uploads\\\/2019\\\/08\\\/economia-paz-labI-2017.jpg\",\"datePublished\":\"2017-02-01T08:08:11+00:00\",\"dateModified\":\"2019-09-06T09:13:11+00:00\",\"description\":\"Bakearen Ekonomia kontzeptua eta gobernatze modu berriak esploratzeko espazio bat irekitzea da laborategi honen helburua\",\"breadcrumb\":{\"@id\":\"https:\\\/\\\/www.gernikagogoratuz.org\\\/eu\\\/hitzaldiak-laborategia-bakearen-ekonomia-eta-giza-eskubideak\\\/#breadcrumb\"},\"inLanguage\":\"eu-ES\",\"potentialAction\":[{\"@type\":\"ReadAction\",\"target\":[\"https:\\\/\\\/www.gernikagogoratuz.org\\\/eu\\\/hitzaldiak-laborategia-bakearen-ekonomia-eta-giza-eskubideak\\\/\"]}]},{\"@type\":\"ImageObject\",\"inLanguage\":\"eu-ES\",\"@id\":\"https:\\\/\\\/www.gernikagogoratuz.org\\\/eu\\\/hitzaldiak-laborategia-bakearen-ekonomia-eta-giza-eskubideak\\\/#primaryimage\",\"url\":\"https:\\\/\\\/www.gernikagogoratuz.org\\\/wp-content\\\/uploads\\\/2019\\\/08\\\/economia-paz-labI-2017.jpg\",\"contentUrl\":\"https:\\\/\\\/www.gernikagogoratuz.org\\\/wp-content\\\/uploads\\\/2019\\\/08\\\/economia-paz-labI-2017.jpg\",\"width\":1600,\"height\":900},{\"@type\":\"BreadcrumbList\",\"@id\":\"https:\\\/\\\/www.gernikagogoratuz.org\\\/eu\\\/hitzaldiak-laborategia-bakearen-ekonomia-eta-giza-eskubideak\\\/#breadcrumb\",\"itemListElement\":[{\"@type\":\"ListItem\",\"position\":1,\"name\":\"Portada\",\"item\":\"https:\\\/\\\/www.gernikagogoratuz.org\\\/eu\\\/\"},{\"@type\":\"ListItem\",\"position\":2,\"name\":\"Bake ekonomia\",\"item\":\"https:\\\/\\\/www.gernikagogoratuz.org\\\/eu\\\/category\\\/bakearen-ekonomia\\\/\"},{\"@type\":\"ListItem\",\"position\":3,\"name\":\"I LABORATEGIA: BAKEAREN EKONOMIA. HITZALDIAK\"}]},{\"@type\":\"WebSite\",\"@id\":\"https:\\\/\\\/www.gernikagogoratuz.org\\\/eu\\\/#website\",\"url\":\"https:\\\/\\\/www.gernikagogoratuz.org\\\/eu\\\/\",\"name\":\"Gernika Gogoratuz\",\"description\":\"Centro de investigaci\u00f3n por la paz\",\"publisher\":{\"@id\":\"https:\\\/\\\/www.gernikagogoratuz.org\\\/eu\\\/#organization\"},\"potentialAction\":[{\"@type\":\"SearchAction\",\"target\":{\"@type\":\"EntryPoint\",\"urlTemplate\":\"https:\\\/\\\/www.gernikagogoratuz.org\\\/eu\\\/?s={search_term_string}\"},\"query-input\":{\"@type\":\"PropertyValueSpecification\",\"valueRequired\":true,\"valueName\":\"search_term_string\"}}],\"inLanguage\":\"eu-ES\"},{\"@type\":\"Organization\",\"@id\":\"https:\\\/\\\/www.gernikagogoratuz.org\\\/eu\\\/#organization\",\"name\":\"Gernika Gogoratuz. Centro de Investigaci\u00f3n por la Paz.\",\"url\":\"https:\\\/\\\/www.gernikagogoratuz.org\\\/eu\\\/\",\"logo\":{\"@type\":\"ImageObject\",\"inLanguage\":\"eu-ES\",\"@id\":\"https:\\\/\\\/www.gernikagogoratuz.org\\\/eu\\\/#\\\/schema\\\/logo\\\/image\\\/\",\"url\":\"https:\\\/\\\/www.gernikagogoratuz.org\\\/wp-content\\\/uploads\\\/2018\\\/10\\\/gernikagogoratuzogo_es.svg\",\"contentUrl\":\"https:\\\/\\\/www.gernikagogoratuz.org\\\/wp-content\\\/uploads\\\/2018\\\/10\\\/gernikagogoratuzogo_es.svg\",\"width\":1,\"height\":1,\"caption\":\"Gernika Gogoratuz. Centro de Investigaci\u00f3n por la Paz.\"},\"image\":{\"@id\":\"https:\\\/\\\/www.gernikagogoratuz.org\\\/eu\\\/#\\\/schema\\\/logo\\\/image\\\/\"},\"sameAs\":[\"https:\\\/\\\/www.facebook.com\\\/GernikaGogoratuzFundacion\",\"https:\\\/\\\/x.com\\\/GGogoratuz\",\"https:\\\/\\\/www.youtube.com\\\/user\\\/gernikagogoratuz\\\/videos\"]},{\"@type\":\"Person\",\"@id\":\"https:\\\/\\\/www.gernikagogoratuz.org\\\/eu\\\/#\\\/schema\\\/person\\\/56074ce3758ecfb8417c8311e88c79c8\",\"name\":\"Gernika Gogoratuz\",\"image\":{\"@type\":\"ImageObject\",\"inLanguage\":\"eu-ES\",\"@id\":\"https:\\\/\\\/secure.gravatar.com\\\/avatar\\\/fec0f20c36775b6715813b8de1aaf669d19199d3c0cc9d7aaf3d6e34de76a8a2?s=96&d=mm&r=g\",\"url\":\"https:\\\/\\\/secure.gravatar.com\\\/avatar\\\/fec0f20c36775b6715813b8de1aaf669d19199d3c0cc9d7aaf3d6e34de76a8a2?s=96&d=mm&r=g\",\"contentUrl\":\"https:\\\/\\\/secure.gravatar.com\\\/avatar\\\/fec0f20c36775b6715813b8de1aaf669d19199d3c0cc9d7aaf3d6e34de76a8a2?s=96&d=mm&r=g\",\"caption\":\"Gernika Gogoratuz\"},\"url\":\"https:\\\/\\\/www.gernikagogoratuz.org\\\/eu\\\/author\\\/mariah\\\/\"}]}<\/script>\n<!-- \/ Yoast SEO plugin. -->","yoast_head_json":{"title":"Gernika Gogoratuz, Centro de Investigaci\u00f3n por la Paz","description":"Bakearen Ekonomia kontzeptua eta gobernatze modu berriak esploratzeko espazio bat irekitzea da laborategi honen helburua","robots":{"index":"index","follow":"follow","max-snippet":"max-snippet:-1","max-image-preview":"max-image-preview:large","max-video-preview":"max-video-preview:-1"},"canonical":"https:\/\/www.gernikagogoratuz.org\/eu\/hitzaldiak-laborategia-bakearen-ekonomia-eta-giza-eskubideak\/","og_locale":"eu_ES","og_type":"article","og_title":"Gernika Gogoratuz, Centro de Investigaci\u00f3n por la Paz","og_description":"Bakearen Ekonomia kontzeptua eta gobernatze modu berriak esploratzeko espazio bat irekitzea da laborategi honen helburua","og_url":"https:\/\/www.gernikagogoratuz.org\/eu\/hitzaldiak-laborategia-bakearen-ekonomia-eta-giza-eskubideak\/","og_site_name":"Gernika Gogoratuz","article_publisher":"https:\/\/www.facebook.com\/GernikaGogoratuzFundacion","article_published_time":"2017-02-01T08:08:11+00:00","article_modified_time":"2019-09-06T09:13:11+00:00","og_image":[{"width":1600,"height":900,"url":"https:\/\/www.gernikagogoratuz.org\/wp-content\/uploads\/2019\/08\/economia-paz-labI-2017.jpg","type":"image\/jpeg"}],"author":"Gernika Gogoratuz","twitter_card":"summary_large_image","twitter_creator":"@GGogoratuz","twitter_site":"@GGogoratuz","twitter_misc":{"Written by":"Gernika Gogoratuz","Est. reading time":"8 minutes"},"schema":{"@context":"https:\/\/schema.org","@graph":[{"@type":"Article","@id":"https:\/\/www.gernikagogoratuz.org\/eu\/hitzaldiak-laborategia-bakearen-ekonomia-eta-giza-eskubideak\/#article","isPartOf":{"@id":"https:\/\/www.gernikagogoratuz.org\/eu\/hitzaldiak-laborategia-bakearen-ekonomia-eta-giza-eskubideak\/"},"author":{"name":"Gernika Gogoratuz","@id":"https:\/\/www.gernikagogoratuz.org\/eu\/#\/schema\/person\/56074ce3758ecfb8417c8311e88c79c8"},"headline":"I LABORATEGIA: BAKEAREN EKONOMIA. HITZALDIAK","datePublished":"2017-02-01T08:08:11+00:00","dateModified":"2019-09-06T09:13:11+00:00","mainEntityOfPage":{"@id":"https:\/\/www.gernikagogoratuz.org\/eu\/hitzaldiak-laborategia-bakearen-ekonomia-eta-giza-eskubideak\/"},"wordCount":1576,"commentCount":0,"publisher":{"@id":"https:\/\/www.gernikagogoratuz.org\/eu\/#organization"},"image":{"@id":"https:\/\/www.gernikagogoratuz.org\/eu\/hitzaldiak-laborategia-bakearen-ekonomia-eta-giza-eskubideak\/#primaryimage"},"thumbnailUrl":"https:\/\/www.gernikagogoratuz.org\/wp-content\/uploads\/2019\/08\/economia-paz-labI-2017.jpg","articleSection":["Bake ekonomia"],"inLanguage":"eu-ES","potentialAction":[{"@type":"CommentAction","name":"Comment","target":["https:\/\/www.gernikagogoratuz.org\/eu\/hitzaldiak-laborategia-bakearen-ekonomia-eta-giza-eskubideak\/#respond"]}]},{"@type":"WebPage","@id":"https:\/\/www.gernikagogoratuz.org\/eu\/hitzaldiak-laborategia-bakearen-ekonomia-eta-giza-eskubideak\/","url":"https:\/\/www.gernikagogoratuz.org\/eu\/hitzaldiak-laborategia-bakearen-ekonomia-eta-giza-eskubideak\/","name":"Gernika Gogoratuz, Centro de Investigaci\u00f3n por la Paz","isPartOf":{"@id":"https:\/\/www.gernikagogoratuz.org\/eu\/#website"},"primaryImageOfPage":{"@id":"https:\/\/www.gernikagogoratuz.org\/eu\/hitzaldiak-laborategia-bakearen-ekonomia-eta-giza-eskubideak\/#primaryimage"},"image":{"@id":"https:\/\/www.gernikagogoratuz.org\/eu\/hitzaldiak-laborategia-bakearen-ekonomia-eta-giza-eskubideak\/#primaryimage"},"thumbnailUrl":"https:\/\/www.gernikagogoratuz.org\/wp-content\/uploads\/2019\/08\/economia-paz-labI-2017.jpg","datePublished":"2017-02-01T08:08:11+00:00","dateModified":"2019-09-06T09:13:11+00:00","description":"Bakearen Ekonomia kontzeptua eta gobernatze modu berriak esploratzeko espazio bat irekitzea da laborategi honen helburua","breadcrumb":{"@id":"https:\/\/www.gernikagogoratuz.org\/eu\/hitzaldiak-laborategia-bakearen-ekonomia-eta-giza-eskubideak\/#breadcrumb"},"inLanguage":"eu-ES","potentialAction":[{"@type":"ReadAction","target":["https:\/\/www.gernikagogoratuz.org\/eu\/hitzaldiak-laborategia-bakearen-ekonomia-eta-giza-eskubideak\/"]}]},{"@type":"ImageObject","inLanguage":"eu-ES","@id":"https:\/\/www.gernikagogoratuz.org\/eu\/hitzaldiak-laborategia-bakearen-ekonomia-eta-giza-eskubideak\/#primaryimage","url":"https:\/\/www.gernikagogoratuz.org\/wp-content\/uploads\/2019\/08\/economia-paz-labI-2017.jpg","contentUrl":"https:\/\/www.gernikagogoratuz.org\/wp-content\/uploads\/2019\/08\/economia-paz-labI-2017.jpg","width":1600,"height":900},{"@type":"BreadcrumbList","@id":"https:\/\/www.gernikagogoratuz.org\/eu\/hitzaldiak-laborategia-bakearen-ekonomia-eta-giza-eskubideak\/#breadcrumb","itemListElement":[{"@type":"ListItem","position":1,"name":"Portada","item":"https:\/\/www.gernikagogoratuz.org\/eu\/"},{"@type":"ListItem","position":2,"name":"Bake ekonomia","item":"https:\/\/www.gernikagogoratuz.org\/eu\/category\/bakearen-ekonomia\/"},{"@type":"ListItem","position":3,"name":"I LABORATEGIA: BAKEAREN EKONOMIA. HITZALDIAK"}]},{"@type":"WebSite","@id":"https:\/\/www.gernikagogoratuz.org\/eu\/#website","url":"https:\/\/www.gernikagogoratuz.org\/eu\/","name":"Gernika Gogoratuz","description":"Centro de investigaci\u00f3n por la paz","publisher":{"@id":"https:\/\/www.gernikagogoratuz.org\/eu\/#organization"},"potentialAction":[{"@type":"SearchAction","target":{"@type":"EntryPoint","urlTemplate":"https:\/\/www.gernikagogoratuz.org\/eu\/?s={search_term_string}"},"query-input":{"@type":"PropertyValueSpecification","valueRequired":true,"valueName":"search_term_string"}}],"inLanguage":"eu-ES"},{"@type":"Organization","@id":"https:\/\/www.gernikagogoratuz.org\/eu\/#organization","name":"Gernika Gogoratuz. Centro de Investigaci\u00f3n por la Paz.","url":"https:\/\/www.gernikagogoratuz.org\/eu\/","logo":{"@type":"ImageObject","inLanguage":"eu-ES","@id":"https:\/\/www.gernikagogoratuz.org\/eu\/#\/schema\/logo\/image\/","url":"https:\/\/www.gernikagogoratuz.org\/wp-content\/uploads\/2018\/10\/gernikagogoratuzogo_es.svg","contentUrl":"https:\/\/www.gernikagogoratuz.org\/wp-content\/uploads\/2018\/10\/gernikagogoratuzogo_es.svg","width":1,"height":1,"caption":"Gernika Gogoratuz. Centro de Investigaci\u00f3n por la Paz."},"image":{"@id":"https:\/\/www.gernikagogoratuz.org\/eu\/#\/schema\/logo\/image\/"},"sameAs":["https:\/\/www.facebook.com\/GernikaGogoratuzFundacion","https:\/\/x.com\/GGogoratuz","https:\/\/www.youtube.com\/user\/gernikagogoratuz\/videos"]},{"@type":"Person","@id":"https:\/\/www.gernikagogoratuz.org\/eu\/#\/schema\/person\/56074ce3758ecfb8417c8311e88c79c8","name":"Gernika Gogoratuz","image":{"@type":"ImageObject","inLanguage":"eu-ES","@id":"https:\/\/secure.gravatar.com\/avatar\/fec0f20c36775b6715813b8de1aaf669d19199d3c0cc9d7aaf3d6e34de76a8a2?s=96&d=mm&r=g","url":"https:\/\/secure.gravatar.com\/avatar\/fec0f20c36775b6715813b8de1aaf669d19199d3c0cc9d7aaf3d6e34de76a8a2?s=96&d=mm&r=g","contentUrl":"https:\/\/secure.gravatar.com\/avatar\/fec0f20c36775b6715813b8de1aaf669d19199d3c0cc9d7aaf3d6e34de76a8a2?s=96&d=mm&r=g","caption":"Gernika Gogoratuz"},"url":"https:\/\/www.gernikagogoratuz.org\/eu\/author\/mariah\/"}]}},"_links":{"self":[{"href":"https:\/\/www.gernikagogoratuz.org\/eu\/wp-json\/wp\/v2\/posts\/21499","targetHints":{"allow":["GET"]}}],"collection":[{"href":"https:\/\/www.gernikagogoratuz.org\/eu\/wp-json\/wp\/v2\/posts"}],"about":[{"href":"https:\/\/www.gernikagogoratuz.org\/eu\/wp-json\/wp\/v2\/types\/post"}],"author":[{"embeddable":true,"href":"https:\/\/www.gernikagogoratuz.org\/eu\/wp-json\/wp\/v2\/users\/5"}],"replies":[{"embeddable":true,"href":"https:\/\/www.gernikagogoratuz.org\/eu\/wp-json\/wp\/v2\/comments?post=21499"}],"version-history":[{"count":0,"href":"https:\/\/www.gernikagogoratuz.org\/eu\/wp-json\/wp\/v2\/posts\/21499\/revisions"}],"wp:featuredmedia":[{"embeddable":true,"href":"https:\/\/www.gernikagogoratuz.org\/eu\/wp-json\/wp\/v2\/media\/21496"}],"wp:attachment":[{"href":"https:\/\/www.gernikagogoratuz.org\/eu\/wp-json\/wp\/v2\/media?parent=21499"}],"wp:term":[{"taxonomy":"category","embeddable":true,"href":"https:\/\/www.gernikagogoratuz.org\/eu\/wp-json\/wp\/v2\/categories?post=21499"},{"taxonomy":"post_tag","embeddable":true,"href":"https:\/\/www.gernikagogoratuz.org\/eu\/wp-json\/wp\/v2\/tags?post=21499"}],"curies":[{"name":"wp","href":"https:\/\/api.w.org\/{rel}","templated":true}]}}