{"id":23947,"date":"2020-07-28T09:41:00","date_gmt":"2020-07-28T09:41:00","guid":{"rendered":"https:\/\/www.gernikagogoratuz.org\/?p=23947"},"modified":"2020-07-28T09:41:01","modified_gmt":"2020-07-28T09:41:01","slug":"ipar-irlandako-bake-prozesuari-buruzko-gernika-sarearen-12-eta-13-dokumentuak-partekatuko-ditugu","status":"publish","type":"post","link":"https:\/\/www.gernikagogoratuz.org\/eu\/ipar-irlandako-bake-prozesuari-buruzko-gernika-sarearen-12-eta-13-dokumentuak-partekatuko-ditugu\/","title":{"rendered":"IPAR IRLANDAKO BAKE PROZESUARI BURUZKO GERNIKA SAREAREN 12. ETA 13. DOKUMENTUAK PARTEKATUKO DITUGU"},"content":{"rendered":"<div class=\"wpb-content-wrapper\"><p>[vc_row][vc_column][vc_column_text]Aste honetan 12. dokumentua partekatuko dugu, \u00abGogoratzen ditugu. Sir Kenneth Bloomfield Ipar Irlandako biktimei buruzko komisarioaren txostena\u00bb (2001), Sir Kenneth Bloomfieldena, bai eta 13. dokumentua ere, \u00abEgia oro mingotsa da. Ipar Irlandara egindako bisitako txostena\u00bb (2001), Alex Boraine doktorearena; biak Gernika Sarea Bildumakoak dira.<\/p>\n<p>Sir Kenneth Bloomfield Ipar Irlandako biktimei buruzko komisarioak bere txostena aurkeztuko du, biktimen paperean oinarritutakoa.<\/p>\n<p>Bestalde, Alex Borainek, Hegoafrikako Egiaren eta Adiskidetzearen Batzorde Nazionalaren (Egiaren Batzordea) presidenteorde izandakoak, txosten bat aurkeztuko du, non zalantzan jartzen den benetan funtsezkoa ote den iragan nazionalari buruzko egia ezagutzea, dela Hegoafrikan, dela Ipar Irlandan.<\/p>\n<p>Gernika Sarearen bildumak 32 argitalpen ditu, bakeari eta gatazkei buruzko ikerketetan espezializatutakoak, eta gure webgunean eskuragarri egongo dira, pdf formatuan. Monografiak eta dokumentuak Gernika Gogoratuz-en argitalpenen orrian kontsultatu daitezke.<\/p>\n<p>Interesgarriak irudituko zaizkizuela espero dugu.[\/vc_column_text][\/vc_column][\/vc_row][vc_row][vc_column][vc_empty_space][\/vc_column][\/vc_row][vc_row][vc_column width=&#8221;1\/2&#8243;][vc_single_image image=&#8221;23868&#8243; img_size=&#8221;medium&#8221; alignment=&#8221;center&#8221; onclick=&#8221;custom_link&#8221; img_link_target=&#8221;_blank&#8221; link=&#8221;https:\/\/www.gernikagogoratuz.org\/portfolio-item\/las-recordaremos-informe-kenneth-bloomfield-victimas-irlanda-norte\/&#8221;][\/vc_column][vc_column width=&#8221;1\/2&#8243;][vc_single_image image=&#8221;23872&#8243; img_size=&#8221;medium&#8221; alignment=&#8221;center&#8221; onclick=&#8221;custom_link&#8221; link=&#8221;https:\/\/www.gernikagogoratuz.org\/portfolio-item\/toda-verdad-amarga-irlanda-norte-informe\/&#8221;][\/vc_column][\/vc_row]<\/p>\n<\/div>","protected":false},"excerpt":{"rendered":"<p>[vc_row][vc_column][vc_column_text]Aste honetan 12. dokumentua partekatuko dugu, \u00abGogoratzen ditugu. Sir Kenneth Bloomfield Ipar Irlandako biktimei buruzko komisarioaren txostena\u00bb (2001), Sir Kenneth Bloomfieldena, bai eta 13. dokumentua ere, \u00abEgia oro mingotsa da. Ipar Irlandara egindako bisitako txostena\u00bb (2001), Alex Boraine doktorearena; biak Gernika Sarea Bildumakoak dira. Sir Kenneth Bloomfield Ipar Irlandako biktimei buruzko komisarioak bere txostena aurkeztuko&#8230;<\/p>\n","protected":false},"author":5,"featured_media":23497,"comment_status":"closed","ping_status":"closed","sticky":false,"template":"","format":"standard","meta":{"inline_featured_image":false,"footnotes":""},"categories":[138],"tags":[],"class_list":["post-23947","post","type-post","status-publish","format-standard","has-post-thumbnail","hentry","category-bakearen-aldeko-ikerketa"],"yoast_head":"<!-- This site is optimized with the Yoast SEO plugin v27.5 - https:\/\/yoast.com\/product\/yoast-seo-wordpress\/ -->\n<title>Gernika Gogoratuz, Centro de Investigaci\u00f3n por la Paz<\/title>\n<meta name=\"description\" content=\"Consulta toda la actualidad sobre jornadas, cursos y formaci\u00f3n sobre Cultura de Paz, Educaci\u00f3n por la Paz, Econom\u00eda de Paz, Antimilitarismo...\" \/>\n<meta name=\"robots\" content=\"index, follow, max-snippet:-1, max-image-preview:large, max-video-preview:-1\" \/>\n<link rel=\"canonical\" href=\"https:\/\/www.gernikagogoratuz.org\/eu\/ipar-irlandako-bake-prozesuari-buruzko-gernika-sarearen-12-eta-13-dokumentuak-partekatuko-ditugu\/\" \/>\n<meta property=\"og:locale\" content=\"eu_ES\" \/>\n<meta property=\"og:type\" content=\"article\" \/>\n<meta property=\"og:title\" content=\"Gernika Gogoratuz, Centro de Investigaci\u00f3n por la Paz\" \/>\n<meta property=\"og:description\" content=\"Consulta toda la actualidad sobre jornadas, cursos y formaci\u00f3n sobre Cultura de Paz, Educaci\u00f3n por la Paz, Econom\u00eda de Paz, Antimilitarismo...\" \/>\n<meta property=\"og:url\" content=\"https:\/\/www.gernikagogoratuz.org\/eu\/ipar-irlandako-bake-prozesuari-buruzko-gernika-sarearen-12-eta-13-dokumentuak-partekatuko-ditugu\/\" \/>\n<meta property=\"og:site_name\" content=\"Gernika Gogoratuz\" \/>\n<meta property=\"article:publisher\" content=\"https:\/\/www.facebook.com\/GernikaGogoratuzFundacion\" \/>\n<meta property=\"article:published_time\" content=\"2020-07-28T09:41:00+00:00\" \/>\n<meta property=\"article:modified_time\" content=\"2020-07-28T09:41:01+00:00\" \/>\n<meta property=\"og:image\" content=\"https:\/\/www.gernikagogoratuz.org\/wp-content\/uploads\/2020\/05\/red-gernika.jpg\" \/>\n\t<meta property=\"og:image:width\" content=\"1124\" \/>\n\t<meta property=\"og:image:height\" content=\"618\" \/>\n\t<meta property=\"og:image:type\" content=\"image\/jpeg\" \/>\n<meta name=\"author\" content=\"Gernika Gogoratuz\" \/>\n<meta name=\"twitter:card\" content=\"summary_large_image\" \/>\n<meta name=\"twitter:creator\" content=\"@GGogoratuz\" \/>\n<meta name=\"twitter:site\" content=\"@GGogoratuz\" \/>\n<meta name=\"twitter:label1\" content=\"Written by\" \/>\n\t<meta name=\"twitter:data1\" content=\"Gernika Gogoratuz\" \/>\n\t<meta name=\"twitter:label2\" content=\"Est. reading time\" \/>\n\t<meta name=\"twitter:data2\" content=\"1 minute\" \/>\n<script type=\"application\/ld+json\" class=\"yoast-schema-graph\">{\"@context\":\"https:\\\/\\\/schema.org\",\"@graph\":[{\"@type\":\"Article\",\"@id\":\"https:\\\/\\\/www.gernikagogoratuz.org\\\/eu\\\/ipar-irlandako-bake-prozesuari-buruzko-gernika-sarearen-12-eta-13-dokumentuak-partekatuko-ditugu\\\/#article\",\"isPartOf\":{\"@id\":\"https:\\\/\\\/www.gernikagogoratuz.org\\\/eu\\\/ipar-irlandako-bake-prozesuari-buruzko-gernika-sarearen-12-eta-13-dokumentuak-partekatuko-ditugu\\\/\"},\"author\":{\"name\":\"Gernika Gogoratuz\",\"@id\":\"https:\\\/\\\/www.gernikagogoratuz.org\\\/eu\\\/#\\\/schema\\\/person\\\/56074ce3758ecfb8417c8311e88c79c8\"},\"headline\":\"IPAR IRLANDAKO BAKE PROZESUARI BURUZKO GERNIKA SAREAREN 12. ETA 13. DOKUMENTUAK PARTEKATUKO DITUGU\",\"datePublished\":\"2020-07-28T09:41:00+00:00\",\"dateModified\":\"2020-07-28T09:41:01+00:00\",\"mainEntityOfPage\":{\"@id\":\"https:\\\/\\\/www.gernikagogoratuz.org\\\/eu\\\/ipar-irlandako-bake-prozesuari-buruzko-gernika-sarearen-12-eta-13-dokumentuak-partekatuko-ditugu\\\/\"},\"wordCount\":215,\"publisher\":{\"@id\":\"https:\\\/\\\/www.gernikagogoratuz.org\\\/eu\\\/#organization\"},\"image\":{\"@id\":\"https:\\\/\\\/www.gernikagogoratuz.org\\\/eu\\\/ipar-irlandako-bake-prozesuari-buruzko-gernika-sarearen-12-eta-13-dokumentuak-partekatuko-ditugu\\\/#primaryimage\"},\"thumbnailUrl\":\"https:\\\/\\\/www.gernikagogoratuz.org\\\/wp-content\\\/uploads\\\/2020\\\/05\\\/red-gernika.jpg\",\"articleSection\":[\"Bakearen aldeko ikerketa\"],\"inLanguage\":\"eu-ES\"},{\"@type\":\"WebPage\",\"@id\":\"https:\\\/\\\/www.gernikagogoratuz.org\\\/eu\\\/ipar-irlandako-bake-prozesuari-buruzko-gernika-sarearen-12-eta-13-dokumentuak-partekatuko-ditugu\\\/\",\"url\":\"https:\\\/\\\/www.gernikagogoratuz.org\\\/eu\\\/ipar-irlandako-bake-prozesuari-buruzko-gernika-sarearen-12-eta-13-dokumentuak-partekatuko-ditugu\\\/\",\"name\":\"Gernika Gogoratuz, Centro de Investigaci\u00f3n por la Paz\",\"isPartOf\":{\"@id\":\"https:\\\/\\\/www.gernikagogoratuz.org\\\/eu\\\/#website\"},\"primaryImageOfPage\":{\"@id\":\"https:\\\/\\\/www.gernikagogoratuz.org\\\/eu\\\/ipar-irlandako-bake-prozesuari-buruzko-gernika-sarearen-12-eta-13-dokumentuak-partekatuko-ditugu\\\/#primaryimage\"},\"image\":{\"@id\":\"https:\\\/\\\/www.gernikagogoratuz.org\\\/eu\\\/ipar-irlandako-bake-prozesuari-buruzko-gernika-sarearen-12-eta-13-dokumentuak-partekatuko-ditugu\\\/#primaryimage\"},\"thumbnailUrl\":\"https:\\\/\\\/www.gernikagogoratuz.org\\\/wp-content\\\/uploads\\\/2020\\\/05\\\/red-gernika.jpg\",\"datePublished\":\"2020-07-28T09:41:00+00:00\",\"dateModified\":\"2020-07-28T09:41:01+00:00\",\"description\":\"Consulta toda la actualidad sobre jornadas, cursos y formaci\u00f3n sobre Cultura de Paz, Educaci\u00f3n por la Paz, Econom\u00eda de Paz, Antimilitarismo...\",\"breadcrumb\":{\"@id\":\"https:\\\/\\\/www.gernikagogoratuz.org\\\/eu\\\/ipar-irlandako-bake-prozesuari-buruzko-gernika-sarearen-12-eta-13-dokumentuak-partekatuko-ditugu\\\/#breadcrumb\"},\"inLanguage\":\"eu-ES\",\"potentialAction\":[{\"@type\":\"ReadAction\",\"target\":[\"https:\\\/\\\/www.gernikagogoratuz.org\\\/eu\\\/ipar-irlandako-bake-prozesuari-buruzko-gernika-sarearen-12-eta-13-dokumentuak-partekatuko-ditugu\\\/\"]}]},{\"@type\":\"ImageObject\",\"inLanguage\":\"eu-ES\",\"@id\":\"https:\\\/\\\/www.gernikagogoratuz.org\\\/eu\\\/ipar-irlandako-bake-prozesuari-buruzko-gernika-sarearen-12-eta-13-dokumentuak-partekatuko-ditugu\\\/#primaryimage\",\"url\":\"https:\\\/\\\/www.gernikagogoratuz.org\\\/wp-content\\\/uploads\\\/2020\\\/05\\\/red-gernika.jpg\",\"contentUrl\":\"https:\\\/\\\/www.gernikagogoratuz.org\\\/wp-content\\\/uploads\\\/2020\\\/05\\\/red-gernika.jpg\",\"width\":1124,\"height\":618,\"caption\":\"red gernika digital\"},{\"@type\":\"BreadcrumbList\",\"@id\":\"https:\\\/\\\/www.gernikagogoratuz.org\\\/eu\\\/ipar-irlandako-bake-prozesuari-buruzko-gernika-sarearen-12-eta-13-dokumentuak-partekatuko-ditugu\\\/#breadcrumb\",\"itemListElement\":[{\"@type\":\"ListItem\",\"position\":1,\"name\":\"Portada\",\"item\":\"https:\\\/\\\/www.gernikagogoratuz.org\\\/eu\\\/\"},{\"@type\":\"ListItem\",\"position\":2,\"name\":\"Bakearen aldeko ikerketa\",\"item\":\"https:\\\/\\\/www.gernikagogoratuz.org\\\/eu\\\/category\\\/bakearen-aldeko-ikerketa\\\/\"},{\"@type\":\"ListItem\",\"position\":3,\"name\":\"IPAR IRLANDAKO BAKE PROZESUARI BURUZKO GERNIKA SAREAREN 12. ETA 13. DOKUMENTUAK PARTEKATUKO DITUGU\"}]},{\"@type\":\"WebSite\",\"@id\":\"https:\\\/\\\/www.gernikagogoratuz.org\\\/eu\\\/#website\",\"url\":\"https:\\\/\\\/www.gernikagogoratuz.org\\\/eu\\\/\",\"name\":\"Gernika Gogoratuz\",\"description\":\"Centro de investigaci\u00f3n por la paz\",\"publisher\":{\"@id\":\"https:\\\/\\\/www.gernikagogoratuz.org\\\/eu\\\/#organization\"},\"potentialAction\":[{\"@type\":\"SearchAction\",\"target\":{\"@type\":\"EntryPoint\",\"urlTemplate\":\"https:\\\/\\\/www.gernikagogoratuz.org\\\/eu\\\/?s={search_term_string}\"},\"query-input\":{\"@type\":\"PropertyValueSpecification\",\"valueRequired\":true,\"valueName\":\"search_term_string\"}}],\"inLanguage\":\"eu-ES\"},{\"@type\":\"Organization\",\"@id\":\"https:\\\/\\\/www.gernikagogoratuz.org\\\/eu\\\/#organization\",\"name\":\"Gernika Gogoratuz. Centro de Investigaci\u00f3n por la Paz.\",\"url\":\"https:\\\/\\\/www.gernikagogoratuz.org\\\/eu\\\/\",\"logo\":{\"@type\":\"ImageObject\",\"inLanguage\":\"eu-ES\",\"@id\":\"https:\\\/\\\/www.gernikagogoratuz.org\\\/eu\\\/#\\\/schema\\\/logo\\\/image\\\/\",\"url\":\"https:\\\/\\\/www.gernikagogoratuz.org\\\/wp-content\\\/uploads\\\/2018\\\/10\\\/gernikagogoratuzogo_es.svg\",\"contentUrl\":\"https:\\\/\\\/www.gernikagogoratuz.org\\\/wp-content\\\/uploads\\\/2018\\\/10\\\/gernikagogoratuzogo_es.svg\",\"width\":1,\"height\":1,\"caption\":\"Gernika Gogoratuz. Centro de Investigaci\u00f3n por la Paz.\"},\"image\":{\"@id\":\"https:\\\/\\\/www.gernikagogoratuz.org\\\/eu\\\/#\\\/schema\\\/logo\\\/image\\\/\"},\"sameAs\":[\"https:\\\/\\\/www.facebook.com\\\/GernikaGogoratuzFundacion\",\"https:\\\/\\\/x.com\\\/GGogoratuz\",\"https:\\\/\\\/www.youtube.com\\\/user\\\/gernikagogoratuz\\\/videos\"]},{\"@type\":\"Person\",\"@id\":\"https:\\\/\\\/www.gernikagogoratuz.org\\\/eu\\\/#\\\/schema\\\/person\\\/56074ce3758ecfb8417c8311e88c79c8\",\"name\":\"Gernika Gogoratuz\",\"image\":{\"@type\":\"ImageObject\",\"inLanguage\":\"eu-ES\",\"@id\":\"https:\\\/\\\/secure.gravatar.com\\\/avatar\\\/fec0f20c36775b6715813b8de1aaf669d19199d3c0cc9d7aaf3d6e34de76a8a2?s=96&d=mm&r=g\",\"url\":\"https:\\\/\\\/secure.gravatar.com\\\/avatar\\\/fec0f20c36775b6715813b8de1aaf669d19199d3c0cc9d7aaf3d6e34de76a8a2?s=96&d=mm&r=g\",\"contentUrl\":\"https:\\\/\\\/secure.gravatar.com\\\/avatar\\\/fec0f20c36775b6715813b8de1aaf669d19199d3c0cc9d7aaf3d6e34de76a8a2?s=96&d=mm&r=g\",\"caption\":\"Gernika Gogoratuz\"},\"url\":\"https:\\\/\\\/www.gernikagogoratuz.org\\\/eu\\\/author\\\/mariah\\\/\"}]}<\/script>\n<!-- \/ Yoast SEO plugin. -->","yoast_head_json":{"title":"Gernika Gogoratuz, Centro de Investigaci\u00f3n por la Paz","description":"Consulta toda la actualidad sobre jornadas, cursos y formaci\u00f3n sobre Cultura de Paz, Educaci\u00f3n por la Paz, Econom\u00eda de Paz, Antimilitarismo...","robots":{"index":"index","follow":"follow","max-snippet":"max-snippet:-1","max-image-preview":"max-image-preview:large","max-video-preview":"max-video-preview:-1"},"canonical":"https:\/\/www.gernikagogoratuz.org\/eu\/ipar-irlandako-bake-prozesuari-buruzko-gernika-sarearen-12-eta-13-dokumentuak-partekatuko-ditugu\/","og_locale":"eu_ES","og_type":"article","og_title":"Gernika Gogoratuz, Centro de Investigaci\u00f3n por la Paz","og_description":"Consulta toda la actualidad sobre jornadas, cursos y formaci\u00f3n sobre Cultura de Paz, Educaci\u00f3n por la Paz, Econom\u00eda de Paz, Antimilitarismo...","og_url":"https:\/\/www.gernikagogoratuz.org\/eu\/ipar-irlandako-bake-prozesuari-buruzko-gernika-sarearen-12-eta-13-dokumentuak-partekatuko-ditugu\/","og_site_name":"Gernika Gogoratuz","article_publisher":"https:\/\/www.facebook.com\/GernikaGogoratuzFundacion","article_published_time":"2020-07-28T09:41:00+00:00","article_modified_time":"2020-07-28T09:41:01+00:00","og_image":[{"width":1124,"height":618,"url":"https:\/\/www.gernikagogoratuz.org\/wp-content\/uploads\/2020\/05\/red-gernika.jpg","type":"image\/jpeg"}],"author":"Gernika Gogoratuz","twitter_card":"summary_large_image","twitter_creator":"@GGogoratuz","twitter_site":"@GGogoratuz","twitter_misc":{"Written by":"Gernika Gogoratuz","Est. reading time":"1 minute"},"schema":{"@context":"https:\/\/schema.org","@graph":[{"@type":"Article","@id":"https:\/\/www.gernikagogoratuz.org\/eu\/ipar-irlandako-bake-prozesuari-buruzko-gernika-sarearen-12-eta-13-dokumentuak-partekatuko-ditugu\/#article","isPartOf":{"@id":"https:\/\/www.gernikagogoratuz.org\/eu\/ipar-irlandako-bake-prozesuari-buruzko-gernika-sarearen-12-eta-13-dokumentuak-partekatuko-ditugu\/"},"author":{"name":"Gernika Gogoratuz","@id":"https:\/\/www.gernikagogoratuz.org\/eu\/#\/schema\/person\/56074ce3758ecfb8417c8311e88c79c8"},"headline":"IPAR IRLANDAKO BAKE PROZESUARI BURUZKO GERNIKA SAREAREN 12. ETA 13. DOKUMENTUAK PARTEKATUKO DITUGU","datePublished":"2020-07-28T09:41:00+00:00","dateModified":"2020-07-28T09:41:01+00:00","mainEntityOfPage":{"@id":"https:\/\/www.gernikagogoratuz.org\/eu\/ipar-irlandako-bake-prozesuari-buruzko-gernika-sarearen-12-eta-13-dokumentuak-partekatuko-ditugu\/"},"wordCount":215,"publisher":{"@id":"https:\/\/www.gernikagogoratuz.org\/eu\/#organization"},"image":{"@id":"https:\/\/www.gernikagogoratuz.org\/eu\/ipar-irlandako-bake-prozesuari-buruzko-gernika-sarearen-12-eta-13-dokumentuak-partekatuko-ditugu\/#primaryimage"},"thumbnailUrl":"https:\/\/www.gernikagogoratuz.org\/wp-content\/uploads\/2020\/05\/red-gernika.jpg","articleSection":["Bakearen aldeko ikerketa"],"inLanguage":"eu-ES"},{"@type":"WebPage","@id":"https:\/\/www.gernikagogoratuz.org\/eu\/ipar-irlandako-bake-prozesuari-buruzko-gernika-sarearen-12-eta-13-dokumentuak-partekatuko-ditugu\/","url":"https:\/\/www.gernikagogoratuz.org\/eu\/ipar-irlandako-bake-prozesuari-buruzko-gernika-sarearen-12-eta-13-dokumentuak-partekatuko-ditugu\/","name":"Gernika Gogoratuz, Centro de Investigaci\u00f3n por la Paz","isPartOf":{"@id":"https:\/\/www.gernikagogoratuz.org\/eu\/#website"},"primaryImageOfPage":{"@id":"https:\/\/www.gernikagogoratuz.org\/eu\/ipar-irlandako-bake-prozesuari-buruzko-gernika-sarearen-12-eta-13-dokumentuak-partekatuko-ditugu\/#primaryimage"},"image":{"@id":"https:\/\/www.gernikagogoratuz.org\/eu\/ipar-irlandako-bake-prozesuari-buruzko-gernika-sarearen-12-eta-13-dokumentuak-partekatuko-ditugu\/#primaryimage"},"thumbnailUrl":"https:\/\/www.gernikagogoratuz.org\/wp-content\/uploads\/2020\/05\/red-gernika.jpg","datePublished":"2020-07-28T09:41:00+00:00","dateModified":"2020-07-28T09:41:01+00:00","description":"Consulta toda la actualidad sobre jornadas, cursos y formaci\u00f3n sobre Cultura de Paz, Educaci\u00f3n por la Paz, Econom\u00eda de Paz, Antimilitarismo...","breadcrumb":{"@id":"https:\/\/www.gernikagogoratuz.org\/eu\/ipar-irlandako-bake-prozesuari-buruzko-gernika-sarearen-12-eta-13-dokumentuak-partekatuko-ditugu\/#breadcrumb"},"inLanguage":"eu-ES","potentialAction":[{"@type":"ReadAction","target":["https:\/\/www.gernikagogoratuz.org\/eu\/ipar-irlandako-bake-prozesuari-buruzko-gernika-sarearen-12-eta-13-dokumentuak-partekatuko-ditugu\/"]}]},{"@type":"ImageObject","inLanguage":"eu-ES","@id":"https:\/\/www.gernikagogoratuz.org\/eu\/ipar-irlandako-bake-prozesuari-buruzko-gernika-sarearen-12-eta-13-dokumentuak-partekatuko-ditugu\/#primaryimage","url":"https:\/\/www.gernikagogoratuz.org\/wp-content\/uploads\/2020\/05\/red-gernika.jpg","contentUrl":"https:\/\/www.gernikagogoratuz.org\/wp-content\/uploads\/2020\/05\/red-gernika.jpg","width":1124,"height":618,"caption":"red gernika digital"},{"@type":"BreadcrumbList","@id":"https:\/\/www.gernikagogoratuz.org\/eu\/ipar-irlandako-bake-prozesuari-buruzko-gernika-sarearen-12-eta-13-dokumentuak-partekatuko-ditugu\/#breadcrumb","itemListElement":[{"@type":"ListItem","position":1,"name":"Portada","item":"https:\/\/www.gernikagogoratuz.org\/eu\/"},{"@type":"ListItem","position":2,"name":"Bakearen aldeko ikerketa","item":"https:\/\/www.gernikagogoratuz.org\/eu\/category\/bakearen-aldeko-ikerketa\/"},{"@type":"ListItem","position":3,"name":"IPAR IRLANDAKO BAKE PROZESUARI BURUZKO GERNIKA SAREAREN 12. ETA 13. DOKUMENTUAK PARTEKATUKO DITUGU"}]},{"@type":"WebSite","@id":"https:\/\/www.gernikagogoratuz.org\/eu\/#website","url":"https:\/\/www.gernikagogoratuz.org\/eu\/","name":"Gernika Gogoratuz","description":"Centro de investigaci\u00f3n por la paz","publisher":{"@id":"https:\/\/www.gernikagogoratuz.org\/eu\/#organization"},"potentialAction":[{"@type":"SearchAction","target":{"@type":"EntryPoint","urlTemplate":"https:\/\/www.gernikagogoratuz.org\/eu\/?s={search_term_string}"},"query-input":{"@type":"PropertyValueSpecification","valueRequired":true,"valueName":"search_term_string"}}],"inLanguage":"eu-ES"},{"@type":"Organization","@id":"https:\/\/www.gernikagogoratuz.org\/eu\/#organization","name":"Gernika Gogoratuz. Centro de Investigaci\u00f3n por la Paz.","url":"https:\/\/www.gernikagogoratuz.org\/eu\/","logo":{"@type":"ImageObject","inLanguage":"eu-ES","@id":"https:\/\/www.gernikagogoratuz.org\/eu\/#\/schema\/logo\/image\/","url":"https:\/\/www.gernikagogoratuz.org\/wp-content\/uploads\/2018\/10\/gernikagogoratuzogo_es.svg","contentUrl":"https:\/\/www.gernikagogoratuz.org\/wp-content\/uploads\/2018\/10\/gernikagogoratuzogo_es.svg","width":1,"height":1,"caption":"Gernika Gogoratuz. Centro de Investigaci\u00f3n por la Paz."},"image":{"@id":"https:\/\/www.gernikagogoratuz.org\/eu\/#\/schema\/logo\/image\/"},"sameAs":["https:\/\/www.facebook.com\/GernikaGogoratuzFundacion","https:\/\/x.com\/GGogoratuz","https:\/\/www.youtube.com\/user\/gernikagogoratuz\/videos"]},{"@type":"Person","@id":"https:\/\/www.gernikagogoratuz.org\/eu\/#\/schema\/person\/56074ce3758ecfb8417c8311e88c79c8","name":"Gernika Gogoratuz","image":{"@type":"ImageObject","inLanguage":"eu-ES","@id":"https:\/\/secure.gravatar.com\/avatar\/fec0f20c36775b6715813b8de1aaf669d19199d3c0cc9d7aaf3d6e34de76a8a2?s=96&d=mm&r=g","url":"https:\/\/secure.gravatar.com\/avatar\/fec0f20c36775b6715813b8de1aaf669d19199d3c0cc9d7aaf3d6e34de76a8a2?s=96&d=mm&r=g","contentUrl":"https:\/\/secure.gravatar.com\/avatar\/fec0f20c36775b6715813b8de1aaf669d19199d3c0cc9d7aaf3d6e34de76a8a2?s=96&d=mm&r=g","caption":"Gernika Gogoratuz"},"url":"https:\/\/www.gernikagogoratuz.org\/eu\/author\/mariah\/"}]}},"_links":{"self":[{"href":"https:\/\/www.gernikagogoratuz.org\/eu\/wp-json\/wp\/v2\/posts\/23947","targetHints":{"allow":["GET"]}}],"collection":[{"href":"https:\/\/www.gernikagogoratuz.org\/eu\/wp-json\/wp\/v2\/posts"}],"about":[{"href":"https:\/\/www.gernikagogoratuz.org\/eu\/wp-json\/wp\/v2\/types\/post"}],"author":[{"embeddable":true,"href":"https:\/\/www.gernikagogoratuz.org\/eu\/wp-json\/wp\/v2\/users\/5"}],"replies":[{"embeddable":true,"href":"https:\/\/www.gernikagogoratuz.org\/eu\/wp-json\/wp\/v2\/comments?post=23947"}],"version-history":[{"count":0,"href":"https:\/\/www.gernikagogoratuz.org\/eu\/wp-json\/wp\/v2\/posts\/23947\/revisions"}],"wp:featuredmedia":[{"embeddable":true,"href":"https:\/\/www.gernikagogoratuz.org\/eu\/wp-json\/wp\/v2\/media\/23497"}],"wp:attachment":[{"href":"https:\/\/www.gernikagogoratuz.org\/eu\/wp-json\/wp\/v2\/media?parent=23947"}],"wp:term":[{"taxonomy":"category","embeddable":true,"href":"https:\/\/www.gernikagogoratuz.org\/eu\/wp-json\/wp\/v2\/categories?post=23947"},{"taxonomy":"post_tag","embeddable":true,"href":"https:\/\/www.gernikagogoratuz.org\/eu\/wp-json\/wp\/v2\/tags?post=23947"}],"curies":[{"name":"wp","href":"https:\/\/api.w.org\/{rel}","templated":true}]}}