{"id":26141,"date":"2021-06-08T08:29:01","date_gmt":"2021-06-08T07:29:01","guid":{"rendered":"https:\/\/www.gernikagogoratuz.org\/?p=26141"},"modified":"2021-08-04T09:00:46","modified_gmt":"2021-08-04T08:00:46","slug":"gernika-gogoratuz-elkarteak-errekonozimendua-jaso-du-peironcely-kaleko-10-zenbakiko-etxeari-emandako-babesagatik","status":"publish","type":"post","link":"https:\/\/www.gernikagogoratuz.org\/eu\/gernika-gogoratuz-elkarteak-errekonozimendua-jaso-du-peironcely-kaleko-10-zenbakiko-etxeari-emandako-babesagatik\/","title":{"rendered":"GERNIKA GOGORATUZ ELKARTEAK ERREKONOZIMENDUA JASO DU PEIRONCELY KALEKO 10 ZENBAKIKO ETXEARI EMANDAKO BABESAGATIK"},"content":{"rendered":"<div class=\"wpb-content-wrapper\"><p>[vc_row][vc_column width=&#8221;1\/2&#8243;][vc_single_image image=&#8221;26086&#8243; img_size=&#8221;full&#8221;][vc_empty_space][vc_single_image image=&#8221;26083&#8243; img_size=&#8221;large&#8221;][\/vc_column][vc_column width=&#8221;1\/2&#8243;][vc_column_text]<a href=\"https:\/\/www.gernikagogoratuz.org\/eu\/aurkezpena\/maria-oianguren-idigoras\/\" target=\"_blank\" rel=\"noopener noreferrer\"><strong>Maria Oianguren Idigorasek<\/strong><\/a>, Gernika Gogoratuzeko zuzendariak, <strong>Robert Caparen<\/strong> argazki ikonikoaren errepresentazioa daukan erliebedun plaka bat jaso du, Bakearen aldeko Ikerketa Zentroak Peironcely kaleko etxeari adierazitako babesa aitortzeko. Etxe hori bonbardaketetan haurrek bizi duten babesgabetasun egoeraren ikono unibertsal bihurtu zen. <strong><a href=\"https:\/\/www.salvapeironcely10.es\/quienes-somos\" target=\"_blank\" rel=\"noopener noreferrer\">Peironcely kaleko 10<\/a><\/strong> zenbakiko etxea izan zen, Madrilgo aldean, Gerra Zibilean alderdi frankistaren bonbardaketen ostean iraun zuen bakarra.<\/p>\n<p>Peironcely 10eko etxera egindako bisita gidatuan egin da entrega, \u201c<a href=\"https:\/\/www.gernikagogoratuz.org\/maria-oianguren-participara-en-la-conferencia-1939-espana-exporta-el-terror-aereo-a-europa\/\" target=\"_blank\" rel=\"noopener noreferrer\">1939 ESPA\u00d1A EXPORTA EL TERROR A\u00c9REO A EUROPA<\/a>\u201d izeneko hitzaldiaren ostean. Madrilgo Unibertsitate Konplutentseko Dokumentazio Zientzien Fakultatean eman zen, ekainaren 3an eta 4an.<\/p>\n<p>Plakan jasotako erliebea <a href=\"https:\/\/festivalrobertcapaestuvoaqui.es\/la-estatuilla-y-su-autora\/\" target=\"_blank\" rel=\"noopener noreferrer\">Emma Garc\u00eda-Castellano<\/a> artistarena da. Robert Capak Madrilgo bonbardaketen ondoriozko hondakinetan jolasean ari ziren umeei hartutako argazkiaren errepresentazioa da.[\/vc_column_text][\/vc_column][\/vc_row]<\/p>\n<\/div>","protected":false},"excerpt":{"rendered":"<p>Etxe hori bonbardaketetan haurrek bizi duten babesgabetasun egoeraren ikono unibertsal bihurtu zen<\/p>\n","protected":false},"author":5,"featured_media":0,"comment_status":"closed","ping_status":"closed","sticky":false,"template":"","format":"standard","meta":{"inline_featured_image":false,"footnotes":""},"categories":[138],"tags":[],"class_list":["post-26141","post","type-post","status-publish","format-standard","hentry","category-bakearen-aldeko-ikerketa"],"yoast_head":"<!-- This site is optimized with the Yoast SEO plugin v27.5 - https:\/\/yoast.com\/product\/yoast-seo-wordpress\/ -->\n<title>Gernika Gogoratuz, Centro de Investigaci\u00f3n por la Paz<\/title>\n<meta name=\"description\" content=\"Consulta toda la actualidad sobre jornadas, cursos y formaci\u00f3n sobre Cultura de Paz, Educaci\u00f3n por la Paz, Econom\u00eda de Paz, Antimilitarismo...\" \/>\n<meta name=\"robots\" content=\"index, follow, max-snippet:-1, max-image-preview:large, max-video-preview:-1\" \/>\n<link rel=\"canonical\" href=\"https:\/\/www.gernikagogoratuz.org\/eu\/gernika-gogoratuz-elkarteak-errekonozimendua-jaso-du-peironcely-kaleko-10-zenbakiko-etxeari-emandako-babesagatik\/\" \/>\n<meta property=\"og:locale\" content=\"eu_ES\" \/>\n<meta property=\"og:type\" content=\"article\" \/>\n<meta property=\"og:title\" content=\"Gernika Gogoratuz, Centro de Investigaci\u00f3n por la Paz\" \/>\n<meta property=\"og:description\" content=\"Consulta toda la actualidad sobre jornadas, cursos y formaci\u00f3n sobre Cultura de Paz, Educaci\u00f3n por la Paz, Econom\u00eda de Paz, Antimilitarismo...\" \/>\n<meta property=\"og:url\" content=\"https:\/\/www.gernikagogoratuz.org\/eu\/gernika-gogoratuz-elkarteak-errekonozimendua-jaso-du-peironcely-kaleko-10-zenbakiko-etxeari-emandako-babesagatik\/\" \/>\n<meta property=\"og:site_name\" content=\"Gernika Gogoratuz\" \/>\n<meta property=\"article:publisher\" content=\"https:\/\/www.facebook.com\/GernikaGogoratuzFundacion\" \/>\n<meta property=\"article:published_time\" content=\"2021-06-08T07:29:01+00:00\" \/>\n<meta property=\"article:modified_time\" content=\"2021-08-04T08:00:46+00:00\" \/>\n<meta name=\"author\" content=\"Gernika Gogoratuz\" \/>\n<meta name=\"twitter:card\" content=\"summary_large_image\" \/>\n<meta name=\"twitter:creator\" content=\"@GGogoratuz\" \/>\n<meta name=\"twitter:site\" content=\"@GGogoratuz\" \/>\n<meta name=\"twitter:label1\" content=\"Written by\" \/>\n\t<meta name=\"twitter:data1\" content=\"Gernika Gogoratuz\" \/>\n\t<meta name=\"twitter:label2\" content=\"Est. reading time\" \/>\n\t<meta name=\"twitter:data2\" content=\"1 minute\" \/>\n<script type=\"application\/ld+json\" class=\"yoast-schema-graph\">{\"@context\":\"https:\\\/\\\/schema.org\",\"@graph\":[{\"@type\":\"Article\",\"@id\":\"https:\\\/\\\/www.gernikagogoratuz.org\\\/eu\\\/gernika-gogoratuz-elkarteak-errekonozimendua-jaso-du-peironcely-kaleko-10-zenbakiko-etxeari-emandako-babesagatik\\\/#article\",\"isPartOf\":{\"@id\":\"https:\\\/\\\/www.gernikagogoratuz.org\\\/eu\\\/gernika-gogoratuz-elkarteak-errekonozimendua-jaso-du-peironcely-kaleko-10-zenbakiko-etxeari-emandako-babesagatik\\\/\"},\"author\":{\"name\":\"Gernika Gogoratuz\",\"@id\":\"https:\\\/\\\/www.gernikagogoratuz.org\\\/eu\\\/#\\\/schema\\\/person\\\/56074ce3758ecfb8417c8311e88c79c8\"},\"headline\":\"GERNIKA GOGORATUZ ELKARTEAK ERREKONOZIMENDUA JASO DU PEIRONCELY KALEKO 10 ZENBAKIKO ETXEARI EMANDAKO BABESAGATIK\",\"datePublished\":\"2021-06-08T07:29:01+00:00\",\"dateModified\":\"2021-08-04T08:00:46+00:00\",\"mainEntityOfPage\":{\"@id\":\"https:\\\/\\\/www.gernikagogoratuz.org\\\/eu\\\/gernika-gogoratuz-elkarteak-errekonozimendua-jaso-du-peironcely-kaleko-10-zenbakiko-etxeari-emandako-babesagatik\\\/\"},\"wordCount\":160,\"publisher\":{\"@id\":\"https:\\\/\\\/www.gernikagogoratuz.org\\\/eu\\\/#organization\"},\"articleSection\":[\"Bakearen aldeko ikerketa\"],\"inLanguage\":\"eu-ES\"},{\"@type\":\"WebPage\",\"@id\":\"https:\\\/\\\/www.gernikagogoratuz.org\\\/eu\\\/gernika-gogoratuz-elkarteak-errekonozimendua-jaso-du-peironcely-kaleko-10-zenbakiko-etxeari-emandako-babesagatik\\\/\",\"url\":\"https:\\\/\\\/www.gernikagogoratuz.org\\\/eu\\\/gernika-gogoratuz-elkarteak-errekonozimendua-jaso-du-peironcely-kaleko-10-zenbakiko-etxeari-emandako-babesagatik\\\/\",\"name\":\"Gernika Gogoratuz, Centro de Investigaci\u00f3n por la Paz\",\"isPartOf\":{\"@id\":\"https:\\\/\\\/www.gernikagogoratuz.org\\\/eu\\\/#website\"},\"datePublished\":\"2021-06-08T07:29:01+00:00\",\"dateModified\":\"2021-08-04T08:00:46+00:00\",\"description\":\"Consulta toda la actualidad sobre jornadas, cursos y formaci\u00f3n sobre Cultura de Paz, Educaci\u00f3n por la Paz, Econom\u00eda de Paz, Antimilitarismo...\",\"breadcrumb\":{\"@id\":\"https:\\\/\\\/www.gernikagogoratuz.org\\\/eu\\\/gernika-gogoratuz-elkarteak-errekonozimendua-jaso-du-peironcely-kaleko-10-zenbakiko-etxeari-emandako-babesagatik\\\/#breadcrumb\"},\"inLanguage\":\"eu-ES\",\"potentialAction\":[{\"@type\":\"ReadAction\",\"target\":[\"https:\\\/\\\/www.gernikagogoratuz.org\\\/eu\\\/gernika-gogoratuz-elkarteak-errekonozimendua-jaso-du-peironcely-kaleko-10-zenbakiko-etxeari-emandako-babesagatik\\\/\"]}]},{\"@type\":\"BreadcrumbList\",\"@id\":\"https:\\\/\\\/www.gernikagogoratuz.org\\\/eu\\\/gernika-gogoratuz-elkarteak-errekonozimendua-jaso-du-peironcely-kaleko-10-zenbakiko-etxeari-emandako-babesagatik\\\/#breadcrumb\",\"itemListElement\":[{\"@type\":\"ListItem\",\"position\":1,\"name\":\"Portada\",\"item\":\"https:\\\/\\\/www.gernikagogoratuz.org\\\/eu\\\/\"},{\"@type\":\"ListItem\",\"position\":2,\"name\":\"Bakearen aldeko ikerketa\",\"item\":\"https:\\\/\\\/www.gernikagogoratuz.org\\\/eu\\\/category\\\/bakearen-aldeko-ikerketa\\\/\"},{\"@type\":\"ListItem\",\"position\":3,\"name\":\"GERNIKA GOGORATUZ ELKARTEAK ERREKONOZIMENDUA JASO DU PEIRONCELY KALEKO 10 ZENBAKIKO ETXEARI EMANDAKO BABESAGATIK\"}]},{\"@type\":\"WebSite\",\"@id\":\"https:\\\/\\\/www.gernikagogoratuz.org\\\/eu\\\/#website\",\"url\":\"https:\\\/\\\/www.gernikagogoratuz.org\\\/eu\\\/\",\"name\":\"Gernika Gogoratuz\",\"description\":\"Centro de investigaci\u00f3n por la paz\",\"publisher\":{\"@id\":\"https:\\\/\\\/www.gernikagogoratuz.org\\\/eu\\\/#organization\"},\"potentialAction\":[{\"@type\":\"SearchAction\",\"target\":{\"@type\":\"EntryPoint\",\"urlTemplate\":\"https:\\\/\\\/www.gernikagogoratuz.org\\\/eu\\\/?s={search_term_string}\"},\"query-input\":{\"@type\":\"PropertyValueSpecification\",\"valueRequired\":true,\"valueName\":\"search_term_string\"}}],\"inLanguage\":\"eu-ES\"},{\"@type\":\"Organization\",\"@id\":\"https:\\\/\\\/www.gernikagogoratuz.org\\\/eu\\\/#organization\",\"name\":\"Gernika Gogoratuz. Centro de Investigaci\u00f3n por la Paz.\",\"url\":\"https:\\\/\\\/www.gernikagogoratuz.org\\\/eu\\\/\",\"logo\":{\"@type\":\"ImageObject\",\"inLanguage\":\"eu-ES\",\"@id\":\"https:\\\/\\\/www.gernikagogoratuz.org\\\/eu\\\/#\\\/schema\\\/logo\\\/image\\\/\",\"url\":\"https:\\\/\\\/www.gernikagogoratuz.org\\\/wp-content\\\/uploads\\\/2018\\\/10\\\/gernikagogoratuzogo_es.svg\",\"contentUrl\":\"https:\\\/\\\/www.gernikagogoratuz.org\\\/wp-content\\\/uploads\\\/2018\\\/10\\\/gernikagogoratuzogo_es.svg\",\"width\":1,\"height\":1,\"caption\":\"Gernika Gogoratuz. Centro de Investigaci\u00f3n por la Paz.\"},\"image\":{\"@id\":\"https:\\\/\\\/www.gernikagogoratuz.org\\\/eu\\\/#\\\/schema\\\/logo\\\/image\\\/\"},\"sameAs\":[\"https:\\\/\\\/www.facebook.com\\\/GernikaGogoratuzFundacion\",\"https:\\\/\\\/x.com\\\/GGogoratuz\",\"https:\\\/\\\/www.youtube.com\\\/user\\\/gernikagogoratuz\\\/videos\"]},{\"@type\":\"Person\",\"@id\":\"https:\\\/\\\/www.gernikagogoratuz.org\\\/eu\\\/#\\\/schema\\\/person\\\/56074ce3758ecfb8417c8311e88c79c8\",\"name\":\"Gernika Gogoratuz\",\"image\":{\"@type\":\"ImageObject\",\"inLanguage\":\"eu-ES\",\"@id\":\"https:\\\/\\\/secure.gravatar.com\\\/avatar\\\/fec0f20c36775b6715813b8de1aaf669d19199d3c0cc9d7aaf3d6e34de76a8a2?s=96&d=mm&r=g\",\"url\":\"https:\\\/\\\/secure.gravatar.com\\\/avatar\\\/fec0f20c36775b6715813b8de1aaf669d19199d3c0cc9d7aaf3d6e34de76a8a2?s=96&d=mm&r=g\",\"contentUrl\":\"https:\\\/\\\/secure.gravatar.com\\\/avatar\\\/fec0f20c36775b6715813b8de1aaf669d19199d3c0cc9d7aaf3d6e34de76a8a2?s=96&d=mm&r=g\",\"caption\":\"Gernika Gogoratuz\"},\"url\":\"https:\\\/\\\/www.gernikagogoratuz.org\\\/eu\\\/author\\\/mariah\\\/\"}]}<\/script>\n<!-- \/ Yoast SEO plugin. -->","yoast_head_json":{"title":"Gernika Gogoratuz, Centro de Investigaci\u00f3n por la Paz","description":"Consulta toda la actualidad sobre jornadas, cursos y formaci\u00f3n sobre Cultura de Paz, Educaci\u00f3n por la Paz, Econom\u00eda de Paz, Antimilitarismo...","robots":{"index":"index","follow":"follow","max-snippet":"max-snippet:-1","max-image-preview":"max-image-preview:large","max-video-preview":"max-video-preview:-1"},"canonical":"https:\/\/www.gernikagogoratuz.org\/eu\/gernika-gogoratuz-elkarteak-errekonozimendua-jaso-du-peironcely-kaleko-10-zenbakiko-etxeari-emandako-babesagatik\/","og_locale":"eu_ES","og_type":"article","og_title":"Gernika Gogoratuz, Centro de Investigaci\u00f3n por la Paz","og_description":"Consulta toda la actualidad sobre jornadas, cursos y formaci\u00f3n sobre Cultura de Paz, Educaci\u00f3n por la Paz, Econom\u00eda de Paz, Antimilitarismo...","og_url":"https:\/\/www.gernikagogoratuz.org\/eu\/gernika-gogoratuz-elkarteak-errekonozimendua-jaso-du-peironcely-kaleko-10-zenbakiko-etxeari-emandako-babesagatik\/","og_site_name":"Gernika Gogoratuz","article_publisher":"https:\/\/www.facebook.com\/GernikaGogoratuzFundacion","article_published_time":"2021-06-08T07:29:01+00:00","article_modified_time":"2021-08-04T08:00:46+00:00","author":"Gernika Gogoratuz","twitter_card":"summary_large_image","twitter_creator":"@GGogoratuz","twitter_site":"@GGogoratuz","twitter_misc":{"Written by":"Gernika Gogoratuz","Est. reading time":"1 minute"},"schema":{"@context":"https:\/\/schema.org","@graph":[{"@type":"Article","@id":"https:\/\/www.gernikagogoratuz.org\/eu\/gernika-gogoratuz-elkarteak-errekonozimendua-jaso-du-peironcely-kaleko-10-zenbakiko-etxeari-emandako-babesagatik\/#article","isPartOf":{"@id":"https:\/\/www.gernikagogoratuz.org\/eu\/gernika-gogoratuz-elkarteak-errekonozimendua-jaso-du-peironcely-kaleko-10-zenbakiko-etxeari-emandako-babesagatik\/"},"author":{"name":"Gernika Gogoratuz","@id":"https:\/\/www.gernikagogoratuz.org\/eu\/#\/schema\/person\/56074ce3758ecfb8417c8311e88c79c8"},"headline":"GERNIKA GOGORATUZ ELKARTEAK ERREKONOZIMENDUA JASO DU PEIRONCELY KALEKO 10 ZENBAKIKO ETXEARI EMANDAKO BABESAGATIK","datePublished":"2021-06-08T07:29:01+00:00","dateModified":"2021-08-04T08:00:46+00:00","mainEntityOfPage":{"@id":"https:\/\/www.gernikagogoratuz.org\/eu\/gernika-gogoratuz-elkarteak-errekonozimendua-jaso-du-peironcely-kaleko-10-zenbakiko-etxeari-emandako-babesagatik\/"},"wordCount":160,"publisher":{"@id":"https:\/\/www.gernikagogoratuz.org\/eu\/#organization"},"articleSection":["Bakearen aldeko ikerketa"],"inLanguage":"eu-ES"},{"@type":"WebPage","@id":"https:\/\/www.gernikagogoratuz.org\/eu\/gernika-gogoratuz-elkarteak-errekonozimendua-jaso-du-peironcely-kaleko-10-zenbakiko-etxeari-emandako-babesagatik\/","url":"https:\/\/www.gernikagogoratuz.org\/eu\/gernika-gogoratuz-elkarteak-errekonozimendua-jaso-du-peironcely-kaleko-10-zenbakiko-etxeari-emandako-babesagatik\/","name":"Gernika Gogoratuz, Centro de Investigaci\u00f3n por la Paz","isPartOf":{"@id":"https:\/\/www.gernikagogoratuz.org\/eu\/#website"},"datePublished":"2021-06-08T07:29:01+00:00","dateModified":"2021-08-04T08:00:46+00:00","description":"Consulta toda la actualidad sobre jornadas, cursos y formaci\u00f3n sobre Cultura de Paz, Educaci\u00f3n por la Paz, Econom\u00eda de Paz, Antimilitarismo...","breadcrumb":{"@id":"https:\/\/www.gernikagogoratuz.org\/eu\/gernika-gogoratuz-elkarteak-errekonozimendua-jaso-du-peironcely-kaleko-10-zenbakiko-etxeari-emandako-babesagatik\/#breadcrumb"},"inLanguage":"eu-ES","potentialAction":[{"@type":"ReadAction","target":["https:\/\/www.gernikagogoratuz.org\/eu\/gernika-gogoratuz-elkarteak-errekonozimendua-jaso-du-peironcely-kaleko-10-zenbakiko-etxeari-emandako-babesagatik\/"]}]},{"@type":"BreadcrumbList","@id":"https:\/\/www.gernikagogoratuz.org\/eu\/gernika-gogoratuz-elkarteak-errekonozimendua-jaso-du-peironcely-kaleko-10-zenbakiko-etxeari-emandako-babesagatik\/#breadcrumb","itemListElement":[{"@type":"ListItem","position":1,"name":"Portada","item":"https:\/\/www.gernikagogoratuz.org\/eu\/"},{"@type":"ListItem","position":2,"name":"Bakearen aldeko ikerketa","item":"https:\/\/www.gernikagogoratuz.org\/eu\/category\/bakearen-aldeko-ikerketa\/"},{"@type":"ListItem","position":3,"name":"GERNIKA GOGORATUZ ELKARTEAK ERREKONOZIMENDUA JASO DU PEIRONCELY KALEKO 10 ZENBAKIKO ETXEARI EMANDAKO BABESAGATIK"}]},{"@type":"WebSite","@id":"https:\/\/www.gernikagogoratuz.org\/eu\/#website","url":"https:\/\/www.gernikagogoratuz.org\/eu\/","name":"Gernika Gogoratuz","description":"Centro de investigaci\u00f3n por la paz","publisher":{"@id":"https:\/\/www.gernikagogoratuz.org\/eu\/#organization"},"potentialAction":[{"@type":"SearchAction","target":{"@type":"EntryPoint","urlTemplate":"https:\/\/www.gernikagogoratuz.org\/eu\/?s={search_term_string}"},"query-input":{"@type":"PropertyValueSpecification","valueRequired":true,"valueName":"search_term_string"}}],"inLanguage":"eu-ES"},{"@type":"Organization","@id":"https:\/\/www.gernikagogoratuz.org\/eu\/#organization","name":"Gernika Gogoratuz. Centro de Investigaci\u00f3n por la Paz.","url":"https:\/\/www.gernikagogoratuz.org\/eu\/","logo":{"@type":"ImageObject","inLanguage":"eu-ES","@id":"https:\/\/www.gernikagogoratuz.org\/eu\/#\/schema\/logo\/image\/","url":"https:\/\/www.gernikagogoratuz.org\/wp-content\/uploads\/2018\/10\/gernikagogoratuzogo_es.svg","contentUrl":"https:\/\/www.gernikagogoratuz.org\/wp-content\/uploads\/2018\/10\/gernikagogoratuzogo_es.svg","width":1,"height":1,"caption":"Gernika Gogoratuz. Centro de Investigaci\u00f3n por la Paz."},"image":{"@id":"https:\/\/www.gernikagogoratuz.org\/eu\/#\/schema\/logo\/image\/"},"sameAs":["https:\/\/www.facebook.com\/GernikaGogoratuzFundacion","https:\/\/x.com\/GGogoratuz","https:\/\/www.youtube.com\/user\/gernikagogoratuz\/videos"]},{"@type":"Person","@id":"https:\/\/www.gernikagogoratuz.org\/eu\/#\/schema\/person\/56074ce3758ecfb8417c8311e88c79c8","name":"Gernika Gogoratuz","image":{"@type":"ImageObject","inLanguage":"eu-ES","@id":"https:\/\/secure.gravatar.com\/avatar\/fec0f20c36775b6715813b8de1aaf669d19199d3c0cc9d7aaf3d6e34de76a8a2?s=96&d=mm&r=g","url":"https:\/\/secure.gravatar.com\/avatar\/fec0f20c36775b6715813b8de1aaf669d19199d3c0cc9d7aaf3d6e34de76a8a2?s=96&d=mm&r=g","contentUrl":"https:\/\/secure.gravatar.com\/avatar\/fec0f20c36775b6715813b8de1aaf669d19199d3c0cc9d7aaf3d6e34de76a8a2?s=96&d=mm&r=g","caption":"Gernika Gogoratuz"},"url":"https:\/\/www.gernikagogoratuz.org\/eu\/author\/mariah\/"}]}},"_links":{"self":[{"href":"https:\/\/www.gernikagogoratuz.org\/eu\/wp-json\/wp\/v2\/posts\/26141","targetHints":{"allow":["GET"]}}],"collection":[{"href":"https:\/\/www.gernikagogoratuz.org\/eu\/wp-json\/wp\/v2\/posts"}],"about":[{"href":"https:\/\/www.gernikagogoratuz.org\/eu\/wp-json\/wp\/v2\/types\/post"}],"author":[{"embeddable":true,"href":"https:\/\/www.gernikagogoratuz.org\/eu\/wp-json\/wp\/v2\/users\/5"}],"replies":[{"embeddable":true,"href":"https:\/\/www.gernikagogoratuz.org\/eu\/wp-json\/wp\/v2\/comments?post=26141"}],"version-history":[{"count":0,"href":"https:\/\/www.gernikagogoratuz.org\/eu\/wp-json\/wp\/v2\/posts\/26141\/revisions"}],"wp:attachment":[{"href":"https:\/\/www.gernikagogoratuz.org\/eu\/wp-json\/wp\/v2\/media?parent=26141"}],"wp:term":[{"taxonomy":"category","embeddable":true,"href":"https:\/\/www.gernikagogoratuz.org\/eu\/wp-json\/wp\/v2\/categories?post=26141"},{"taxonomy":"post_tag","embeddable":true,"href":"https:\/\/www.gernikagogoratuz.org\/eu\/wp-json\/wp\/v2\/tags?post=26141"}],"curies":[{"name":"wp","href":"https:\/\/api.w.org\/{rel}","templated":true}]}}