{"id":26550,"date":"2021-08-03T11:35:40","date_gmt":"2021-08-03T10:35:40","guid":{"rendered":"https:\/\/www.gernikagogoratuz.org\/?p=26550"},"modified":"2021-08-10T11:42:32","modified_gmt":"2021-08-10T10:42:32","slug":"foroa-la-escuela-como-espacio-de-construccion-de-memoria-y-verdad-reflexiones-desde-el-caqueta-amazonia-colombiana","status":"publish","type":"post","link":"https:\/\/www.gernikagogoratuz.org\/eu\/foroa-la-escuela-como-espacio-de-construccion-de-memoria-y-verdad-reflexiones-desde-el-caqueta-amazonia-colombiana\/","title":{"rendered":"FOROA: \u201cLA ESCUELA COMO ESPACIO DE CONSTRUCCI\u00d3N DE MEMORIA Y VERDAD: REFLEXIONES DESDE EL CAQUET\u00c1, AMAZON\u00cdA COLOMBIANA\u201d"},"content":{"rendered":"<div class=\"wpb-content-wrapper\"><p>[vc_row][vc_column][vc_column_text]Abuztuaren 4an honako foroa izango dugu: \u201cLa escuela como espacio de construcci\u00f3n de memoria y verdad: reflexiones desde el Caquet\u00e1, Amazon\u00eda colombiana\u201d. Parte-hartzaileak: <a href=\"https:\/\/www.gernikagogoratuz.org\/eu\/aurkezpena\/maria-oianguren-idigoras\/\">Mar\u00eda Oianguren<\/a>, Gernika Gogoratuz elkarteko zuzendaria, eta <a href=\"https:\/\/www.gernikagogoratuz.org\/eu\/aurkezpena\/fernando-cruz-artunduaga\/\">Fernando Cruz<\/a>, Egiaren Batzordeko lurralde koordinatzailea Florentzian eta Gernika Gogoratuz elkarteko ikertzaile kolaboratzailea.<br \/>\nEkitaldia <strong><em>Comisi\u00f3n para el esclarecimiento de la verdad, la verdad y la no repetici\u00f3n<\/em><\/strong> izeneko batzordeak antolatu du, eta honakoek ere hartuko dute parte: <strong>Amada Benavides<\/strong>, Bakearen Eskolen Fundazioaren presidentea; <strong>Constanza Alarc\u00f3n P\u00e1rraga<\/strong>, eskolaurre, oinarrizko eta tarteko hezkuntzako ministro-ordea; <strong>Luc\u00eda Gonz\u00e1lez<\/strong>, Egiaren Batzordeko komisionatua; <strong>Carlos Martin Berinstain<\/strong>, Egiaren Batzordeko komisionatua; <strong>Ang\u00e9lica Padilla M\u00e9ndez<\/strong>, Egiaren Batzordeko Nodo partaidea, Euskadin; <strong>Alicia Cabezudo<\/strong>, bake eta hezkuntza, eta giza eskubideen arloko gaien nazioarteko aholkularia; eta hezkuntza erakundeetako beste irakasle batzuk.<\/p>\n<p><strong>3:00pm eta 5:00pm bitartean emango da batzordearen sare sozialen bidez, <a href=\"https:\/\/www.youtube.com\/channel\/UCCYEPSzpYaPqs3ajvn0yL5A\" target=\"_blank\" rel=\"noopener noreferrer\">Youtube<\/a> eta <a href=\"https:\/\/www.facebook.com\/ComisionVerdadC\" target=\"_blank\" rel=\"noopener noreferrer\">Facebook<\/a>.<\/strong>[\/vc_column_text][\/vc_column][\/vc_row]<\/p>\n<\/div>","protected":false},"excerpt":{"rendered":"<p>Abuztuaren 4an, 3:00pm eta 5:00pm bitartean, Youtube eta Facebook<\/p>\n","protected":false},"author":5,"featured_media":24768,"comment_status":"closed","ping_status":"closed","sticky":false,"template":"","format":"standard","meta":{"inline_featured_image":false,"footnotes":""},"categories":[317],"tags":[],"class_list":["post-26550","post","type-post","status-publish","format-standard","has-post-thumbnail","hentry","category-giza-eskubideak"],"yoast_head":"<!-- This site is optimized with the Yoast SEO plugin v27.5 - https:\/\/yoast.com\/product\/yoast-seo-wordpress\/ -->\n<title>Gernika Gogoratuz, Centro de Investigaci\u00f3n por la Paz<\/title>\n<meta name=\"description\" content=\"Consulta toda la actualidad sobre jornadas, cursos y formaci\u00f3n sobre Cultura de Paz, Educaci\u00f3n por la Paz, Econom\u00eda de Paz, Antimilitarismo...\" \/>\n<meta name=\"robots\" content=\"index, follow, max-snippet:-1, max-image-preview:large, max-video-preview:-1\" \/>\n<link rel=\"canonical\" href=\"https:\/\/www.gernikagogoratuz.org\/eu\/foroa-la-escuela-como-espacio-de-construccion-de-memoria-y-verdad-reflexiones-desde-el-caqueta-amazonia-colombiana\/\" \/>\n<meta property=\"og:locale\" content=\"eu_ES\" \/>\n<meta property=\"og:type\" content=\"article\" \/>\n<meta property=\"og:title\" content=\"Gernika Gogoratuz, Centro de Investigaci\u00f3n por la Paz\" \/>\n<meta property=\"og:description\" content=\"Consulta toda la actualidad sobre jornadas, cursos y formaci\u00f3n sobre Cultura de Paz, Educaci\u00f3n por la Paz, Econom\u00eda de Paz, Antimilitarismo...\" \/>\n<meta property=\"og:url\" content=\"https:\/\/www.gernikagogoratuz.org\/eu\/foroa-la-escuela-como-espacio-de-construccion-de-memoria-y-verdad-reflexiones-desde-el-caqueta-amazonia-colombiana\/\" \/>\n<meta property=\"og:site_name\" content=\"Gernika Gogoratuz\" \/>\n<meta property=\"article:publisher\" content=\"https:\/\/www.facebook.com\/GernikaGogoratuzFundacion\" \/>\n<meta property=\"article:published_time\" content=\"2021-08-03T10:35:40+00:00\" \/>\n<meta property=\"article:modified_time\" content=\"2021-08-10T10:42:32+00:00\" \/>\n<meta property=\"og:image\" content=\"https:\/\/www.gernikagogoratuz.org\/wp-content\/uploads\/2020\/11\/comision-verdad-2.jpg\" \/>\n\t<meta property=\"og:image:width\" content=\"1124\" \/>\n\t<meta property=\"og:image:height\" content=\"618\" \/>\n\t<meta property=\"og:image:type\" content=\"image\/jpeg\" \/>\n<meta name=\"author\" content=\"Gernika Gogoratuz\" \/>\n<meta name=\"twitter:card\" content=\"summary_large_image\" \/>\n<meta name=\"twitter:creator\" content=\"@GGogoratuz\" \/>\n<meta name=\"twitter:site\" content=\"@GGogoratuz\" \/>\n<meta name=\"twitter:label1\" content=\"Written by\" \/>\n\t<meta name=\"twitter:data1\" content=\"Gernika Gogoratuz\" \/>\n\t<meta name=\"twitter:label2\" content=\"Est. reading time\" \/>\n\t<meta name=\"twitter:data2\" content=\"1 minute\" \/>\n<script type=\"application\/ld+json\" class=\"yoast-schema-graph\">{\"@context\":\"https:\\\/\\\/schema.org\",\"@graph\":[{\"@type\":\"Article\",\"@id\":\"https:\\\/\\\/www.gernikagogoratuz.org\\\/eu\\\/foroa-la-escuela-como-espacio-de-construccion-de-memoria-y-verdad-reflexiones-desde-el-caqueta-amazonia-colombiana\\\/#article\",\"isPartOf\":{\"@id\":\"https:\\\/\\\/www.gernikagogoratuz.org\\\/eu\\\/foroa-la-escuela-como-espacio-de-construccion-de-memoria-y-verdad-reflexiones-desde-el-caqueta-amazonia-colombiana\\\/\"},\"author\":{\"name\":\"Gernika Gogoratuz\",\"@id\":\"https:\\\/\\\/www.gernikagogoratuz.org\\\/eu\\\/#\\\/schema\\\/person\\\/56074ce3758ecfb8417c8311e88c79c8\"},\"headline\":\"FOROA: \u201cLA ESCUELA COMO ESPACIO DE CONSTRUCCI\u00d3N DE MEMORIA Y VERDAD: REFLEXIONES DESDE EL CAQUET\u00c1, AMAZON\u00cdA COLOMBIANA\u201d\",\"datePublished\":\"2021-08-03T10:35:40+00:00\",\"dateModified\":\"2021-08-10T10:42:32+00:00\",\"mainEntityOfPage\":{\"@id\":\"https:\\\/\\\/www.gernikagogoratuz.org\\\/eu\\\/foroa-la-escuela-como-espacio-de-construccion-de-memoria-y-verdad-reflexiones-desde-el-caqueta-amazonia-colombiana\\\/\"},\"wordCount\":176,\"publisher\":{\"@id\":\"https:\\\/\\\/www.gernikagogoratuz.org\\\/eu\\\/#organization\"},\"image\":{\"@id\":\"https:\\\/\\\/www.gernikagogoratuz.org\\\/eu\\\/foroa-la-escuela-como-espacio-de-construccion-de-memoria-y-verdad-reflexiones-desde-el-caqueta-amazonia-colombiana\\\/#primaryimage\"},\"thumbnailUrl\":\"https:\\\/\\\/www.gernikagogoratuz.org\\\/wp-content\\\/uploads\\\/2020\\\/11\\\/comision-verdad-2.jpg\",\"articleSection\":[\"Giza Eskubideak\"],\"inLanguage\":\"eu-ES\"},{\"@type\":\"WebPage\",\"@id\":\"https:\\\/\\\/www.gernikagogoratuz.org\\\/eu\\\/foroa-la-escuela-como-espacio-de-construccion-de-memoria-y-verdad-reflexiones-desde-el-caqueta-amazonia-colombiana\\\/\",\"url\":\"https:\\\/\\\/www.gernikagogoratuz.org\\\/eu\\\/foroa-la-escuela-como-espacio-de-construccion-de-memoria-y-verdad-reflexiones-desde-el-caqueta-amazonia-colombiana\\\/\",\"name\":\"Gernika Gogoratuz, Centro de Investigaci\u00f3n por la Paz\",\"isPartOf\":{\"@id\":\"https:\\\/\\\/www.gernikagogoratuz.org\\\/eu\\\/#website\"},\"primaryImageOfPage\":{\"@id\":\"https:\\\/\\\/www.gernikagogoratuz.org\\\/eu\\\/foroa-la-escuela-como-espacio-de-construccion-de-memoria-y-verdad-reflexiones-desde-el-caqueta-amazonia-colombiana\\\/#primaryimage\"},\"image\":{\"@id\":\"https:\\\/\\\/www.gernikagogoratuz.org\\\/eu\\\/foroa-la-escuela-como-espacio-de-construccion-de-memoria-y-verdad-reflexiones-desde-el-caqueta-amazonia-colombiana\\\/#primaryimage\"},\"thumbnailUrl\":\"https:\\\/\\\/www.gernikagogoratuz.org\\\/wp-content\\\/uploads\\\/2020\\\/11\\\/comision-verdad-2.jpg\",\"datePublished\":\"2021-08-03T10:35:40+00:00\",\"dateModified\":\"2021-08-10T10:42:32+00:00\",\"description\":\"Consulta toda la actualidad sobre jornadas, cursos y formaci\u00f3n sobre Cultura de Paz, Educaci\u00f3n por la Paz, Econom\u00eda de Paz, Antimilitarismo...\",\"breadcrumb\":{\"@id\":\"https:\\\/\\\/www.gernikagogoratuz.org\\\/eu\\\/foroa-la-escuela-como-espacio-de-construccion-de-memoria-y-verdad-reflexiones-desde-el-caqueta-amazonia-colombiana\\\/#breadcrumb\"},\"inLanguage\":\"eu-ES\",\"potentialAction\":[{\"@type\":\"ReadAction\",\"target\":[\"https:\\\/\\\/www.gernikagogoratuz.org\\\/eu\\\/foroa-la-escuela-como-espacio-de-construccion-de-memoria-y-verdad-reflexiones-desde-el-caqueta-amazonia-colombiana\\\/\"]}]},{\"@type\":\"ImageObject\",\"inLanguage\":\"eu-ES\",\"@id\":\"https:\\\/\\\/www.gernikagogoratuz.org\\\/eu\\\/foroa-la-escuela-como-espacio-de-construccion-de-memoria-y-verdad-reflexiones-desde-el-caqueta-amazonia-colombiana\\\/#primaryimage\",\"url\":\"https:\\\/\\\/www.gernikagogoratuz.org\\\/wp-content\\\/uploads\\\/2020\\\/11\\\/comision-verdad-2.jpg\",\"contentUrl\":\"https:\\\/\\\/www.gernikagogoratuz.org\\\/wp-content\\\/uploads\\\/2020\\\/11\\\/comision-verdad-2.jpg\",\"width\":1124,\"height\":618,\"caption\":\"GERNIKA GOGORATUZ PARTICIPAR\u00c1 EN EL ACTO DE RECONOCIMIENTO A LAS V\u00cdCTIMAS EN COLOMBIA ORGANIZADO POR LA COMISI\u00d3N DE LA VERDAD\"},{\"@type\":\"BreadcrumbList\",\"@id\":\"https:\\\/\\\/www.gernikagogoratuz.org\\\/eu\\\/foroa-la-escuela-como-espacio-de-construccion-de-memoria-y-verdad-reflexiones-desde-el-caqueta-amazonia-colombiana\\\/#breadcrumb\",\"itemListElement\":[{\"@type\":\"ListItem\",\"position\":1,\"name\":\"Portada\",\"item\":\"https:\\\/\\\/www.gernikagogoratuz.org\\\/eu\\\/\"},{\"@type\":\"ListItem\",\"position\":2,\"name\":\"Bake kultura\",\"item\":\"https:\\\/\\\/www.gernikagogoratuz.org\\\/eu\\\/category\\\/bake-kultura\\\/\"},{\"@type\":\"ListItem\",\"position\":3,\"name\":\"Derechos Humanos\",\"item\":\"https:\\\/\\\/www.gernikagogoratuz.org\\\/category\\\/cultura-de-paz\\\/derechos-humanos\\\/\"},{\"@type\":\"ListItem\",\"position\":4,\"name\":\"FOROA: \u201cLA ESCUELA COMO ESPACIO DE CONSTRUCCI\u00d3N DE MEMORIA Y VERDAD: REFLEXIONES DESDE EL CAQUET\u00c1, AMAZON\u00cdA COLOMBIANA\u201d\"}]},{\"@type\":\"WebSite\",\"@id\":\"https:\\\/\\\/www.gernikagogoratuz.org\\\/eu\\\/#website\",\"url\":\"https:\\\/\\\/www.gernikagogoratuz.org\\\/eu\\\/\",\"name\":\"Gernika Gogoratuz\",\"description\":\"Centro de investigaci\u00f3n por la paz\",\"publisher\":{\"@id\":\"https:\\\/\\\/www.gernikagogoratuz.org\\\/eu\\\/#organization\"},\"potentialAction\":[{\"@type\":\"SearchAction\",\"target\":{\"@type\":\"EntryPoint\",\"urlTemplate\":\"https:\\\/\\\/www.gernikagogoratuz.org\\\/eu\\\/?s={search_term_string}\"},\"query-input\":{\"@type\":\"PropertyValueSpecification\",\"valueRequired\":true,\"valueName\":\"search_term_string\"}}],\"inLanguage\":\"eu-ES\"},{\"@type\":\"Organization\",\"@id\":\"https:\\\/\\\/www.gernikagogoratuz.org\\\/eu\\\/#organization\",\"name\":\"Gernika Gogoratuz. Centro de Investigaci\u00f3n por la Paz.\",\"url\":\"https:\\\/\\\/www.gernikagogoratuz.org\\\/eu\\\/\",\"logo\":{\"@type\":\"ImageObject\",\"inLanguage\":\"eu-ES\",\"@id\":\"https:\\\/\\\/www.gernikagogoratuz.org\\\/eu\\\/#\\\/schema\\\/logo\\\/image\\\/\",\"url\":\"https:\\\/\\\/www.gernikagogoratuz.org\\\/wp-content\\\/uploads\\\/2018\\\/10\\\/gernikagogoratuzogo_es.svg\",\"contentUrl\":\"https:\\\/\\\/www.gernikagogoratuz.org\\\/wp-content\\\/uploads\\\/2018\\\/10\\\/gernikagogoratuzogo_es.svg\",\"width\":1,\"height\":1,\"caption\":\"Gernika Gogoratuz. Centro de Investigaci\u00f3n por la Paz.\"},\"image\":{\"@id\":\"https:\\\/\\\/www.gernikagogoratuz.org\\\/eu\\\/#\\\/schema\\\/logo\\\/image\\\/\"},\"sameAs\":[\"https:\\\/\\\/www.facebook.com\\\/GernikaGogoratuzFundacion\",\"https:\\\/\\\/x.com\\\/GGogoratuz\",\"https:\\\/\\\/www.youtube.com\\\/user\\\/gernikagogoratuz\\\/videos\"]},{\"@type\":\"Person\",\"@id\":\"https:\\\/\\\/www.gernikagogoratuz.org\\\/eu\\\/#\\\/schema\\\/person\\\/56074ce3758ecfb8417c8311e88c79c8\",\"name\":\"Gernika Gogoratuz\",\"image\":{\"@type\":\"ImageObject\",\"inLanguage\":\"eu-ES\",\"@id\":\"https:\\\/\\\/secure.gravatar.com\\\/avatar\\\/fec0f20c36775b6715813b8de1aaf669d19199d3c0cc9d7aaf3d6e34de76a8a2?s=96&d=mm&r=g\",\"url\":\"https:\\\/\\\/secure.gravatar.com\\\/avatar\\\/fec0f20c36775b6715813b8de1aaf669d19199d3c0cc9d7aaf3d6e34de76a8a2?s=96&d=mm&r=g\",\"contentUrl\":\"https:\\\/\\\/secure.gravatar.com\\\/avatar\\\/fec0f20c36775b6715813b8de1aaf669d19199d3c0cc9d7aaf3d6e34de76a8a2?s=96&d=mm&r=g\",\"caption\":\"Gernika Gogoratuz\"},\"url\":\"https:\\\/\\\/www.gernikagogoratuz.org\\\/eu\\\/author\\\/mariah\\\/\"}]}<\/script>\n<!-- \/ Yoast SEO plugin. -->","yoast_head_json":{"title":"Gernika Gogoratuz, Centro de Investigaci\u00f3n por la Paz","description":"Consulta toda la actualidad sobre jornadas, cursos y formaci\u00f3n sobre Cultura de Paz, Educaci\u00f3n por la Paz, Econom\u00eda de Paz, Antimilitarismo...","robots":{"index":"index","follow":"follow","max-snippet":"max-snippet:-1","max-image-preview":"max-image-preview:large","max-video-preview":"max-video-preview:-1"},"canonical":"https:\/\/www.gernikagogoratuz.org\/eu\/foroa-la-escuela-como-espacio-de-construccion-de-memoria-y-verdad-reflexiones-desde-el-caqueta-amazonia-colombiana\/","og_locale":"eu_ES","og_type":"article","og_title":"Gernika Gogoratuz, Centro de Investigaci\u00f3n por la Paz","og_description":"Consulta toda la actualidad sobre jornadas, cursos y formaci\u00f3n sobre Cultura de Paz, Educaci\u00f3n por la Paz, Econom\u00eda de Paz, Antimilitarismo...","og_url":"https:\/\/www.gernikagogoratuz.org\/eu\/foroa-la-escuela-como-espacio-de-construccion-de-memoria-y-verdad-reflexiones-desde-el-caqueta-amazonia-colombiana\/","og_site_name":"Gernika Gogoratuz","article_publisher":"https:\/\/www.facebook.com\/GernikaGogoratuzFundacion","article_published_time":"2021-08-03T10:35:40+00:00","article_modified_time":"2021-08-10T10:42:32+00:00","og_image":[{"width":1124,"height":618,"url":"https:\/\/www.gernikagogoratuz.org\/wp-content\/uploads\/2020\/11\/comision-verdad-2.jpg","type":"image\/jpeg"}],"author":"Gernika Gogoratuz","twitter_card":"summary_large_image","twitter_creator":"@GGogoratuz","twitter_site":"@GGogoratuz","twitter_misc":{"Written by":"Gernika Gogoratuz","Est. reading time":"1 minute"},"schema":{"@context":"https:\/\/schema.org","@graph":[{"@type":"Article","@id":"https:\/\/www.gernikagogoratuz.org\/eu\/foroa-la-escuela-como-espacio-de-construccion-de-memoria-y-verdad-reflexiones-desde-el-caqueta-amazonia-colombiana\/#article","isPartOf":{"@id":"https:\/\/www.gernikagogoratuz.org\/eu\/foroa-la-escuela-como-espacio-de-construccion-de-memoria-y-verdad-reflexiones-desde-el-caqueta-amazonia-colombiana\/"},"author":{"name":"Gernika Gogoratuz","@id":"https:\/\/www.gernikagogoratuz.org\/eu\/#\/schema\/person\/56074ce3758ecfb8417c8311e88c79c8"},"headline":"FOROA: \u201cLA ESCUELA COMO ESPACIO DE CONSTRUCCI\u00d3N DE MEMORIA Y VERDAD: REFLEXIONES DESDE EL CAQUET\u00c1, AMAZON\u00cdA COLOMBIANA\u201d","datePublished":"2021-08-03T10:35:40+00:00","dateModified":"2021-08-10T10:42:32+00:00","mainEntityOfPage":{"@id":"https:\/\/www.gernikagogoratuz.org\/eu\/foroa-la-escuela-como-espacio-de-construccion-de-memoria-y-verdad-reflexiones-desde-el-caqueta-amazonia-colombiana\/"},"wordCount":176,"publisher":{"@id":"https:\/\/www.gernikagogoratuz.org\/eu\/#organization"},"image":{"@id":"https:\/\/www.gernikagogoratuz.org\/eu\/foroa-la-escuela-como-espacio-de-construccion-de-memoria-y-verdad-reflexiones-desde-el-caqueta-amazonia-colombiana\/#primaryimage"},"thumbnailUrl":"https:\/\/www.gernikagogoratuz.org\/wp-content\/uploads\/2020\/11\/comision-verdad-2.jpg","articleSection":["Giza Eskubideak"],"inLanguage":"eu-ES"},{"@type":"WebPage","@id":"https:\/\/www.gernikagogoratuz.org\/eu\/foroa-la-escuela-como-espacio-de-construccion-de-memoria-y-verdad-reflexiones-desde-el-caqueta-amazonia-colombiana\/","url":"https:\/\/www.gernikagogoratuz.org\/eu\/foroa-la-escuela-como-espacio-de-construccion-de-memoria-y-verdad-reflexiones-desde-el-caqueta-amazonia-colombiana\/","name":"Gernika Gogoratuz, Centro de Investigaci\u00f3n por la Paz","isPartOf":{"@id":"https:\/\/www.gernikagogoratuz.org\/eu\/#website"},"primaryImageOfPage":{"@id":"https:\/\/www.gernikagogoratuz.org\/eu\/foroa-la-escuela-como-espacio-de-construccion-de-memoria-y-verdad-reflexiones-desde-el-caqueta-amazonia-colombiana\/#primaryimage"},"image":{"@id":"https:\/\/www.gernikagogoratuz.org\/eu\/foroa-la-escuela-como-espacio-de-construccion-de-memoria-y-verdad-reflexiones-desde-el-caqueta-amazonia-colombiana\/#primaryimage"},"thumbnailUrl":"https:\/\/www.gernikagogoratuz.org\/wp-content\/uploads\/2020\/11\/comision-verdad-2.jpg","datePublished":"2021-08-03T10:35:40+00:00","dateModified":"2021-08-10T10:42:32+00:00","description":"Consulta toda la actualidad sobre jornadas, cursos y formaci\u00f3n sobre Cultura de Paz, Educaci\u00f3n por la Paz, Econom\u00eda de Paz, Antimilitarismo...","breadcrumb":{"@id":"https:\/\/www.gernikagogoratuz.org\/eu\/foroa-la-escuela-como-espacio-de-construccion-de-memoria-y-verdad-reflexiones-desde-el-caqueta-amazonia-colombiana\/#breadcrumb"},"inLanguage":"eu-ES","potentialAction":[{"@type":"ReadAction","target":["https:\/\/www.gernikagogoratuz.org\/eu\/foroa-la-escuela-como-espacio-de-construccion-de-memoria-y-verdad-reflexiones-desde-el-caqueta-amazonia-colombiana\/"]}]},{"@type":"ImageObject","inLanguage":"eu-ES","@id":"https:\/\/www.gernikagogoratuz.org\/eu\/foroa-la-escuela-como-espacio-de-construccion-de-memoria-y-verdad-reflexiones-desde-el-caqueta-amazonia-colombiana\/#primaryimage","url":"https:\/\/www.gernikagogoratuz.org\/wp-content\/uploads\/2020\/11\/comision-verdad-2.jpg","contentUrl":"https:\/\/www.gernikagogoratuz.org\/wp-content\/uploads\/2020\/11\/comision-verdad-2.jpg","width":1124,"height":618,"caption":"GERNIKA GOGORATUZ PARTICIPAR\u00c1 EN EL ACTO DE RECONOCIMIENTO A LAS V\u00cdCTIMAS EN COLOMBIA ORGANIZADO POR LA COMISI\u00d3N DE LA VERDAD"},{"@type":"BreadcrumbList","@id":"https:\/\/www.gernikagogoratuz.org\/eu\/foroa-la-escuela-como-espacio-de-construccion-de-memoria-y-verdad-reflexiones-desde-el-caqueta-amazonia-colombiana\/#breadcrumb","itemListElement":[{"@type":"ListItem","position":1,"name":"Portada","item":"https:\/\/www.gernikagogoratuz.org\/eu\/"},{"@type":"ListItem","position":2,"name":"Bake kultura","item":"https:\/\/www.gernikagogoratuz.org\/eu\/category\/bake-kultura\/"},{"@type":"ListItem","position":3,"name":"Derechos Humanos","item":"https:\/\/www.gernikagogoratuz.org\/category\/cultura-de-paz\/derechos-humanos\/"},{"@type":"ListItem","position":4,"name":"FOROA: \u201cLA ESCUELA COMO ESPACIO DE CONSTRUCCI\u00d3N DE MEMORIA Y VERDAD: REFLEXIONES DESDE EL CAQUET\u00c1, AMAZON\u00cdA COLOMBIANA\u201d"}]},{"@type":"WebSite","@id":"https:\/\/www.gernikagogoratuz.org\/eu\/#website","url":"https:\/\/www.gernikagogoratuz.org\/eu\/","name":"Gernika Gogoratuz","description":"Centro de investigaci\u00f3n por la paz","publisher":{"@id":"https:\/\/www.gernikagogoratuz.org\/eu\/#organization"},"potentialAction":[{"@type":"SearchAction","target":{"@type":"EntryPoint","urlTemplate":"https:\/\/www.gernikagogoratuz.org\/eu\/?s={search_term_string}"},"query-input":{"@type":"PropertyValueSpecification","valueRequired":true,"valueName":"search_term_string"}}],"inLanguage":"eu-ES"},{"@type":"Organization","@id":"https:\/\/www.gernikagogoratuz.org\/eu\/#organization","name":"Gernika Gogoratuz. Centro de Investigaci\u00f3n por la Paz.","url":"https:\/\/www.gernikagogoratuz.org\/eu\/","logo":{"@type":"ImageObject","inLanguage":"eu-ES","@id":"https:\/\/www.gernikagogoratuz.org\/eu\/#\/schema\/logo\/image\/","url":"https:\/\/www.gernikagogoratuz.org\/wp-content\/uploads\/2018\/10\/gernikagogoratuzogo_es.svg","contentUrl":"https:\/\/www.gernikagogoratuz.org\/wp-content\/uploads\/2018\/10\/gernikagogoratuzogo_es.svg","width":1,"height":1,"caption":"Gernika Gogoratuz. Centro de Investigaci\u00f3n por la Paz."},"image":{"@id":"https:\/\/www.gernikagogoratuz.org\/eu\/#\/schema\/logo\/image\/"},"sameAs":["https:\/\/www.facebook.com\/GernikaGogoratuzFundacion","https:\/\/x.com\/GGogoratuz","https:\/\/www.youtube.com\/user\/gernikagogoratuz\/videos"]},{"@type":"Person","@id":"https:\/\/www.gernikagogoratuz.org\/eu\/#\/schema\/person\/56074ce3758ecfb8417c8311e88c79c8","name":"Gernika Gogoratuz","image":{"@type":"ImageObject","inLanguage":"eu-ES","@id":"https:\/\/secure.gravatar.com\/avatar\/fec0f20c36775b6715813b8de1aaf669d19199d3c0cc9d7aaf3d6e34de76a8a2?s=96&d=mm&r=g","url":"https:\/\/secure.gravatar.com\/avatar\/fec0f20c36775b6715813b8de1aaf669d19199d3c0cc9d7aaf3d6e34de76a8a2?s=96&d=mm&r=g","contentUrl":"https:\/\/secure.gravatar.com\/avatar\/fec0f20c36775b6715813b8de1aaf669d19199d3c0cc9d7aaf3d6e34de76a8a2?s=96&d=mm&r=g","caption":"Gernika Gogoratuz"},"url":"https:\/\/www.gernikagogoratuz.org\/eu\/author\/mariah\/"}]}},"_links":{"self":[{"href":"https:\/\/www.gernikagogoratuz.org\/eu\/wp-json\/wp\/v2\/posts\/26550","targetHints":{"allow":["GET"]}}],"collection":[{"href":"https:\/\/www.gernikagogoratuz.org\/eu\/wp-json\/wp\/v2\/posts"}],"about":[{"href":"https:\/\/www.gernikagogoratuz.org\/eu\/wp-json\/wp\/v2\/types\/post"}],"author":[{"embeddable":true,"href":"https:\/\/www.gernikagogoratuz.org\/eu\/wp-json\/wp\/v2\/users\/5"}],"replies":[{"embeddable":true,"href":"https:\/\/www.gernikagogoratuz.org\/eu\/wp-json\/wp\/v2\/comments?post=26550"}],"version-history":[{"count":0,"href":"https:\/\/www.gernikagogoratuz.org\/eu\/wp-json\/wp\/v2\/posts\/26550\/revisions"}],"wp:featuredmedia":[{"embeddable":true,"href":"https:\/\/www.gernikagogoratuz.org\/eu\/wp-json\/wp\/v2\/media\/24768"}],"wp:attachment":[{"href":"https:\/\/www.gernikagogoratuz.org\/eu\/wp-json\/wp\/v2\/media?parent=26550"}],"wp:term":[{"taxonomy":"category","embeddable":true,"href":"https:\/\/www.gernikagogoratuz.org\/eu\/wp-json\/wp\/v2\/categories?post=26550"},{"taxonomy":"post_tag","embeddable":true,"href":"https:\/\/www.gernikagogoratuz.org\/eu\/wp-json\/wp\/v2\/tags?post=26550"}],"curies":[{"name":"wp","href":"https:\/\/api.w.org\/{rel}","templated":true}]}}