{"id":27352,"date":"2021-10-19T10:08:37","date_gmt":"2021-10-19T08:08:37","guid":{"rendered":"https:\/\/www.gernikagogoratuz.org\/?p=27352"},"modified":"2021-10-20T10:14:53","modified_gmt":"2021-10-20T08:14:53","slug":"maria-oiangurenek-granadako-unibertsitateko-bake-kulturako-masterra-inauguratu-du","status":"publish","type":"post","link":"https:\/\/www.gernikagogoratuz.org\/eu\/maria-oiangurenek-granadako-unibertsitateko-bake-kulturako-masterra-inauguratu-du\/","title":{"rendered":"MARIA OIANGURENEK GRANADAKO UNIBERTSITATEKO BAKE KULTURAKO MASTERRA INAUGURATU DU"},"content":{"rendered":"<div class=\"wpb-content-wrapper\"><p>[vc_row][vc_column][vc_column_text]Bakearen, Gatazken, Hezkuntzaren eta Giza Eskubideen Kulturako Unibertsitate arteko Masterrak, Granadako Unibertsitateko Bakearen eta Gatazken Institutuko tituluak, Gernika Gogoratuz-eko zuzendari <a href=\"https:\/\/www.gernikagogoratuz.org\/eu\/aurkezpena\/maria-oianguren-idigoras\/\" target=\"_blank\" rel=\"noopener noreferrer\">Mar\u00eda Oianguren Idigoras<\/a> gonbidatu du urriaren 20an inaugurazio-ekitaldian parte hartzera.[\/vc_column_text][\/vc_column][\/vc_row][vc_row][vc_column][vc_empty_space][\/vc_column][\/vc_row][vc_row][vc_column][vc_column_text]Programa honako hau izan da:<\/p>\n<p>\u00b7 IPAZeko zuzendari Jos\u00e9 \u00c1ngel Ruiz Jim\u00e9nez jaunaren ongietorri-hitzak.<br \/>\n\u00b7 Masterraren koordinatzaile Fanny T. A\u00f1a\u00f1os Bedri\u00f1ana andrearen ongietorri-hitzak.<br \/>\n\u00b7 2021-2022 ikasturteko irakasleen aurkezpena.[\/vc_column_text][vc_empty_space][\/vc_column][\/vc_row][vc_row][vc_column][vc_column_text]Inaugurazio-hitzaldia: <strong>\u201cBake inperfektuari eta haren konplexutasunari buruzko jakintzak\u201d<\/strong><br \/>\nHizlaria: <strong>Mar\u00eda Oianguren Idigoras<\/strong> andrea, Gernika Gogoratuz Bakearen aldeko Ikerketa Zentroko zuzendaria<br \/>\nAurkezlea: <strong>Juan Manuel Jim\u00e9nez Arenas jauna+<\/strong><\/p>\n<p><strong>2021eko urriaren 20an, asteazkena, 18: 30ean, Francisco Mu\u00f1oz Mu\u00f1oz<\/strong><br \/>\n(Dokumentazio Zientifikoko Zentroa)<\/p>\n<p><a href=\"http:\/\/masterpaz.ugr.es\/\" target=\"_blank\" rel=\"noopener noreferrer\">2021\/2022 ikasturte akademikoa. XIII. Edizioa<\/a>[\/vc_column_text][vc_empty_space][\/vc_column][\/vc_row][vc_row][vc_column][vc_column_text]Bakearen, Gatazken, Hezkuntzaren eta Giza Eskubideen Kulturako Unibertsitate arteko Masterra Granadako Unibertsitateko Bakearen eta Gatazken Institutuak, Kordobako Unibertsitateko Gatazkak Konpontzeko Unesco Katedrak, Malagako Unibertsitateko Hezkuntza Zientzien Fakultateak eta Cadizko Unibertsitateko Hezkuntza Zientzien Fakultateak eskainitako titulazioa da.[\/vc_column_text][vc_empty_space][\/vc_column][\/vc_row]<\/p>\n<\/div>","protected":false},"excerpt":{"rendered":"<p>2021eko urriaren 20an, asteazkena, 18: 30ean, Francisco Mu\u00f1oz Mu\u00f1oz<\/p>\n","protected":false},"author":5,"featured_media":27338,"comment_status":"closed","ping_status":"closed","sticky":false,"template":"","format":"standard","meta":{"inline_featured_image":false,"footnotes":""},"categories":[307],"tags":[],"class_list":["post-27352","post","type-post","status-publish","format-standard","has-post-thumbnail","hentry","category-bake-kultura"],"yoast_head":"<!-- This site is optimized with the Yoast SEO plugin v27.5 - https:\/\/yoast.com\/product\/yoast-seo-wordpress\/ -->\n<title>Gernika Gogoratuz, Centro de Investigaci\u00f3n por la Paz<\/title>\n<meta name=\"description\" content=\"Consulta toda la actualidad sobre jornadas, cursos y formaci\u00f3n sobre Cultura de Paz, Educaci\u00f3n por la Paz, Econom\u00eda de Paz, Antimilitarismo...\" \/>\n<meta name=\"robots\" content=\"index, follow, max-snippet:-1, max-image-preview:large, max-video-preview:-1\" \/>\n<link rel=\"canonical\" href=\"https:\/\/www.gernikagogoratuz.org\/eu\/maria-oiangurenek-granadako-unibertsitateko-bake-kulturako-masterra-inauguratu-du\/\" \/>\n<meta property=\"og:locale\" content=\"eu_ES\" \/>\n<meta property=\"og:type\" content=\"article\" \/>\n<meta property=\"og:title\" content=\"Gernika Gogoratuz, Centro de Investigaci\u00f3n por la Paz\" \/>\n<meta property=\"og:description\" content=\"Consulta toda la actualidad sobre jornadas, cursos y formaci\u00f3n sobre Cultura de Paz, Educaci\u00f3n por la Paz, Econom\u00eda de Paz, Antimilitarismo...\" \/>\n<meta property=\"og:url\" content=\"https:\/\/www.gernikagogoratuz.org\/eu\/maria-oiangurenek-granadako-unibertsitateko-bake-kulturako-masterra-inauguratu-du\/\" \/>\n<meta property=\"og:site_name\" content=\"Gernika Gogoratuz\" \/>\n<meta property=\"article:publisher\" content=\"https:\/\/www.facebook.com\/GernikaGogoratuzFundacion\" \/>\n<meta property=\"article:published_time\" content=\"2021-10-19T08:08:37+00:00\" \/>\n<meta property=\"article:modified_time\" content=\"2021-10-20T08:14:53+00:00\" \/>\n<meta property=\"og:image\" content=\"https:\/\/www.gernikagogoratuz.org\/wp-content\/uploads\/2021\/10\/master-granada-1.jpg\" \/>\n\t<meta property=\"og:image:width\" content=\"1124\" \/>\n\t<meta property=\"og:image:height\" content=\"618\" \/>\n\t<meta property=\"og:image:type\" content=\"image\/jpeg\" \/>\n<meta name=\"author\" content=\"Gernika Gogoratuz\" \/>\n<meta name=\"twitter:card\" content=\"summary_large_image\" \/>\n<meta name=\"twitter:creator\" content=\"@GGogoratuz\" \/>\n<meta name=\"twitter:site\" content=\"@GGogoratuz\" \/>\n<meta name=\"twitter:label1\" content=\"Written by\" \/>\n\t<meta name=\"twitter:data1\" content=\"Gernika Gogoratuz\" \/>\n\t<meta name=\"twitter:label2\" content=\"Est. reading time\" \/>\n\t<meta name=\"twitter:data2\" content=\"1 minute\" \/>\n<script type=\"application\/ld+json\" class=\"yoast-schema-graph\">{\"@context\":\"https:\\\/\\\/schema.org\",\"@graph\":[{\"@type\":\"Article\",\"@id\":\"https:\\\/\\\/www.gernikagogoratuz.org\\\/eu\\\/maria-oiangurenek-granadako-unibertsitateko-bake-kulturako-masterra-inauguratu-du\\\/#article\",\"isPartOf\":{\"@id\":\"https:\\\/\\\/www.gernikagogoratuz.org\\\/eu\\\/maria-oiangurenek-granadako-unibertsitateko-bake-kulturako-masterra-inauguratu-du\\\/\"},\"author\":{\"name\":\"Gernika Gogoratuz\",\"@id\":\"https:\\\/\\\/www.gernikagogoratuz.org\\\/eu\\\/#\\\/schema\\\/person\\\/56074ce3758ecfb8417c8311e88c79c8\"},\"headline\":\"MARIA OIANGURENEK GRANADAKO UNIBERTSITATEKO BAKE KULTURAKO MASTERRA INAUGURATU DU\",\"datePublished\":\"2021-10-19T08:08:37+00:00\",\"dateModified\":\"2021-10-20T08:14:53+00:00\",\"mainEntityOfPage\":{\"@id\":\"https:\\\/\\\/www.gernikagogoratuz.org\\\/eu\\\/maria-oiangurenek-granadako-unibertsitateko-bake-kulturako-masterra-inauguratu-du\\\/\"},\"wordCount\":226,\"publisher\":{\"@id\":\"https:\\\/\\\/www.gernikagogoratuz.org\\\/eu\\\/#organization\"},\"image\":{\"@id\":\"https:\\\/\\\/www.gernikagogoratuz.org\\\/eu\\\/maria-oiangurenek-granadako-unibertsitateko-bake-kulturako-masterra-inauguratu-du\\\/#primaryimage\"},\"thumbnailUrl\":\"https:\\\/\\\/www.gernikagogoratuz.org\\\/wp-content\\\/uploads\\\/2021\\\/10\\\/master-granada-1.jpg\",\"articleSection\":[\"Bake kultura\"],\"inLanguage\":\"eu-ES\"},{\"@type\":\"WebPage\",\"@id\":\"https:\\\/\\\/www.gernikagogoratuz.org\\\/eu\\\/maria-oiangurenek-granadako-unibertsitateko-bake-kulturako-masterra-inauguratu-du\\\/\",\"url\":\"https:\\\/\\\/www.gernikagogoratuz.org\\\/eu\\\/maria-oiangurenek-granadako-unibertsitateko-bake-kulturako-masterra-inauguratu-du\\\/\",\"name\":\"Gernika Gogoratuz, Centro de Investigaci\u00f3n por la Paz\",\"isPartOf\":{\"@id\":\"https:\\\/\\\/www.gernikagogoratuz.org\\\/eu\\\/#website\"},\"primaryImageOfPage\":{\"@id\":\"https:\\\/\\\/www.gernikagogoratuz.org\\\/eu\\\/maria-oiangurenek-granadako-unibertsitateko-bake-kulturako-masterra-inauguratu-du\\\/#primaryimage\"},\"image\":{\"@id\":\"https:\\\/\\\/www.gernikagogoratuz.org\\\/eu\\\/maria-oiangurenek-granadako-unibertsitateko-bake-kulturako-masterra-inauguratu-du\\\/#primaryimage\"},\"thumbnailUrl\":\"https:\\\/\\\/www.gernikagogoratuz.org\\\/wp-content\\\/uploads\\\/2021\\\/10\\\/master-granada-1.jpg\",\"datePublished\":\"2021-10-19T08:08:37+00:00\",\"dateModified\":\"2021-10-20T08:14:53+00:00\",\"description\":\"Consulta toda la actualidad sobre jornadas, cursos y formaci\u00f3n sobre Cultura de Paz, Educaci\u00f3n por la Paz, Econom\u00eda de Paz, Antimilitarismo...\",\"breadcrumb\":{\"@id\":\"https:\\\/\\\/www.gernikagogoratuz.org\\\/eu\\\/maria-oiangurenek-granadako-unibertsitateko-bake-kulturako-masterra-inauguratu-du\\\/#breadcrumb\"},\"inLanguage\":\"eu-ES\",\"potentialAction\":[{\"@type\":\"ReadAction\",\"target\":[\"https:\\\/\\\/www.gernikagogoratuz.org\\\/eu\\\/maria-oiangurenek-granadako-unibertsitateko-bake-kulturako-masterra-inauguratu-du\\\/\"]}]},{\"@type\":\"ImageObject\",\"inLanguage\":\"eu-ES\",\"@id\":\"https:\\\/\\\/www.gernikagogoratuz.org\\\/eu\\\/maria-oiangurenek-granadako-unibertsitateko-bake-kulturako-masterra-inauguratu-du\\\/#primaryimage\",\"url\":\"https:\\\/\\\/www.gernikagogoratuz.org\\\/wp-content\\\/uploads\\\/2021\\\/10\\\/master-granada-1.jpg\",\"contentUrl\":\"https:\\\/\\\/www.gernikagogoratuz.org\\\/wp-content\\\/uploads\\\/2021\\\/10\\\/master-granada-1.jpg\",\"width\":1124,\"height\":618,\"caption\":\"Master en cultura de paz, conflictos, educaci\u00f3n y derechos humanos\"},{\"@type\":\"BreadcrumbList\",\"@id\":\"https:\\\/\\\/www.gernikagogoratuz.org\\\/eu\\\/maria-oiangurenek-granadako-unibertsitateko-bake-kulturako-masterra-inauguratu-du\\\/#breadcrumb\",\"itemListElement\":[{\"@type\":\"ListItem\",\"position\":1,\"name\":\"Portada\",\"item\":\"https:\\\/\\\/www.gernikagogoratuz.org\\\/eu\\\/\"},{\"@type\":\"ListItem\",\"position\":2,\"name\":\"Bake kultura\",\"item\":\"https:\\\/\\\/www.gernikagogoratuz.org\\\/eu\\\/category\\\/bake-kultura\\\/\"},{\"@type\":\"ListItem\",\"position\":3,\"name\":\"MARIA OIANGURENEK GRANADAKO UNIBERTSITATEKO BAKE KULTURAKO MASTERRA INAUGURATU DU\"}]},{\"@type\":\"WebSite\",\"@id\":\"https:\\\/\\\/www.gernikagogoratuz.org\\\/eu\\\/#website\",\"url\":\"https:\\\/\\\/www.gernikagogoratuz.org\\\/eu\\\/\",\"name\":\"Gernika Gogoratuz\",\"description\":\"Centro de investigaci\u00f3n por la paz\",\"publisher\":{\"@id\":\"https:\\\/\\\/www.gernikagogoratuz.org\\\/eu\\\/#organization\"},\"potentialAction\":[{\"@type\":\"SearchAction\",\"target\":{\"@type\":\"EntryPoint\",\"urlTemplate\":\"https:\\\/\\\/www.gernikagogoratuz.org\\\/eu\\\/?s={search_term_string}\"},\"query-input\":{\"@type\":\"PropertyValueSpecification\",\"valueRequired\":true,\"valueName\":\"search_term_string\"}}],\"inLanguage\":\"eu-ES\"},{\"@type\":\"Organization\",\"@id\":\"https:\\\/\\\/www.gernikagogoratuz.org\\\/eu\\\/#organization\",\"name\":\"Gernika Gogoratuz. Centro de Investigaci\u00f3n por la Paz.\",\"url\":\"https:\\\/\\\/www.gernikagogoratuz.org\\\/eu\\\/\",\"logo\":{\"@type\":\"ImageObject\",\"inLanguage\":\"eu-ES\",\"@id\":\"https:\\\/\\\/www.gernikagogoratuz.org\\\/eu\\\/#\\\/schema\\\/logo\\\/image\\\/\",\"url\":\"https:\\\/\\\/www.gernikagogoratuz.org\\\/wp-content\\\/uploads\\\/2018\\\/10\\\/gernikagogoratuzogo_es.svg\",\"contentUrl\":\"https:\\\/\\\/www.gernikagogoratuz.org\\\/wp-content\\\/uploads\\\/2018\\\/10\\\/gernikagogoratuzogo_es.svg\",\"width\":1,\"height\":1,\"caption\":\"Gernika Gogoratuz. Centro de Investigaci\u00f3n por la Paz.\"},\"image\":{\"@id\":\"https:\\\/\\\/www.gernikagogoratuz.org\\\/eu\\\/#\\\/schema\\\/logo\\\/image\\\/\"},\"sameAs\":[\"https:\\\/\\\/www.facebook.com\\\/GernikaGogoratuzFundacion\",\"https:\\\/\\\/x.com\\\/GGogoratuz\",\"https:\\\/\\\/www.youtube.com\\\/user\\\/gernikagogoratuz\\\/videos\"]},{\"@type\":\"Person\",\"@id\":\"https:\\\/\\\/www.gernikagogoratuz.org\\\/eu\\\/#\\\/schema\\\/person\\\/56074ce3758ecfb8417c8311e88c79c8\",\"name\":\"Gernika Gogoratuz\",\"image\":{\"@type\":\"ImageObject\",\"inLanguage\":\"eu-ES\",\"@id\":\"https:\\\/\\\/secure.gravatar.com\\\/avatar\\\/fec0f20c36775b6715813b8de1aaf669d19199d3c0cc9d7aaf3d6e34de76a8a2?s=96&d=mm&r=g\",\"url\":\"https:\\\/\\\/secure.gravatar.com\\\/avatar\\\/fec0f20c36775b6715813b8de1aaf669d19199d3c0cc9d7aaf3d6e34de76a8a2?s=96&d=mm&r=g\",\"contentUrl\":\"https:\\\/\\\/secure.gravatar.com\\\/avatar\\\/fec0f20c36775b6715813b8de1aaf669d19199d3c0cc9d7aaf3d6e34de76a8a2?s=96&d=mm&r=g\",\"caption\":\"Gernika Gogoratuz\"},\"url\":\"https:\\\/\\\/www.gernikagogoratuz.org\\\/eu\\\/author\\\/mariah\\\/\"}]}<\/script>\n<!-- \/ Yoast SEO plugin. -->","yoast_head_json":{"title":"Gernika Gogoratuz, Centro de Investigaci\u00f3n por la Paz","description":"Consulta toda la actualidad sobre jornadas, cursos y formaci\u00f3n sobre Cultura de Paz, Educaci\u00f3n por la Paz, Econom\u00eda de Paz, Antimilitarismo...","robots":{"index":"index","follow":"follow","max-snippet":"max-snippet:-1","max-image-preview":"max-image-preview:large","max-video-preview":"max-video-preview:-1"},"canonical":"https:\/\/www.gernikagogoratuz.org\/eu\/maria-oiangurenek-granadako-unibertsitateko-bake-kulturako-masterra-inauguratu-du\/","og_locale":"eu_ES","og_type":"article","og_title":"Gernika Gogoratuz, Centro de Investigaci\u00f3n por la Paz","og_description":"Consulta toda la actualidad sobre jornadas, cursos y formaci\u00f3n sobre Cultura de Paz, Educaci\u00f3n por la Paz, Econom\u00eda de Paz, Antimilitarismo...","og_url":"https:\/\/www.gernikagogoratuz.org\/eu\/maria-oiangurenek-granadako-unibertsitateko-bake-kulturako-masterra-inauguratu-du\/","og_site_name":"Gernika Gogoratuz","article_publisher":"https:\/\/www.facebook.com\/GernikaGogoratuzFundacion","article_published_time":"2021-10-19T08:08:37+00:00","article_modified_time":"2021-10-20T08:14:53+00:00","og_image":[{"width":1124,"height":618,"url":"https:\/\/www.gernikagogoratuz.org\/wp-content\/uploads\/2021\/10\/master-granada-1.jpg","type":"image\/jpeg"}],"author":"Gernika Gogoratuz","twitter_card":"summary_large_image","twitter_creator":"@GGogoratuz","twitter_site":"@GGogoratuz","twitter_misc":{"Written by":"Gernika Gogoratuz","Est. reading time":"1 minute"},"schema":{"@context":"https:\/\/schema.org","@graph":[{"@type":"Article","@id":"https:\/\/www.gernikagogoratuz.org\/eu\/maria-oiangurenek-granadako-unibertsitateko-bake-kulturako-masterra-inauguratu-du\/#article","isPartOf":{"@id":"https:\/\/www.gernikagogoratuz.org\/eu\/maria-oiangurenek-granadako-unibertsitateko-bake-kulturako-masterra-inauguratu-du\/"},"author":{"name":"Gernika Gogoratuz","@id":"https:\/\/www.gernikagogoratuz.org\/eu\/#\/schema\/person\/56074ce3758ecfb8417c8311e88c79c8"},"headline":"MARIA OIANGURENEK GRANADAKO UNIBERTSITATEKO BAKE KULTURAKO MASTERRA INAUGURATU DU","datePublished":"2021-10-19T08:08:37+00:00","dateModified":"2021-10-20T08:14:53+00:00","mainEntityOfPage":{"@id":"https:\/\/www.gernikagogoratuz.org\/eu\/maria-oiangurenek-granadako-unibertsitateko-bake-kulturako-masterra-inauguratu-du\/"},"wordCount":226,"publisher":{"@id":"https:\/\/www.gernikagogoratuz.org\/eu\/#organization"},"image":{"@id":"https:\/\/www.gernikagogoratuz.org\/eu\/maria-oiangurenek-granadako-unibertsitateko-bake-kulturako-masterra-inauguratu-du\/#primaryimage"},"thumbnailUrl":"https:\/\/www.gernikagogoratuz.org\/wp-content\/uploads\/2021\/10\/master-granada-1.jpg","articleSection":["Bake kultura"],"inLanguage":"eu-ES"},{"@type":"WebPage","@id":"https:\/\/www.gernikagogoratuz.org\/eu\/maria-oiangurenek-granadako-unibertsitateko-bake-kulturako-masterra-inauguratu-du\/","url":"https:\/\/www.gernikagogoratuz.org\/eu\/maria-oiangurenek-granadako-unibertsitateko-bake-kulturako-masterra-inauguratu-du\/","name":"Gernika Gogoratuz, Centro de Investigaci\u00f3n por la Paz","isPartOf":{"@id":"https:\/\/www.gernikagogoratuz.org\/eu\/#website"},"primaryImageOfPage":{"@id":"https:\/\/www.gernikagogoratuz.org\/eu\/maria-oiangurenek-granadako-unibertsitateko-bake-kulturako-masterra-inauguratu-du\/#primaryimage"},"image":{"@id":"https:\/\/www.gernikagogoratuz.org\/eu\/maria-oiangurenek-granadako-unibertsitateko-bake-kulturako-masterra-inauguratu-du\/#primaryimage"},"thumbnailUrl":"https:\/\/www.gernikagogoratuz.org\/wp-content\/uploads\/2021\/10\/master-granada-1.jpg","datePublished":"2021-10-19T08:08:37+00:00","dateModified":"2021-10-20T08:14:53+00:00","description":"Consulta toda la actualidad sobre jornadas, cursos y formaci\u00f3n sobre Cultura de Paz, Educaci\u00f3n por la Paz, Econom\u00eda de Paz, Antimilitarismo...","breadcrumb":{"@id":"https:\/\/www.gernikagogoratuz.org\/eu\/maria-oiangurenek-granadako-unibertsitateko-bake-kulturako-masterra-inauguratu-du\/#breadcrumb"},"inLanguage":"eu-ES","potentialAction":[{"@type":"ReadAction","target":["https:\/\/www.gernikagogoratuz.org\/eu\/maria-oiangurenek-granadako-unibertsitateko-bake-kulturako-masterra-inauguratu-du\/"]}]},{"@type":"ImageObject","inLanguage":"eu-ES","@id":"https:\/\/www.gernikagogoratuz.org\/eu\/maria-oiangurenek-granadako-unibertsitateko-bake-kulturako-masterra-inauguratu-du\/#primaryimage","url":"https:\/\/www.gernikagogoratuz.org\/wp-content\/uploads\/2021\/10\/master-granada-1.jpg","contentUrl":"https:\/\/www.gernikagogoratuz.org\/wp-content\/uploads\/2021\/10\/master-granada-1.jpg","width":1124,"height":618,"caption":"Master en cultura de paz, conflictos, educaci\u00f3n y derechos humanos"},{"@type":"BreadcrumbList","@id":"https:\/\/www.gernikagogoratuz.org\/eu\/maria-oiangurenek-granadako-unibertsitateko-bake-kulturako-masterra-inauguratu-du\/#breadcrumb","itemListElement":[{"@type":"ListItem","position":1,"name":"Portada","item":"https:\/\/www.gernikagogoratuz.org\/eu\/"},{"@type":"ListItem","position":2,"name":"Bake kultura","item":"https:\/\/www.gernikagogoratuz.org\/eu\/category\/bake-kultura\/"},{"@type":"ListItem","position":3,"name":"MARIA OIANGURENEK GRANADAKO UNIBERTSITATEKO BAKE KULTURAKO MASTERRA INAUGURATU DU"}]},{"@type":"WebSite","@id":"https:\/\/www.gernikagogoratuz.org\/eu\/#website","url":"https:\/\/www.gernikagogoratuz.org\/eu\/","name":"Gernika Gogoratuz","description":"Centro de investigaci\u00f3n por la paz","publisher":{"@id":"https:\/\/www.gernikagogoratuz.org\/eu\/#organization"},"potentialAction":[{"@type":"SearchAction","target":{"@type":"EntryPoint","urlTemplate":"https:\/\/www.gernikagogoratuz.org\/eu\/?s={search_term_string}"},"query-input":{"@type":"PropertyValueSpecification","valueRequired":true,"valueName":"search_term_string"}}],"inLanguage":"eu-ES"},{"@type":"Organization","@id":"https:\/\/www.gernikagogoratuz.org\/eu\/#organization","name":"Gernika Gogoratuz. Centro de Investigaci\u00f3n por la Paz.","url":"https:\/\/www.gernikagogoratuz.org\/eu\/","logo":{"@type":"ImageObject","inLanguage":"eu-ES","@id":"https:\/\/www.gernikagogoratuz.org\/eu\/#\/schema\/logo\/image\/","url":"https:\/\/www.gernikagogoratuz.org\/wp-content\/uploads\/2018\/10\/gernikagogoratuzogo_es.svg","contentUrl":"https:\/\/www.gernikagogoratuz.org\/wp-content\/uploads\/2018\/10\/gernikagogoratuzogo_es.svg","width":1,"height":1,"caption":"Gernika Gogoratuz. Centro de Investigaci\u00f3n por la Paz."},"image":{"@id":"https:\/\/www.gernikagogoratuz.org\/eu\/#\/schema\/logo\/image\/"},"sameAs":["https:\/\/www.facebook.com\/GernikaGogoratuzFundacion","https:\/\/x.com\/GGogoratuz","https:\/\/www.youtube.com\/user\/gernikagogoratuz\/videos"]},{"@type":"Person","@id":"https:\/\/www.gernikagogoratuz.org\/eu\/#\/schema\/person\/56074ce3758ecfb8417c8311e88c79c8","name":"Gernika Gogoratuz","image":{"@type":"ImageObject","inLanguage":"eu-ES","@id":"https:\/\/secure.gravatar.com\/avatar\/fec0f20c36775b6715813b8de1aaf669d19199d3c0cc9d7aaf3d6e34de76a8a2?s=96&d=mm&r=g","url":"https:\/\/secure.gravatar.com\/avatar\/fec0f20c36775b6715813b8de1aaf669d19199d3c0cc9d7aaf3d6e34de76a8a2?s=96&d=mm&r=g","contentUrl":"https:\/\/secure.gravatar.com\/avatar\/fec0f20c36775b6715813b8de1aaf669d19199d3c0cc9d7aaf3d6e34de76a8a2?s=96&d=mm&r=g","caption":"Gernika Gogoratuz"},"url":"https:\/\/www.gernikagogoratuz.org\/eu\/author\/mariah\/"}]}},"_links":{"self":[{"href":"https:\/\/www.gernikagogoratuz.org\/eu\/wp-json\/wp\/v2\/posts\/27352","targetHints":{"allow":["GET"]}}],"collection":[{"href":"https:\/\/www.gernikagogoratuz.org\/eu\/wp-json\/wp\/v2\/posts"}],"about":[{"href":"https:\/\/www.gernikagogoratuz.org\/eu\/wp-json\/wp\/v2\/types\/post"}],"author":[{"embeddable":true,"href":"https:\/\/www.gernikagogoratuz.org\/eu\/wp-json\/wp\/v2\/users\/5"}],"replies":[{"embeddable":true,"href":"https:\/\/www.gernikagogoratuz.org\/eu\/wp-json\/wp\/v2\/comments?post=27352"}],"version-history":[{"count":0,"href":"https:\/\/www.gernikagogoratuz.org\/eu\/wp-json\/wp\/v2\/posts\/27352\/revisions"}],"wp:featuredmedia":[{"embeddable":true,"href":"https:\/\/www.gernikagogoratuz.org\/eu\/wp-json\/wp\/v2\/media\/27338"}],"wp:attachment":[{"href":"https:\/\/www.gernikagogoratuz.org\/eu\/wp-json\/wp\/v2\/media?parent=27352"}],"wp:term":[{"taxonomy":"category","embeddable":true,"href":"https:\/\/www.gernikagogoratuz.org\/eu\/wp-json\/wp\/v2\/categories?post=27352"},{"taxonomy":"post_tag","embeddable":true,"href":"https:\/\/www.gernikagogoratuz.org\/eu\/wp-json\/wp\/v2\/tags?post=27352"}],"curies":[{"name":"wp","href":"https:\/\/api.w.org\/{rel}","templated":true}]}}