{"id":27354,"date":"2021-10-20T10:18:32","date_gmt":"2021-10-20T08:18:32","guid":{"rendered":"https:\/\/www.gernikagogoratuz.org\/?p=27354"},"modified":"2021-10-20T10:20:46","modified_gmt":"2021-10-20T08:20:46","slug":"2021eko-rene-cassin-sariaren-deialdia-ireki-da","status":"publish","type":"post","link":"https:\/\/www.gernikagogoratuz.org\/eu\/2021eko-rene-cassin-sariaren-deialdia-ireki-da\/","title":{"rendered":"2021EKO \u00ab REN\u00c9 CASSIN \u00bb SARIAREN DEIALDIA IREKI DA."},"content":{"rendered":"<div class=\"wpb-content-wrapper\"><p>[vc_row][vc_column][vc_column_text]Eusko Jaurlaritzak ematen duen Giza Eskubideen 2021eko \u00ab Ren\u00e9 Cassin \u00bb Sarirako hautagaitzak aurkezteko deialdia zabalik dago urriaren 8tik data horren ondorengo hilabetera arte.<\/p>\n<p>Sariaren helburua da publikoki aitortzea eta saritzea beren ibilbide profesionalarekin giza eskubideak sustatzeko, defendatzeko eta zabaltzeko konpromisoa hartu duten pertsonak edo kolektiboak. Sariaren izena Ren\u00e9 Cassin jaunaren oroimenez egin zen, 1948ko Giza Eskubideen Aldarrikapen Unibertsalaren inspiratzaile nagusia izan baitzen, eta 1950eko Giza Eskubideen Europako Hitzarmena egiteko funtsezko eginkizuna izan zuen.<\/p>\n<p>Hautagaitzak aurkezteko moduari buruzko zehaztapenak egoitza elektroniko honetan daude eskuragarri:[\/vc_column_text][vc_empty_space][\/vc_column][\/vc_row][vc_row][vc_column]<a itemprop=\"url\" href=\"https:\/\/www.euskadi.eus\/saria_lehiaketa\/2021\/rene-cassin-saria-2021\/web01-tramite\/eu\/\" target=\"_blank\"  class=\"edgtf-btn edgtf-btn-medium edgtf-btn-solid\"  >\n\t<span class=\"edgtf-btn-text\">Ren\u00e9 Cassin saria<\/span>\n    <\/a>[vc_empty_space][\/vc_column][\/vc_row]<\/p>\n<\/div>","protected":false},"excerpt":{"rendered":"<p>Epea zabalik azaroaren 8ra arte<\/p>\n","protected":false},"author":5,"featured_media":22361,"comment_status":"closed","ping_status":"closed","sticky":false,"template":"","format":"standard","meta":{"inline_featured_image":false,"footnotes":""},"categories":[317],"tags":[],"class_list":["post-27354","post","type-post","status-publish","format-standard","has-post-thumbnail","hentry","category-giza-eskubideak"],"yoast_head":"<!-- This site is optimized with the Yoast SEO plugin v27.4 - https:\/\/yoast.com\/product\/yoast-seo-wordpress\/ -->\n<title>Gernika Gogoratuz, Centro de Investigaci\u00f3n por la Paz<\/title>\n<meta name=\"description\" content=\"Consulta toda la actualidad sobre jornadas, cursos y formaci\u00f3n sobre Cultura de Paz, Educaci\u00f3n por la Paz, Econom\u00eda de Paz, Antimilitarismo...\" \/>\n<meta name=\"robots\" content=\"index, follow, max-snippet:-1, max-image-preview:large, max-video-preview:-1\" \/>\n<link rel=\"canonical\" href=\"https:\/\/www.gernikagogoratuz.org\/eu\/2021eko-rene-cassin-sariaren-deialdia-ireki-da\/\" \/>\n<meta property=\"og:locale\" content=\"eu_ES\" \/>\n<meta property=\"og:type\" content=\"article\" \/>\n<meta property=\"og:title\" content=\"Gernika Gogoratuz, Centro de Investigaci\u00f3n por la Paz\" \/>\n<meta property=\"og:description\" content=\"Consulta toda la actualidad sobre jornadas, cursos y formaci\u00f3n sobre Cultura de Paz, Educaci\u00f3n por la Paz, Econom\u00eda de Paz, Antimilitarismo...\" \/>\n<meta property=\"og:url\" content=\"https:\/\/www.gernikagogoratuz.org\/eu\/2021eko-rene-cassin-sariaren-deialdia-ireki-da\/\" \/>\n<meta property=\"og:site_name\" content=\"Gernika Gogoratuz\" \/>\n<meta property=\"article:publisher\" content=\"https:\/\/www.facebook.com\/GernikaGogoratuzFundacion\" \/>\n<meta property=\"article:published_time\" content=\"2021-10-20T08:18:32+00:00\" \/>\n<meta property=\"article:modified_time\" content=\"2021-10-20T08:20:46+00:00\" \/>\n<meta property=\"og:image\" content=\"https:\/\/www.gernikagogoratuz.org\/wp-content\/uploads\/2019\/12\/rene_cassin_premio.jpg\" \/>\n\t<meta property=\"og:image:width\" content=\"1124\" \/>\n\t<meta property=\"og:image:height\" content=\"618\" \/>\n\t<meta property=\"og:image:type\" content=\"image\/jpeg\" \/>\n<meta name=\"author\" content=\"Gernika Gogoratuz\" \/>\n<meta name=\"twitter:card\" content=\"summary_large_image\" \/>\n<meta name=\"twitter:creator\" content=\"@GGogoratuz\" \/>\n<meta name=\"twitter:site\" content=\"@GGogoratuz\" \/>\n<meta name=\"twitter:label1\" content=\"Written by\" \/>\n\t<meta name=\"twitter:data1\" content=\"Gernika Gogoratuz\" \/>\n\t<meta name=\"twitter:label2\" content=\"Est. reading time\" \/>\n\t<meta name=\"twitter:data2\" content=\"1 minute\" \/>\n<script type=\"application\/ld+json\" class=\"yoast-schema-graph\">{\"@context\":\"https:\\\/\\\/schema.org\",\"@graph\":[{\"@type\":\"Article\",\"@id\":\"https:\\\/\\\/www.gernikagogoratuz.org\\\/eu\\\/2021eko-rene-cassin-sariaren-deialdia-ireki-da\\\/#article\",\"isPartOf\":{\"@id\":\"https:\\\/\\\/www.gernikagogoratuz.org\\\/eu\\\/2021eko-rene-cassin-sariaren-deialdia-ireki-da\\\/\"},\"author\":{\"name\":\"Gernika Gogoratuz\",\"@id\":\"https:\\\/\\\/www.gernikagogoratuz.org\\\/eu\\\/#\\\/schema\\\/person\\\/56074ce3758ecfb8417c8311e88c79c8\"},\"headline\":\"2021EKO \u00ab REN\u00c9 CASSIN \u00bb SARIAREN DEIALDIA IREKI DA.\",\"datePublished\":\"2021-10-20T08:18:32+00:00\",\"dateModified\":\"2021-10-20T08:20:46+00:00\",\"mainEntityOfPage\":{\"@id\":\"https:\\\/\\\/www.gernikagogoratuz.org\\\/eu\\\/2021eko-rene-cassin-sariaren-deialdia-ireki-da\\\/\"},\"wordCount\":142,\"publisher\":{\"@id\":\"https:\\\/\\\/www.gernikagogoratuz.org\\\/eu\\\/#organization\"},\"image\":{\"@id\":\"https:\\\/\\\/www.gernikagogoratuz.org\\\/eu\\\/2021eko-rene-cassin-sariaren-deialdia-ireki-da\\\/#primaryimage\"},\"thumbnailUrl\":\"https:\\\/\\\/www.gernikagogoratuz.org\\\/wp-content\\\/uploads\\\/2019\\\/12\\\/rene_cassin_premio.jpg\",\"articleSection\":[\"Giza Eskubideak\"],\"inLanguage\":\"eu-ES\"},{\"@type\":\"WebPage\",\"@id\":\"https:\\\/\\\/www.gernikagogoratuz.org\\\/eu\\\/2021eko-rene-cassin-sariaren-deialdia-ireki-da\\\/\",\"url\":\"https:\\\/\\\/www.gernikagogoratuz.org\\\/eu\\\/2021eko-rene-cassin-sariaren-deialdia-ireki-da\\\/\",\"name\":\"Gernika Gogoratuz, Centro de Investigaci\u00f3n por la Paz\",\"isPartOf\":{\"@id\":\"https:\\\/\\\/www.gernikagogoratuz.org\\\/eu\\\/#website\"},\"primaryImageOfPage\":{\"@id\":\"https:\\\/\\\/www.gernikagogoratuz.org\\\/eu\\\/2021eko-rene-cassin-sariaren-deialdia-ireki-da\\\/#primaryimage\"},\"image\":{\"@id\":\"https:\\\/\\\/www.gernikagogoratuz.org\\\/eu\\\/2021eko-rene-cassin-sariaren-deialdia-ireki-da\\\/#primaryimage\"},\"thumbnailUrl\":\"https:\\\/\\\/www.gernikagogoratuz.org\\\/wp-content\\\/uploads\\\/2019\\\/12\\\/rene_cassin_premio.jpg\",\"datePublished\":\"2021-10-20T08:18:32+00:00\",\"dateModified\":\"2021-10-20T08:20:46+00:00\",\"description\":\"Consulta toda la actualidad sobre jornadas, cursos y formaci\u00f3n sobre Cultura de Paz, Educaci\u00f3n por la Paz, Econom\u00eda de Paz, Antimilitarismo...\",\"breadcrumb\":{\"@id\":\"https:\\\/\\\/www.gernikagogoratuz.org\\\/eu\\\/2021eko-rene-cassin-sariaren-deialdia-ireki-da\\\/#breadcrumb\"},\"inLanguage\":\"eu-ES\",\"potentialAction\":[{\"@type\":\"ReadAction\",\"target\":[\"https:\\\/\\\/www.gernikagogoratuz.org\\\/eu\\\/2021eko-rene-cassin-sariaren-deialdia-ireki-da\\\/\"]}]},{\"@type\":\"ImageObject\",\"inLanguage\":\"eu-ES\",\"@id\":\"https:\\\/\\\/www.gernikagogoratuz.org\\\/eu\\\/2021eko-rene-cassin-sariaren-deialdia-ireki-da\\\/#primaryimage\",\"url\":\"https:\\\/\\\/www.gernikagogoratuz.org\\\/wp-content\\\/uploads\\\/2019\\\/12\\\/rene_cassin_premio.jpg\",\"contentUrl\":\"https:\\\/\\\/www.gernikagogoratuz.org\\\/wp-content\\\/uploads\\\/2019\\\/12\\\/rene_cassin_premio.jpg\",\"width\":1124,\"height\":618,\"caption\":\"REN\u00c9 CASSIN\u00bb 2020 SARIA\"},{\"@type\":\"BreadcrumbList\",\"@id\":\"https:\\\/\\\/www.gernikagogoratuz.org\\\/eu\\\/2021eko-rene-cassin-sariaren-deialdia-ireki-da\\\/#breadcrumb\",\"itemListElement\":[{\"@type\":\"ListItem\",\"position\":1,\"name\":\"Portada\",\"item\":\"https:\\\/\\\/www.gernikagogoratuz.org\\\/eu\\\/\"},{\"@type\":\"ListItem\",\"position\":2,\"name\":\"Bake kultura\",\"item\":\"https:\\\/\\\/www.gernikagogoratuz.org\\\/eu\\\/category\\\/bake-kultura\\\/\"},{\"@type\":\"ListItem\",\"position\":3,\"name\":\"Derechos Humanos\",\"item\":\"https:\\\/\\\/www.gernikagogoratuz.org\\\/category\\\/cultura-de-paz\\\/derechos-humanos\\\/\"},{\"@type\":\"ListItem\",\"position\":4,\"name\":\"2021EKO \u00ab REN\u00c9 CASSIN \u00bb SARIAREN DEIALDIA IREKI DA.\"}]},{\"@type\":\"WebSite\",\"@id\":\"https:\\\/\\\/www.gernikagogoratuz.org\\\/eu\\\/#website\",\"url\":\"https:\\\/\\\/www.gernikagogoratuz.org\\\/eu\\\/\",\"name\":\"Gernika Gogoratuz\",\"description\":\"Centro de investigaci\u00f3n por la paz\",\"publisher\":{\"@id\":\"https:\\\/\\\/www.gernikagogoratuz.org\\\/eu\\\/#organization\"},\"potentialAction\":[{\"@type\":\"SearchAction\",\"target\":{\"@type\":\"EntryPoint\",\"urlTemplate\":\"https:\\\/\\\/www.gernikagogoratuz.org\\\/eu\\\/?s={search_term_string}\"},\"query-input\":{\"@type\":\"PropertyValueSpecification\",\"valueRequired\":true,\"valueName\":\"search_term_string\"}}],\"inLanguage\":\"eu-ES\"},{\"@type\":\"Organization\",\"@id\":\"https:\\\/\\\/www.gernikagogoratuz.org\\\/eu\\\/#organization\",\"name\":\"Gernika Gogoratuz. Centro de Investigaci\u00f3n por la Paz.\",\"url\":\"https:\\\/\\\/www.gernikagogoratuz.org\\\/eu\\\/\",\"logo\":{\"@type\":\"ImageObject\",\"inLanguage\":\"eu-ES\",\"@id\":\"https:\\\/\\\/www.gernikagogoratuz.org\\\/eu\\\/#\\\/schema\\\/logo\\\/image\\\/\",\"url\":\"https:\\\/\\\/www.gernikagogoratuz.org\\\/wp-content\\\/uploads\\\/2018\\\/10\\\/gernikagogoratuzogo_es.svg\",\"contentUrl\":\"https:\\\/\\\/www.gernikagogoratuz.org\\\/wp-content\\\/uploads\\\/2018\\\/10\\\/gernikagogoratuzogo_es.svg\",\"width\":1,\"height\":1,\"caption\":\"Gernika Gogoratuz. Centro de Investigaci\u00f3n por la Paz.\"},\"image\":{\"@id\":\"https:\\\/\\\/www.gernikagogoratuz.org\\\/eu\\\/#\\\/schema\\\/logo\\\/image\\\/\"},\"sameAs\":[\"https:\\\/\\\/www.facebook.com\\\/GernikaGogoratuzFundacion\",\"https:\\\/\\\/x.com\\\/GGogoratuz\",\"https:\\\/\\\/www.youtube.com\\\/user\\\/gernikagogoratuz\\\/videos\"]},{\"@type\":\"Person\",\"@id\":\"https:\\\/\\\/www.gernikagogoratuz.org\\\/eu\\\/#\\\/schema\\\/person\\\/56074ce3758ecfb8417c8311e88c79c8\",\"name\":\"Gernika Gogoratuz\",\"image\":{\"@type\":\"ImageObject\",\"inLanguage\":\"eu-ES\",\"@id\":\"https:\\\/\\\/secure.gravatar.com\\\/avatar\\\/fec0f20c36775b6715813b8de1aaf669d19199d3c0cc9d7aaf3d6e34de76a8a2?s=96&d=mm&r=g\",\"url\":\"https:\\\/\\\/secure.gravatar.com\\\/avatar\\\/fec0f20c36775b6715813b8de1aaf669d19199d3c0cc9d7aaf3d6e34de76a8a2?s=96&d=mm&r=g\",\"contentUrl\":\"https:\\\/\\\/secure.gravatar.com\\\/avatar\\\/fec0f20c36775b6715813b8de1aaf669d19199d3c0cc9d7aaf3d6e34de76a8a2?s=96&d=mm&r=g\",\"caption\":\"Gernika Gogoratuz\"},\"url\":\"https:\\\/\\\/www.gernikagogoratuz.org\\\/eu\\\/author\\\/mariah\\\/\"}]}<\/script>\n<!-- \/ Yoast SEO plugin. -->","yoast_head_json":{"title":"Gernika Gogoratuz, Centro de Investigaci\u00f3n por la Paz","description":"Consulta toda la actualidad sobre jornadas, cursos y formaci\u00f3n sobre Cultura de Paz, Educaci\u00f3n por la Paz, Econom\u00eda de Paz, Antimilitarismo...","robots":{"index":"index","follow":"follow","max-snippet":"max-snippet:-1","max-image-preview":"max-image-preview:large","max-video-preview":"max-video-preview:-1"},"canonical":"https:\/\/www.gernikagogoratuz.org\/eu\/2021eko-rene-cassin-sariaren-deialdia-ireki-da\/","og_locale":"eu_ES","og_type":"article","og_title":"Gernika Gogoratuz, Centro de Investigaci\u00f3n por la Paz","og_description":"Consulta toda la actualidad sobre jornadas, cursos y formaci\u00f3n sobre Cultura de Paz, Educaci\u00f3n por la Paz, Econom\u00eda de Paz, Antimilitarismo...","og_url":"https:\/\/www.gernikagogoratuz.org\/eu\/2021eko-rene-cassin-sariaren-deialdia-ireki-da\/","og_site_name":"Gernika Gogoratuz","article_publisher":"https:\/\/www.facebook.com\/GernikaGogoratuzFundacion","article_published_time":"2021-10-20T08:18:32+00:00","article_modified_time":"2021-10-20T08:20:46+00:00","og_image":[{"width":1124,"height":618,"url":"https:\/\/www.gernikagogoratuz.org\/wp-content\/uploads\/2019\/12\/rene_cassin_premio.jpg","type":"image\/jpeg"}],"author":"Gernika Gogoratuz","twitter_card":"summary_large_image","twitter_creator":"@GGogoratuz","twitter_site":"@GGogoratuz","twitter_misc":{"Written by":"Gernika Gogoratuz","Est. reading time":"1 minute"},"schema":{"@context":"https:\/\/schema.org","@graph":[{"@type":"Article","@id":"https:\/\/www.gernikagogoratuz.org\/eu\/2021eko-rene-cassin-sariaren-deialdia-ireki-da\/#article","isPartOf":{"@id":"https:\/\/www.gernikagogoratuz.org\/eu\/2021eko-rene-cassin-sariaren-deialdia-ireki-da\/"},"author":{"name":"Gernika Gogoratuz","@id":"https:\/\/www.gernikagogoratuz.org\/eu\/#\/schema\/person\/56074ce3758ecfb8417c8311e88c79c8"},"headline":"2021EKO \u00ab REN\u00c9 CASSIN \u00bb SARIAREN DEIALDIA IREKI DA.","datePublished":"2021-10-20T08:18:32+00:00","dateModified":"2021-10-20T08:20:46+00:00","mainEntityOfPage":{"@id":"https:\/\/www.gernikagogoratuz.org\/eu\/2021eko-rene-cassin-sariaren-deialdia-ireki-da\/"},"wordCount":142,"publisher":{"@id":"https:\/\/www.gernikagogoratuz.org\/eu\/#organization"},"image":{"@id":"https:\/\/www.gernikagogoratuz.org\/eu\/2021eko-rene-cassin-sariaren-deialdia-ireki-da\/#primaryimage"},"thumbnailUrl":"https:\/\/www.gernikagogoratuz.org\/wp-content\/uploads\/2019\/12\/rene_cassin_premio.jpg","articleSection":["Giza Eskubideak"],"inLanguage":"eu-ES"},{"@type":"WebPage","@id":"https:\/\/www.gernikagogoratuz.org\/eu\/2021eko-rene-cassin-sariaren-deialdia-ireki-da\/","url":"https:\/\/www.gernikagogoratuz.org\/eu\/2021eko-rene-cassin-sariaren-deialdia-ireki-da\/","name":"Gernika Gogoratuz, Centro de Investigaci\u00f3n por la Paz","isPartOf":{"@id":"https:\/\/www.gernikagogoratuz.org\/eu\/#website"},"primaryImageOfPage":{"@id":"https:\/\/www.gernikagogoratuz.org\/eu\/2021eko-rene-cassin-sariaren-deialdia-ireki-da\/#primaryimage"},"image":{"@id":"https:\/\/www.gernikagogoratuz.org\/eu\/2021eko-rene-cassin-sariaren-deialdia-ireki-da\/#primaryimage"},"thumbnailUrl":"https:\/\/www.gernikagogoratuz.org\/wp-content\/uploads\/2019\/12\/rene_cassin_premio.jpg","datePublished":"2021-10-20T08:18:32+00:00","dateModified":"2021-10-20T08:20:46+00:00","description":"Consulta toda la actualidad sobre jornadas, cursos y formaci\u00f3n sobre Cultura de Paz, Educaci\u00f3n por la Paz, Econom\u00eda de Paz, Antimilitarismo...","breadcrumb":{"@id":"https:\/\/www.gernikagogoratuz.org\/eu\/2021eko-rene-cassin-sariaren-deialdia-ireki-da\/#breadcrumb"},"inLanguage":"eu-ES","potentialAction":[{"@type":"ReadAction","target":["https:\/\/www.gernikagogoratuz.org\/eu\/2021eko-rene-cassin-sariaren-deialdia-ireki-da\/"]}]},{"@type":"ImageObject","inLanguage":"eu-ES","@id":"https:\/\/www.gernikagogoratuz.org\/eu\/2021eko-rene-cassin-sariaren-deialdia-ireki-da\/#primaryimage","url":"https:\/\/www.gernikagogoratuz.org\/wp-content\/uploads\/2019\/12\/rene_cassin_premio.jpg","contentUrl":"https:\/\/www.gernikagogoratuz.org\/wp-content\/uploads\/2019\/12\/rene_cassin_premio.jpg","width":1124,"height":618,"caption":"REN\u00c9 CASSIN\u00bb 2020 SARIA"},{"@type":"BreadcrumbList","@id":"https:\/\/www.gernikagogoratuz.org\/eu\/2021eko-rene-cassin-sariaren-deialdia-ireki-da\/#breadcrumb","itemListElement":[{"@type":"ListItem","position":1,"name":"Portada","item":"https:\/\/www.gernikagogoratuz.org\/eu\/"},{"@type":"ListItem","position":2,"name":"Bake kultura","item":"https:\/\/www.gernikagogoratuz.org\/eu\/category\/bake-kultura\/"},{"@type":"ListItem","position":3,"name":"Derechos Humanos","item":"https:\/\/www.gernikagogoratuz.org\/category\/cultura-de-paz\/derechos-humanos\/"},{"@type":"ListItem","position":4,"name":"2021EKO \u00ab REN\u00c9 CASSIN \u00bb SARIAREN DEIALDIA IREKI DA."}]},{"@type":"WebSite","@id":"https:\/\/www.gernikagogoratuz.org\/eu\/#website","url":"https:\/\/www.gernikagogoratuz.org\/eu\/","name":"Gernika Gogoratuz","description":"Centro de investigaci\u00f3n por la paz","publisher":{"@id":"https:\/\/www.gernikagogoratuz.org\/eu\/#organization"},"potentialAction":[{"@type":"SearchAction","target":{"@type":"EntryPoint","urlTemplate":"https:\/\/www.gernikagogoratuz.org\/eu\/?s={search_term_string}"},"query-input":{"@type":"PropertyValueSpecification","valueRequired":true,"valueName":"search_term_string"}}],"inLanguage":"eu-ES"},{"@type":"Organization","@id":"https:\/\/www.gernikagogoratuz.org\/eu\/#organization","name":"Gernika Gogoratuz. Centro de Investigaci\u00f3n por la Paz.","url":"https:\/\/www.gernikagogoratuz.org\/eu\/","logo":{"@type":"ImageObject","inLanguage":"eu-ES","@id":"https:\/\/www.gernikagogoratuz.org\/eu\/#\/schema\/logo\/image\/","url":"https:\/\/www.gernikagogoratuz.org\/wp-content\/uploads\/2018\/10\/gernikagogoratuzogo_es.svg","contentUrl":"https:\/\/www.gernikagogoratuz.org\/wp-content\/uploads\/2018\/10\/gernikagogoratuzogo_es.svg","width":1,"height":1,"caption":"Gernika Gogoratuz. Centro de Investigaci\u00f3n por la Paz."},"image":{"@id":"https:\/\/www.gernikagogoratuz.org\/eu\/#\/schema\/logo\/image\/"},"sameAs":["https:\/\/www.facebook.com\/GernikaGogoratuzFundacion","https:\/\/x.com\/GGogoratuz","https:\/\/www.youtube.com\/user\/gernikagogoratuz\/videos"]},{"@type":"Person","@id":"https:\/\/www.gernikagogoratuz.org\/eu\/#\/schema\/person\/56074ce3758ecfb8417c8311e88c79c8","name":"Gernika Gogoratuz","image":{"@type":"ImageObject","inLanguage":"eu-ES","@id":"https:\/\/secure.gravatar.com\/avatar\/fec0f20c36775b6715813b8de1aaf669d19199d3c0cc9d7aaf3d6e34de76a8a2?s=96&d=mm&r=g","url":"https:\/\/secure.gravatar.com\/avatar\/fec0f20c36775b6715813b8de1aaf669d19199d3c0cc9d7aaf3d6e34de76a8a2?s=96&d=mm&r=g","contentUrl":"https:\/\/secure.gravatar.com\/avatar\/fec0f20c36775b6715813b8de1aaf669d19199d3c0cc9d7aaf3d6e34de76a8a2?s=96&d=mm&r=g","caption":"Gernika Gogoratuz"},"url":"https:\/\/www.gernikagogoratuz.org\/eu\/author\/mariah\/"}]}},"_links":{"self":[{"href":"https:\/\/www.gernikagogoratuz.org\/eu\/wp-json\/wp\/v2\/posts\/27354","targetHints":{"allow":["GET"]}}],"collection":[{"href":"https:\/\/www.gernikagogoratuz.org\/eu\/wp-json\/wp\/v2\/posts"}],"about":[{"href":"https:\/\/www.gernikagogoratuz.org\/eu\/wp-json\/wp\/v2\/types\/post"}],"author":[{"embeddable":true,"href":"https:\/\/www.gernikagogoratuz.org\/eu\/wp-json\/wp\/v2\/users\/5"}],"replies":[{"embeddable":true,"href":"https:\/\/www.gernikagogoratuz.org\/eu\/wp-json\/wp\/v2\/comments?post=27354"}],"version-history":[{"count":0,"href":"https:\/\/www.gernikagogoratuz.org\/eu\/wp-json\/wp\/v2\/posts\/27354\/revisions"}],"wp:featuredmedia":[{"embeddable":true,"href":"https:\/\/www.gernikagogoratuz.org\/eu\/wp-json\/wp\/v2\/media\/22361"}],"wp:attachment":[{"href":"https:\/\/www.gernikagogoratuz.org\/eu\/wp-json\/wp\/v2\/media?parent=27354"}],"wp:term":[{"taxonomy":"category","embeddable":true,"href":"https:\/\/www.gernikagogoratuz.org\/eu\/wp-json\/wp\/v2\/categories?post=27354"},{"taxonomy":"post_tag","embeddable":true,"href":"https:\/\/www.gernikagogoratuz.org\/eu\/wp-json\/wp\/v2\/tags?post=27354"}],"curies":[{"name":"wp","href":"https:\/\/api.w.org\/{rel}","templated":true}]}}