{"id":28871,"date":"2022-07-06T10:14:45","date_gmt":"2022-07-06T09:14:45","guid":{"rendered":"https:\/\/www.gernikagogoratuz.org\/?p=28871"},"modified":"2022-07-11T10:17:19","modified_gmt":"2022-07-11T09:17:19","slug":"maria-oiangurenek-eurobasquen-2022ko-uda-ikastaroan-parte-hartuko-du","status":"publish","type":"post","link":"https:\/\/www.gernikagogoratuz.org\/eu\/maria-oiangurenek-eurobasquen-2022ko-uda-ikastaroan-parte-hartuko-du\/","title":{"rendered":"MARIA OIANGURENEK EUROBASQUEN 2022KO UDA IKASTAROAN PARTE HARTUKO DU"},"content":{"rendered":"<div class=\"wpb-content-wrapper\"><p>[vc_row][vc_column][vc_column_text]Mar\u00eda Oianguren Idigoras Gernika Gogoratuzeko zuzendariak 2022ko udako ikastaro honetan parte hartuko du: \u00abBatasun indartsuago baterako estrategiak eta tresnak: Europako subiranotasunerantz?\u00bb. Hain zuzen ere, moderatzaile gisa jardungo du <i>El futuro de la Uni\u00f3n Europea. Aportaciones a la Conferencia<\/i> (Universitas 2021 saria) liburuaren egileek parte hartuko duten mahai-inguruan.<\/p>\n<p>Ikastaroa Eurobasquek antolatu du, eta uztailaren 7an eta 8an egingo da Donostiako Miramar jauregian. Haren helburu nagusia hausnarketa sustatzea da, bai eta ideia eta proposamenen sorrera bultzatzea ere, Europar Batasunak gaur egun bi kontzeptu horien gainean dituen erronka ugari eta garrantzitsuei aurre egin ahal izateko:<\/p>\n<p>Zer esan nahi du Europako subiranotasunaren kontzeptuak? Zein da autonomia estrategikoaren kontzeptuaren irismena? Zer ekarpen egiten dio horietako bakoitzak \u2013edo biek\u2013 Europar Batasunaren egungo eztabaidari? Zer proposamen zehatz gara ditzakete kontzeptu horietako bakoitzak? Zein adibide zehatzetan ikus daitezke autonomia estrategikoa aplikatzearen abantailak eta onurak? Batasuneko zein politika inplikatuko ditu esparru estrategiko horrek? Zer eragin izango du Europar Batasunaren eta kanpoko kideen arteko elkarrizketan eta gobernantza globalean? Zer esan nahi du Europako subiranotasunak energian, elikaduran, txertoetan eta abarretan? Nola egokitzen da Europaren subiranotasuna Europaren etorkizun federalarekin? Europako subiranotasunak ordezkatu egiten du estatuaren subiranotasuna? Nola uztartzen da estatu kideetako konstituzioek onetsitako ahalmen legegilea, nazionalitateak eta abar dituzten eskualdeen autogobernuarekin?<\/p>\n<p>Ikastaroak kontzeptu horren sorrera eta garapena erakutsiko ditu, baita haren esanahia ulertzeko gakoak ere. Baina, batez ere, ikastaroak praktikoa izan nahi du, eta erakutsi nahi du zer dakarren Europaren subiranotasunak hainbat esparru eta politikatan.[\/vc_column_text][\/vc_column][\/vc_row][vc_row][vc_column][vc_empty_space][\/vc_column][\/vc_row][vc_row][vc_column]<a itemprop=\"url\" href=\"https:\/\/eurobasque.eus\/wp-content\/uploads\/2022\/07\/CURSO-VERANO-EUROBASQUE-UDAKO-IKASTAROA-2022-PROGRAMA.pdf\" target=\"_blank\"  class=\"edgtf-btn edgtf-btn-medium edgtf-btn-solid\"  >\n\t<span class=\"edgtf-btn-text\">Programa<\/span>\n    <\/a>[\/vc_column][\/vc_row][vc_row][vc_column][vc_empty_space][\/vc_column][\/vc_row]<\/p>\n<\/div>","protected":false},"excerpt":{"rendered":"<p>Uztailaren 7an, Donostiako Miramar Jauregian<\/p>\n","protected":false},"author":5,"featured_media":28852,"comment_status":"closed","ping_status":"closed","sticky":false,"template":"","format":"standard","meta":{"inline_featured_image":false,"footnotes":""},"categories":[138],"tags":[],"class_list":["post-28871","post","type-post","status-publish","format-standard","has-post-thumbnail","hentry","category-bakearen-aldeko-ikerketa"],"yoast_head":"<!-- This site is optimized with the Yoast SEO plugin v27.4 - https:\/\/yoast.com\/product\/yoast-seo-wordpress\/ -->\n<title>Gernika Gogoratuz, Centro de Investigaci\u00f3n por la Paz<\/title>\n<meta name=\"description\" content=\"Consulta toda la actualidad sobre jornadas, cursos y formaci\u00f3n sobre Cultura de Paz, Educaci\u00f3n por la Paz, Econom\u00eda de Paz, Antimilitarismo...\" \/>\n<meta name=\"robots\" content=\"index, follow, max-snippet:-1, max-image-preview:large, max-video-preview:-1\" \/>\n<link rel=\"canonical\" href=\"https:\/\/www.gernikagogoratuz.org\/eu\/maria-oiangurenek-eurobasquen-2022ko-uda-ikastaroan-parte-hartuko-du\/\" \/>\n<meta property=\"og:locale\" content=\"eu_ES\" \/>\n<meta property=\"og:type\" content=\"article\" \/>\n<meta property=\"og:title\" content=\"Gernika Gogoratuz, Centro de Investigaci\u00f3n por la Paz\" \/>\n<meta property=\"og:description\" content=\"Consulta toda la actualidad sobre jornadas, cursos y formaci\u00f3n sobre Cultura de Paz, Educaci\u00f3n por la Paz, Econom\u00eda de Paz, Antimilitarismo...\" \/>\n<meta property=\"og:url\" content=\"https:\/\/www.gernikagogoratuz.org\/eu\/maria-oiangurenek-eurobasquen-2022ko-uda-ikastaroan-parte-hartuko-du\/\" \/>\n<meta property=\"og:site_name\" content=\"Gernika Gogoratuz\" \/>\n<meta property=\"article:publisher\" content=\"https:\/\/www.facebook.com\/GernikaGogoratuzFundacion\" \/>\n<meta property=\"article:published_time\" content=\"2022-07-06T09:14:45+00:00\" \/>\n<meta property=\"article:modified_time\" content=\"2022-07-11T09:17:19+00:00\" \/>\n<meta property=\"og:image\" content=\"https:\/\/www.gernikagogoratuz.org\/wp-content\/uploads\/2022\/07\/curso-verano-eurobasque.jpg\" \/>\n\t<meta property=\"og:image:width\" content=\"1124\" \/>\n\t<meta property=\"og:image:height\" content=\"618\" \/>\n\t<meta property=\"og:image:type\" content=\"image\/jpeg\" \/>\n<meta name=\"author\" content=\"Gernika Gogoratuz\" \/>\n<meta name=\"twitter:card\" content=\"summary_large_image\" \/>\n<meta name=\"twitter:creator\" content=\"@GGogoratuz\" \/>\n<meta name=\"twitter:site\" content=\"@GGogoratuz\" \/>\n<meta name=\"twitter:label1\" content=\"Written by\" \/>\n\t<meta name=\"twitter:data1\" content=\"Gernika Gogoratuz\" \/>\n\t<meta name=\"twitter:label2\" content=\"Est. reading time\" \/>\n\t<meta name=\"twitter:data2\" content=\"1 minute\" \/>\n<script type=\"application\/ld+json\" class=\"yoast-schema-graph\">{\"@context\":\"https:\\\/\\\/schema.org\",\"@graph\":[{\"@type\":\"Article\",\"@id\":\"https:\\\/\\\/www.gernikagogoratuz.org\\\/eu\\\/maria-oiangurenek-eurobasquen-2022ko-uda-ikastaroan-parte-hartuko-du\\\/#article\",\"isPartOf\":{\"@id\":\"https:\\\/\\\/www.gernikagogoratuz.org\\\/eu\\\/maria-oiangurenek-eurobasquen-2022ko-uda-ikastaroan-parte-hartuko-du\\\/\"},\"author\":{\"name\":\"Gernika Gogoratuz\",\"@id\":\"https:\\\/\\\/www.gernikagogoratuz.org\\\/eu\\\/#\\\/schema\\\/person\\\/56074ce3758ecfb8417c8311e88c79c8\"},\"headline\":\"MARIA OIANGURENEK EUROBASQUEN 2022KO UDA IKASTAROAN PARTE HARTUKO DU\",\"datePublished\":\"2022-07-06T09:14:45+00:00\",\"dateModified\":\"2022-07-11T09:17:19+00:00\",\"mainEntityOfPage\":{\"@id\":\"https:\\\/\\\/www.gernikagogoratuz.org\\\/eu\\\/maria-oiangurenek-eurobasquen-2022ko-uda-ikastaroan-parte-hartuko-du\\\/\"},\"wordCount\":306,\"publisher\":{\"@id\":\"https:\\\/\\\/www.gernikagogoratuz.org\\\/eu\\\/#organization\"},\"image\":{\"@id\":\"https:\\\/\\\/www.gernikagogoratuz.org\\\/eu\\\/maria-oiangurenek-eurobasquen-2022ko-uda-ikastaroan-parte-hartuko-du\\\/#primaryimage\"},\"thumbnailUrl\":\"https:\\\/\\\/www.gernikagogoratuz.org\\\/wp-content\\\/uploads\\\/2022\\\/07\\\/curso-verano-eurobasque.jpg\",\"articleSection\":[\"Bakearen aldeko ikerketa\"],\"inLanguage\":\"eu-ES\"},{\"@type\":\"WebPage\",\"@id\":\"https:\\\/\\\/www.gernikagogoratuz.org\\\/eu\\\/maria-oiangurenek-eurobasquen-2022ko-uda-ikastaroan-parte-hartuko-du\\\/\",\"url\":\"https:\\\/\\\/www.gernikagogoratuz.org\\\/eu\\\/maria-oiangurenek-eurobasquen-2022ko-uda-ikastaroan-parte-hartuko-du\\\/\",\"name\":\"Gernika Gogoratuz, Centro de Investigaci\u00f3n por la Paz\",\"isPartOf\":{\"@id\":\"https:\\\/\\\/www.gernikagogoratuz.org\\\/eu\\\/#website\"},\"primaryImageOfPage\":{\"@id\":\"https:\\\/\\\/www.gernikagogoratuz.org\\\/eu\\\/maria-oiangurenek-eurobasquen-2022ko-uda-ikastaroan-parte-hartuko-du\\\/#primaryimage\"},\"image\":{\"@id\":\"https:\\\/\\\/www.gernikagogoratuz.org\\\/eu\\\/maria-oiangurenek-eurobasquen-2022ko-uda-ikastaroan-parte-hartuko-du\\\/#primaryimage\"},\"thumbnailUrl\":\"https:\\\/\\\/www.gernikagogoratuz.org\\\/wp-content\\\/uploads\\\/2022\\\/07\\\/curso-verano-eurobasque.jpg\",\"datePublished\":\"2022-07-06T09:14:45+00:00\",\"dateModified\":\"2022-07-11T09:17:19+00:00\",\"description\":\"Consulta toda la actualidad sobre jornadas, cursos y formaci\u00f3n sobre Cultura de Paz, Educaci\u00f3n por la Paz, Econom\u00eda de Paz, Antimilitarismo...\",\"breadcrumb\":{\"@id\":\"https:\\\/\\\/www.gernikagogoratuz.org\\\/eu\\\/maria-oiangurenek-eurobasquen-2022ko-uda-ikastaroan-parte-hartuko-du\\\/#breadcrumb\"},\"inLanguage\":\"eu-ES\",\"potentialAction\":[{\"@type\":\"ReadAction\",\"target\":[\"https:\\\/\\\/www.gernikagogoratuz.org\\\/eu\\\/maria-oiangurenek-eurobasquen-2022ko-uda-ikastaroan-parte-hartuko-du\\\/\"]}]},{\"@type\":\"ImageObject\",\"inLanguage\":\"eu-ES\",\"@id\":\"https:\\\/\\\/www.gernikagogoratuz.org\\\/eu\\\/maria-oiangurenek-eurobasquen-2022ko-uda-ikastaroan-parte-hartuko-du\\\/#primaryimage\",\"url\":\"https:\\\/\\\/www.gernikagogoratuz.org\\\/wp-content\\\/uploads\\\/2022\\\/07\\\/curso-verano-eurobasque.jpg\",\"contentUrl\":\"https:\\\/\\\/www.gernikagogoratuz.org\\\/wp-content\\\/uploads\\\/2022\\\/07\\\/curso-verano-eurobasque.jpg\",\"width\":1124,\"height\":618,\"caption\":\"Curso de verano 2022 de Eurobasque\"},{\"@type\":\"BreadcrumbList\",\"@id\":\"https:\\\/\\\/www.gernikagogoratuz.org\\\/eu\\\/maria-oiangurenek-eurobasquen-2022ko-uda-ikastaroan-parte-hartuko-du\\\/#breadcrumb\",\"itemListElement\":[{\"@type\":\"ListItem\",\"position\":1,\"name\":\"Portada\",\"item\":\"https:\\\/\\\/www.gernikagogoratuz.org\\\/eu\\\/\"},{\"@type\":\"ListItem\",\"position\":2,\"name\":\"Bakearen aldeko ikerketa\",\"item\":\"https:\\\/\\\/www.gernikagogoratuz.org\\\/eu\\\/category\\\/bakearen-aldeko-ikerketa\\\/\"},{\"@type\":\"ListItem\",\"position\":3,\"name\":\"MARIA OIANGURENEK EUROBASQUEN 2022KO UDA IKASTAROAN PARTE HARTUKO DU\"}]},{\"@type\":\"WebSite\",\"@id\":\"https:\\\/\\\/www.gernikagogoratuz.org\\\/eu\\\/#website\",\"url\":\"https:\\\/\\\/www.gernikagogoratuz.org\\\/eu\\\/\",\"name\":\"Gernika Gogoratuz\",\"description\":\"Centro de investigaci\u00f3n por la paz\",\"publisher\":{\"@id\":\"https:\\\/\\\/www.gernikagogoratuz.org\\\/eu\\\/#organization\"},\"potentialAction\":[{\"@type\":\"SearchAction\",\"target\":{\"@type\":\"EntryPoint\",\"urlTemplate\":\"https:\\\/\\\/www.gernikagogoratuz.org\\\/eu\\\/?s={search_term_string}\"},\"query-input\":{\"@type\":\"PropertyValueSpecification\",\"valueRequired\":true,\"valueName\":\"search_term_string\"}}],\"inLanguage\":\"eu-ES\"},{\"@type\":\"Organization\",\"@id\":\"https:\\\/\\\/www.gernikagogoratuz.org\\\/eu\\\/#organization\",\"name\":\"Gernika Gogoratuz. Centro de Investigaci\u00f3n por la Paz.\",\"url\":\"https:\\\/\\\/www.gernikagogoratuz.org\\\/eu\\\/\",\"logo\":{\"@type\":\"ImageObject\",\"inLanguage\":\"eu-ES\",\"@id\":\"https:\\\/\\\/www.gernikagogoratuz.org\\\/eu\\\/#\\\/schema\\\/logo\\\/image\\\/\",\"url\":\"https:\\\/\\\/www.gernikagogoratuz.org\\\/wp-content\\\/uploads\\\/2018\\\/10\\\/gernikagogoratuzogo_es.svg\",\"contentUrl\":\"https:\\\/\\\/www.gernikagogoratuz.org\\\/wp-content\\\/uploads\\\/2018\\\/10\\\/gernikagogoratuzogo_es.svg\",\"width\":1,\"height\":1,\"caption\":\"Gernika Gogoratuz. Centro de Investigaci\u00f3n por la Paz.\"},\"image\":{\"@id\":\"https:\\\/\\\/www.gernikagogoratuz.org\\\/eu\\\/#\\\/schema\\\/logo\\\/image\\\/\"},\"sameAs\":[\"https:\\\/\\\/www.facebook.com\\\/GernikaGogoratuzFundacion\",\"https:\\\/\\\/x.com\\\/GGogoratuz\",\"https:\\\/\\\/www.youtube.com\\\/user\\\/gernikagogoratuz\\\/videos\"]},{\"@type\":\"Person\",\"@id\":\"https:\\\/\\\/www.gernikagogoratuz.org\\\/eu\\\/#\\\/schema\\\/person\\\/56074ce3758ecfb8417c8311e88c79c8\",\"name\":\"Gernika Gogoratuz\",\"image\":{\"@type\":\"ImageObject\",\"inLanguage\":\"eu-ES\",\"@id\":\"https:\\\/\\\/secure.gravatar.com\\\/avatar\\\/fec0f20c36775b6715813b8de1aaf669d19199d3c0cc9d7aaf3d6e34de76a8a2?s=96&d=mm&r=g\",\"url\":\"https:\\\/\\\/secure.gravatar.com\\\/avatar\\\/fec0f20c36775b6715813b8de1aaf669d19199d3c0cc9d7aaf3d6e34de76a8a2?s=96&d=mm&r=g\",\"contentUrl\":\"https:\\\/\\\/secure.gravatar.com\\\/avatar\\\/fec0f20c36775b6715813b8de1aaf669d19199d3c0cc9d7aaf3d6e34de76a8a2?s=96&d=mm&r=g\",\"caption\":\"Gernika Gogoratuz\"},\"url\":\"https:\\\/\\\/www.gernikagogoratuz.org\\\/eu\\\/author\\\/mariah\\\/\"}]}<\/script>\n<!-- \/ Yoast SEO plugin. -->","yoast_head_json":{"title":"Gernika Gogoratuz, Centro de Investigaci\u00f3n por la Paz","description":"Consulta toda la actualidad sobre jornadas, cursos y formaci\u00f3n sobre Cultura de Paz, Educaci\u00f3n por la Paz, Econom\u00eda de Paz, Antimilitarismo...","robots":{"index":"index","follow":"follow","max-snippet":"max-snippet:-1","max-image-preview":"max-image-preview:large","max-video-preview":"max-video-preview:-1"},"canonical":"https:\/\/www.gernikagogoratuz.org\/eu\/maria-oiangurenek-eurobasquen-2022ko-uda-ikastaroan-parte-hartuko-du\/","og_locale":"eu_ES","og_type":"article","og_title":"Gernika Gogoratuz, Centro de Investigaci\u00f3n por la Paz","og_description":"Consulta toda la actualidad sobre jornadas, cursos y formaci\u00f3n sobre Cultura de Paz, Educaci\u00f3n por la Paz, Econom\u00eda de Paz, Antimilitarismo...","og_url":"https:\/\/www.gernikagogoratuz.org\/eu\/maria-oiangurenek-eurobasquen-2022ko-uda-ikastaroan-parte-hartuko-du\/","og_site_name":"Gernika Gogoratuz","article_publisher":"https:\/\/www.facebook.com\/GernikaGogoratuzFundacion","article_published_time":"2022-07-06T09:14:45+00:00","article_modified_time":"2022-07-11T09:17:19+00:00","og_image":[{"width":1124,"height":618,"url":"https:\/\/www.gernikagogoratuz.org\/wp-content\/uploads\/2022\/07\/curso-verano-eurobasque.jpg","type":"image\/jpeg"}],"author":"Gernika Gogoratuz","twitter_card":"summary_large_image","twitter_creator":"@GGogoratuz","twitter_site":"@GGogoratuz","twitter_misc":{"Written by":"Gernika Gogoratuz","Est. reading time":"1 minute"},"schema":{"@context":"https:\/\/schema.org","@graph":[{"@type":"Article","@id":"https:\/\/www.gernikagogoratuz.org\/eu\/maria-oiangurenek-eurobasquen-2022ko-uda-ikastaroan-parte-hartuko-du\/#article","isPartOf":{"@id":"https:\/\/www.gernikagogoratuz.org\/eu\/maria-oiangurenek-eurobasquen-2022ko-uda-ikastaroan-parte-hartuko-du\/"},"author":{"name":"Gernika Gogoratuz","@id":"https:\/\/www.gernikagogoratuz.org\/eu\/#\/schema\/person\/56074ce3758ecfb8417c8311e88c79c8"},"headline":"MARIA OIANGURENEK EUROBASQUEN 2022KO UDA IKASTAROAN PARTE HARTUKO DU","datePublished":"2022-07-06T09:14:45+00:00","dateModified":"2022-07-11T09:17:19+00:00","mainEntityOfPage":{"@id":"https:\/\/www.gernikagogoratuz.org\/eu\/maria-oiangurenek-eurobasquen-2022ko-uda-ikastaroan-parte-hartuko-du\/"},"wordCount":306,"publisher":{"@id":"https:\/\/www.gernikagogoratuz.org\/eu\/#organization"},"image":{"@id":"https:\/\/www.gernikagogoratuz.org\/eu\/maria-oiangurenek-eurobasquen-2022ko-uda-ikastaroan-parte-hartuko-du\/#primaryimage"},"thumbnailUrl":"https:\/\/www.gernikagogoratuz.org\/wp-content\/uploads\/2022\/07\/curso-verano-eurobasque.jpg","articleSection":["Bakearen aldeko ikerketa"],"inLanguage":"eu-ES"},{"@type":"WebPage","@id":"https:\/\/www.gernikagogoratuz.org\/eu\/maria-oiangurenek-eurobasquen-2022ko-uda-ikastaroan-parte-hartuko-du\/","url":"https:\/\/www.gernikagogoratuz.org\/eu\/maria-oiangurenek-eurobasquen-2022ko-uda-ikastaroan-parte-hartuko-du\/","name":"Gernika Gogoratuz, Centro de Investigaci\u00f3n por la Paz","isPartOf":{"@id":"https:\/\/www.gernikagogoratuz.org\/eu\/#website"},"primaryImageOfPage":{"@id":"https:\/\/www.gernikagogoratuz.org\/eu\/maria-oiangurenek-eurobasquen-2022ko-uda-ikastaroan-parte-hartuko-du\/#primaryimage"},"image":{"@id":"https:\/\/www.gernikagogoratuz.org\/eu\/maria-oiangurenek-eurobasquen-2022ko-uda-ikastaroan-parte-hartuko-du\/#primaryimage"},"thumbnailUrl":"https:\/\/www.gernikagogoratuz.org\/wp-content\/uploads\/2022\/07\/curso-verano-eurobasque.jpg","datePublished":"2022-07-06T09:14:45+00:00","dateModified":"2022-07-11T09:17:19+00:00","description":"Consulta toda la actualidad sobre jornadas, cursos y formaci\u00f3n sobre Cultura de Paz, Educaci\u00f3n por la Paz, Econom\u00eda de Paz, Antimilitarismo...","breadcrumb":{"@id":"https:\/\/www.gernikagogoratuz.org\/eu\/maria-oiangurenek-eurobasquen-2022ko-uda-ikastaroan-parte-hartuko-du\/#breadcrumb"},"inLanguage":"eu-ES","potentialAction":[{"@type":"ReadAction","target":["https:\/\/www.gernikagogoratuz.org\/eu\/maria-oiangurenek-eurobasquen-2022ko-uda-ikastaroan-parte-hartuko-du\/"]}]},{"@type":"ImageObject","inLanguage":"eu-ES","@id":"https:\/\/www.gernikagogoratuz.org\/eu\/maria-oiangurenek-eurobasquen-2022ko-uda-ikastaroan-parte-hartuko-du\/#primaryimage","url":"https:\/\/www.gernikagogoratuz.org\/wp-content\/uploads\/2022\/07\/curso-verano-eurobasque.jpg","contentUrl":"https:\/\/www.gernikagogoratuz.org\/wp-content\/uploads\/2022\/07\/curso-verano-eurobasque.jpg","width":1124,"height":618,"caption":"Curso de verano 2022 de Eurobasque"},{"@type":"BreadcrumbList","@id":"https:\/\/www.gernikagogoratuz.org\/eu\/maria-oiangurenek-eurobasquen-2022ko-uda-ikastaroan-parte-hartuko-du\/#breadcrumb","itemListElement":[{"@type":"ListItem","position":1,"name":"Portada","item":"https:\/\/www.gernikagogoratuz.org\/eu\/"},{"@type":"ListItem","position":2,"name":"Bakearen aldeko ikerketa","item":"https:\/\/www.gernikagogoratuz.org\/eu\/category\/bakearen-aldeko-ikerketa\/"},{"@type":"ListItem","position":3,"name":"MARIA OIANGURENEK EUROBASQUEN 2022KO UDA IKASTAROAN PARTE HARTUKO DU"}]},{"@type":"WebSite","@id":"https:\/\/www.gernikagogoratuz.org\/eu\/#website","url":"https:\/\/www.gernikagogoratuz.org\/eu\/","name":"Gernika Gogoratuz","description":"Centro de investigaci\u00f3n por la paz","publisher":{"@id":"https:\/\/www.gernikagogoratuz.org\/eu\/#organization"},"potentialAction":[{"@type":"SearchAction","target":{"@type":"EntryPoint","urlTemplate":"https:\/\/www.gernikagogoratuz.org\/eu\/?s={search_term_string}"},"query-input":{"@type":"PropertyValueSpecification","valueRequired":true,"valueName":"search_term_string"}}],"inLanguage":"eu-ES"},{"@type":"Organization","@id":"https:\/\/www.gernikagogoratuz.org\/eu\/#organization","name":"Gernika Gogoratuz. Centro de Investigaci\u00f3n por la Paz.","url":"https:\/\/www.gernikagogoratuz.org\/eu\/","logo":{"@type":"ImageObject","inLanguage":"eu-ES","@id":"https:\/\/www.gernikagogoratuz.org\/eu\/#\/schema\/logo\/image\/","url":"https:\/\/www.gernikagogoratuz.org\/wp-content\/uploads\/2018\/10\/gernikagogoratuzogo_es.svg","contentUrl":"https:\/\/www.gernikagogoratuz.org\/wp-content\/uploads\/2018\/10\/gernikagogoratuzogo_es.svg","width":1,"height":1,"caption":"Gernika Gogoratuz. Centro de Investigaci\u00f3n por la Paz."},"image":{"@id":"https:\/\/www.gernikagogoratuz.org\/eu\/#\/schema\/logo\/image\/"},"sameAs":["https:\/\/www.facebook.com\/GernikaGogoratuzFundacion","https:\/\/x.com\/GGogoratuz","https:\/\/www.youtube.com\/user\/gernikagogoratuz\/videos"]},{"@type":"Person","@id":"https:\/\/www.gernikagogoratuz.org\/eu\/#\/schema\/person\/56074ce3758ecfb8417c8311e88c79c8","name":"Gernika Gogoratuz","image":{"@type":"ImageObject","inLanguage":"eu-ES","@id":"https:\/\/secure.gravatar.com\/avatar\/fec0f20c36775b6715813b8de1aaf669d19199d3c0cc9d7aaf3d6e34de76a8a2?s=96&d=mm&r=g","url":"https:\/\/secure.gravatar.com\/avatar\/fec0f20c36775b6715813b8de1aaf669d19199d3c0cc9d7aaf3d6e34de76a8a2?s=96&d=mm&r=g","contentUrl":"https:\/\/secure.gravatar.com\/avatar\/fec0f20c36775b6715813b8de1aaf669d19199d3c0cc9d7aaf3d6e34de76a8a2?s=96&d=mm&r=g","caption":"Gernika Gogoratuz"},"url":"https:\/\/www.gernikagogoratuz.org\/eu\/author\/mariah\/"}]}},"_links":{"self":[{"href":"https:\/\/www.gernikagogoratuz.org\/eu\/wp-json\/wp\/v2\/posts\/28871","targetHints":{"allow":["GET"]}}],"collection":[{"href":"https:\/\/www.gernikagogoratuz.org\/eu\/wp-json\/wp\/v2\/posts"}],"about":[{"href":"https:\/\/www.gernikagogoratuz.org\/eu\/wp-json\/wp\/v2\/types\/post"}],"author":[{"embeddable":true,"href":"https:\/\/www.gernikagogoratuz.org\/eu\/wp-json\/wp\/v2\/users\/5"}],"replies":[{"embeddable":true,"href":"https:\/\/www.gernikagogoratuz.org\/eu\/wp-json\/wp\/v2\/comments?post=28871"}],"version-history":[{"count":0,"href":"https:\/\/www.gernikagogoratuz.org\/eu\/wp-json\/wp\/v2\/posts\/28871\/revisions"}],"wp:featuredmedia":[{"embeddable":true,"href":"https:\/\/www.gernikagogoratuz.org\/eu\/wp-json\/wp\/v2\/media\/28852"}],"wp:attachment":[{"href":"https:\/\/www.gernikagogoratuz.org\/eu\/wp-json\/wp\/v2\/media?parent=28871"}],"wp:term":[{"taxonomy":"category","embeddable":true,"href":"https:\/\/www.gernikagogoratuz.org\/eu\/wp-json\/wp\/v2\/categories?post=28871"},{"taxonomy":"post_tag","embeddable":true,"href":"https:\/\/www.gernikagogoratuz.org\/eu\/wp-json\/wp\/v2\/tags?post=28871"}],"curies":[{"name":"wp","href":"https:\/\/api.w.org\/{rel}","templated":true}]}}