{"id":29583,"date":"2022-10-13T10:09:13","date_gmt":"2022-10-13T09:09:13","guid":{"rendered":"https:\/\/www.gernikagogoratuz.org\/?p=29583"},"modified":"2022-10-13T10:10:28","modified_gmt":"2022-10-13T09:10:28","slug":"gernika-gogoratuz-ek-busturialdea-urdaibai-eskualdearen-ikuspegi-integrala-eskaintzen-du-bermeon","status":"publish","type":"post","link":"https:\/\/www.gernikagogoratuz.org\/eu\/gernika-gogoratuz-ek-busturialdea-urdaibai-eskualdearen-ikuspegi-integrala-eskaintzen-du-bermeon\/","title":{"rendered":"GERNIKA GOGORATUZ-EK BUSTURIALDEA-URDAIBAI ESKUALDEAREN IKUSPEGI INTEGRALA ESKAINTZEN DU BERMEON"},"content":{"rendered":"<div class=\"wpb-content-wrapper\"><p>[vc_row][vc_column][vc_column_text]Gernika Gogoratuz-ek Busturialdea-Urdaibai eskualdearen Ikuspegi Integrala liburuaren aurkezpenean parte hartzera gonbidatzen zaituzte. Urriaren 18an izango da, Bermeoko Ertzilla Dorrean, Arrantzaleen Museoa, 18:30etan.<\/p>\n<p>Ekitaldia Busturialdea-Urdaibairen egungo egoeran eta etorkizunean oinarrituko da, eta Ram\u00f3n Zallo Elguezabal, Rosa de la Asunci\u00f3n Sanz eta Xabier Arana Eiguren Urdaibaiko lantaldeko kideek egindako ikerketaren emaitzak aurkeztuko dira. Azken horiek lau urtez aritu dira lanean, Gatazka egoeran dauden Lurraldeak proiektuaren baitan.<\/p>\n<p>Ekitaldia Busturialdea-Urdaibairen egungo egoeran eta etorkizunean oinarrituko da, eta Ram\u00f3n Zallo Elguezabal, Rosa de la Asunci\u00f3n Sanz eta Xabier Arana Eiguren Urdaibaiko lantaldeko kideek egindako ikerketaren emaitzak aurkeztuko dira. Azken horiek lau urtez aritu dira lanean, <a href=\"https:\/\/territoriolab.org\/eu\/\" target=\"_blank\" rel=\"noopener noreferrer\">Gatazka egoeran dauden Lurraldeak<\/a> proiektuaren baitan.<\/p>\n<p><strong>Ram\u00f3n Zallo Elguezabal<\/strong>, Busturialdea\u2010Urdaibairen gainbehera ekonomikoa. Dilemak eta proposamenak lanaren egilea Zuzenbidean eta Ekonomian lizentziatua eta Informazio Zientzietan doktorea da. Euskadiko Kutxan (Arrasate) ekonomia-analista izan zen 1974an. Ikus-entzunezko Komunikazioko katedraduna izan da, eta, duela gutxi, Euskal Herriko Unibertsitateko irakasle emeritua.<\/p>\n<p><strong>Rosa de la Asunci\u00f3n Sanz<\/strong>, Gizarte Langintzan eta Soziologian lizentziatua. Rosazero deituriko bere aholkularitza-enpresatik lan egin du EAEko hainbat udalerritako berdintasun-planak diagnostikatzen, egiten eta gauzatzen. Busturialdea-Urdaibai eskualdeko Ibarrangeluko Kukubedarrak elkarte feministako kide sortzailea izan da.<\/p>\n<p><strong>Xabier Arana Eiguren<\/strong> Biologian lizentziatua eta \u201cEvaluaci\u00f3n y Recuperaci\u00f3n Ambiental\u201d masterduna da. Urdaibaiko Biosfera Erreserbako zuzendaria izan zen 1996 eta 2007 artean, Euskadiko Biologoen Elkargo Ofizialeko Ingurumen Batzordeko kide, eta, 2012tik, Bizkaiko Foru Aldundiko Jasangarritasun eta Ingurumen Hezkuntzako Ataleko burua da. Aranzadi Zientzia Elkarteko eta Lurgaia Fundazioko kidea da, besteak beste.<\/p>\n<p>Gernika Gogoratuz eta Gernikatik Mundura elkarteek antolatu dute ekitaldia, Bermeoko Ertzilla Dorrea, Arrantzaleen Museoa eta Garapenerako Lankidetzaren Euskal Agentziaren laguntzarekin.<\/p>\n<p>Interesa duten pertsona guztientzat zabalik.[\/vc_column_text][\/vc_column][\/vc_row]<\/p>\n<\/div>","protected":false},"excerpt":{"rendered":"<p>Urriaren 18an izango da, Bermeoko Ertzilla Dorrean, Arrantzaleen Museoa, 18:30etan<\/p>\n","protected":false},"author":5,"featured_media":29579,"comment_status":"closed","ping_status":"closed","sticky":false,"template":"","format":"standard","meta":{"inline_featured_image":false,"footnotes":""},"categories":[218],"tags":[],"class_list":["post-29583","post","type-post","status-publish","format-standard","has-post-thumbnail","hentry","category-gatazka-egoeran-dauden-lurraldeak"],"yoast_head":"<!-- This site is optimized with the Yoast SEO plugin v27.5 - https:\/\/yoast.com\/product\/yoast-seo-wordpress\/ -->\n<title>Gernika Gogoratuz, Centro de Investigaci\u00f3n por la Paz<\/title>\n<meta name=\"description\" content=\"Consulta toda la actualidad sobre jornadas, cursos y formaci\u00f3n sobre Cultura de Paz, Educaci\u00f3n por la Paz, Econom\u00eda de Paz, Antimilitarismo...\" \/>\n<meta name=\"robots\" content=\"index, follow, max-snippet:-1, max-image-preview:large, max-video-preview:-1\" \/>\n<link rel=\"canonical\" href=\"https:\/\/www.gernikagogoratuz.org\/eu\/gernika-gogoratuz-ek-busturialdea-urdaibai-eskualdearen-ikuspegi-integrala-eskaintzen-du-bermeon\/\" \/>\n<meta property=\"og:locale\" content=\"eu_ES\" \/>\n<meta property=\"og:type\" content=\"article\" \/>\n<meta property=\"og:title\" content=\"Gernika Gogoratuz, Centro de Investigaci\u00f3n por la Paz\" \/>\n<meta property=\"og:description\" content=\"Consulta toda la actualidad sobre jornadas, cursos y formaci\u00f3n sobre Cultura de Paz, Educaci\u00f3n por la Paz, Econom\u00eda de Paz, Antimilitarismo...\" \/>\n<meta property=\"og:url\" content=\"https:\/\/www.gernikagogoratuz.org\/eu\/gernika-gogoratuz-ek-busturialdea-urdaibai-eskualdearen-ikuspegi-integrala-eskaintzen-du-bermeon\/\" \/>\n<meta property=\"og:site_name\" content=\"Gernika Gogoratuz\" \/>\n<meta property=\"article:publisher\" content=\"https:\/\/www.facebook.com\/GernikaGogoratuzFundacion\" \/>\n<meta property=\"article:published_time\" content=\"2022-10-13T09:09:13+00:00\" \/>\n<meta property=\"article:modified_time\" content=\"2022-10-13T09:10:28+00:00\" \/>\n<meta property=\"og:image\" content=\"https:\/\/www.gernikagogoratuz.org\/wp-content\/uploads\/2022\/10\/GGG_Visio\u0301n-Integral-de-Comarca-Busturialdea-Urdaibai_NOTICIA.jpg\" \/>\n\t<meta property=\"og:image:width\" content=\"1717\" \/>\n\t<meta property=\"og:image:height\" content=\"944\" \/>\n\t<meta property=\"og:image:type\" content=\"image\/jpeg\" \/>\n<meta name=\"author\" content=\"Gernika Gogoratuz\" \/>\n<meta name=\"twitter:card\" content=\"summary_large_image\" \/>\n<meta name=\"twitter:creator\" content=\"@GGogoratuz\" \/>\n<meta name=\"twitter:site\" content=\"@GGogoratuz\" \/>\n<meta name=\"twitter:label1\" content=\"Written by\" \/>\n\t<meta name=\"twitter:data1\" content=\"Gernika Gogoratuz\" \/>\n\t<meta name=\"twitter:label2\" content=\"Est. reading time\" \/>\n\t<meta name=\"twitter:data2\" content=\"2 minutes\" \/>\n<script type=\"application\/ld+json\" class=\"yoast-schema-graph\">{\"@context\":\"https:\\\/\\\/schema.org\",\"@graph\":[{\"@type\":\"Article\",\"@id\":\"https:\\\/\\\/www.gernikagogoratuz.org\\\/eu\\\/gernika-gogoratuz-ek-busturialdea-urdaibai-eskualdearen-ikuspegi-integrala-eskaintzen-du-bermeon\\\/#article\",\"isPartOf\":{\"@id\":\"https:\\\/\\\/www.gernikagogoratuz.org\\\/eu\\\/gernika-gogoratuz-ek-busturialdea-urdaibai-eskualdearen-ikuspegi-integrala-eskaintzen-du-bermeon\\\/\"},\"author\":{\"name\":\"Gernika Gogoratuz\",\"@id\":\"https:\\\/\\\/www.gernikagogoratuz.org\\\/eu\\\/#\\\/schema\\\/person\\\/56074ce3758ecfb8417c8311e88c79c8\"},\"headline\":\"GERNIKA GOGORATUZ-EK BUSTURIALDEA-URDAIBAI ESKUALDEAREN IKUSPEGI INTEGRALA ESKAINTZEN DU BERMEON\",\"datePublished\":\"2022-10-13T09:09:13+00:00\",\"dateModified\":\"2022-10-13T09:10:28+00:00\",\"mainEntityOfPage\":{\"@id\":\"https:\\\/\\\/www.gernikagogoratuz.org\\\/eu\\\/gernika-gogoratuz-ek-busturialdea-urdaibai-eskualdearen-ikuspegi-integrala-eskaintzen-du-bermeon\\\/\"},\"wordCount\":287,\"publisher\":{\"@id\":\"https:\\\/\\\/www.gernikagogoratuz.org\\\/eu\\\/#organization\"},\"image\":{\"@id\":\"https:\\\/\\\/www.gernikagogoratuz.org\\\/eu\\\/gernika-gogoratuz-ek-busturialdea-urdaibai-eskualdearen-ikuspegi-integrala-eskaintzen-du-bermeon\\\/#primaryimage\"},\"thumbnailUrl\":\"https:\\\/\\\/www.gernikagogoratuz.org\\\/wp-content\\\/uploads\\\/2022\\\/10\\\/GGG_Visio\u0301n-Integral-de-Comarca-Busturialdea-Urdaibai_NOTICIA.jpg\",\"articleSection\":[\"Gatazka egoeran dauden lurraldeak\"],\"inLanguage\":\"eu-ES\"},{\"@type\":\"WebPage\",\"@id\":\"https:\\\/\\\/www.gernikagogoratuz.org\\\/eu\\\/gernika-gogoratuz-ek-busturialdea-urdaibai-eskualdearen-ikuspegi-integrala-eskaintzen-du-bermeon\\\/\",\"url\":\"https:\\\/\\\/www.gernikagogoratuz.org\\\/eu\\\/gernika-gogoratuz-ek-busturialdea-urdaibai-eskualdearen-ikuspegi-integrala-eskaintzen-du-bermeon\\\/\",\"name\":\"Gernika Gogoratuz, Centro de Investigaci\u00f3n por la Paz\",\"isPartOf\":{\"@id\":\"https:\\\/\\\/www.gernikagogoratuz.org\\\/eu\\\/#website\"},\"primaryImageOfPage\":{\"@id\":\"https:\\\/\\\/www.gernikagogoratuz.org\\\/eu\\\/gernika-gogoratuz-ek-busturialdea-urdaibai-eskualdearen-ikuspegi-integrala-eskaintzen-du-bermeon\\\/#primaryimage\"},\"image\":{\"@id\":\"https:\\\/\\\/www.gernikagogoratuz.org\\\/eu\\\/gernika-gogoratuz-ek-busturialdea-urdaibai-eskualdearen-ikuspegi-integrala-eskaintzen-du-bermeon\\\/#primaryimage\"},\"thumbnailUrl\":\"https:\\\/\\\/www.gernikagogoratuz.org\\\/wp-content\\\/uploads\\\/2022\\\/10\\\/GGG_Visio\u0301n-Integral-de-Comarca-Busturialdea-Urdaibai_NOTICIA.jpg\",\"datePublished\":\"2022-10-13T09:09:13+00:00\",\"dateModified\":\"2022-10-13T09:10:28+00:00\",\"description\":\"Consulta toda la actualidad sobre jornadas, cursos y formaci\u00f3n sobre Cultura de Paz, Educaci\u00f3n por la Paz, Econom\u00eda de Paz, Antimilitarismo...\",\"breadcrumb\":{\"@id\":\"https:\\\/\\\/www.gernikagogoratuz.org\\\/eu\\\/gernika-gogoratuz-ek-busturialdea-urdaibai-eskualdearen-ikuspegi-integrala-eskaintzen-du-bermeon\\\/#breadcrumb\"},\"inLanguage\":\"eu-ES\",\"potentialAction\":[{\"@type\":\"ReadAction\",\"target\":[\"https:\\\/\\\/www.gernikagogoratuz.org\\\/eu\\\/gernika-gogoratuz-ek-busturialdea-urdaibai-eskualdearen-ikuspegi-integrala-eskaintzen-du-bermeon\\\/\"]}]},{\"@type\":\"ImageObject\",\"inLanguage\":\"eu-ES\",\"@id\":\"https:\\\/\\\/www.gernikagogoratuz.org\\\/eu\\\/gernika-gogoratuz-ek-busturialdea-urdaibai-eskualdearen-ikuspegi-integrala-eskaintzen-du-bermeon\\\/#primaryimage\",\"url\":\"https:\\\/\\\/www.gernikagogoratuz.org\\\/wp-content\\\/uploads\\\/2022\\\/10\\\/GGG_Visio\u0301n-Integral-de-Comarca-Busturialdea-Urdaibai_NOTICIA.jpg\",\"contentUrl\":\"https:\\\/\\\/www.gernikagogoratuz.org\\\/wp-content\\\/uploads\\\/2022\\\/10\\\/GGG_Visio\u0301n-Integral-de-Comarca-Busturialdea-Urdaibai_NOTICIA.jpg\",\"width\":1717,\"height\":944,\"caption\":\"\u00abVISI\u00d3N INTEGRAL DE LA COMARCA BUSTURIALDEA-URDAIBAI\u00bb\"},{\"@type\":\"BreadcrumbList\",\"@id\":\"https:\\\/\\\/www.gernikagogoratuz.org\\\/eu\\\/gernika-gogoratuz-ek-busturialdea-urdaibai-eskualdearen-ikuspegi-integrala-eskaintzen-du-bermeon\\\/#breadcrumb\",\"itemListElement\":[{\"@type\":\"ListItem\",\"position\":1,\"name\":\"Portada\",\"item\":\"https:\\\/\\\/www.gernikagogoratuz.org\\\/eu\\\/\"},{\"@type\":\"ListItem\",\"position\":2,\"name\":\"Gatazka egoeran dauden lurraldeak\",\"item\":\"https:\\\/\\\/www.gernikagogoratuz.org\\\/eu\\\/category\\\/gatazka-egoeran-dauden-lurraldeak\\\/\"},{\"@type\":\"ListItem\",\"position\":3,\"name\":\"GERNIKA GOGORATUZ-EK BUSTURIALDEA-URDAIBAI ESKUALDEAREN IKUSPEGI INTEGRALA ESKAINTZEN DU BERMEON\"}]},{\"@type\":\"WebSite\",\"@id\":\"https:\\\/\\\/www.gernikagogoratuz.org\\\/eu\\\/#website\",\"url\":\"https:\\\/\\\/www.gernikagogoratuz.org\\\/eu\\\/\",\"name\":\"Gernika Gogoratuz\",\"description\":\"Centro de investigaci\u00f3n por la paz\",\"publisher\":{\"@id\":\"https:\\\/\\\/www.gernikagogoratuz.org\\\/eu\\\/#organization\"},\"potentialAction\":[{\"@type\":\"SearchAction\",\"target\":{\"@type\":\"EntryPoint\",\"urlTemplate\":\"https:\\\/\\\/www.gernikagogoratuz.org\\\/eu\\\/?s={search_term_string}\"},\"query-input\":{\"@type\":\"PropertyValueSpecification\",\"valueRequired\":true,\"valueName\":\"search_term_string\"}}],\"inLanguage\":\"eu-ES\"},{\"@type\":\"Organization\",\"@id\":\"https:\\\/\\\/www.gernikagogoratuz.org\\\/eu\\\/#organization\",\"name\":\"Gernika Gogoratuz. Centro de Investigaci\u00f3n por la Paz.\",\"url\":\"https:\\\/\\\/www.gernikagogoratuz.org\\\/eu\\\/\",\"logo\":{\"@type\":\"ImageObject\",\"inLanguage\":\"eu-ES\",\"@id\":\"https:\\\/\\\/www.gernikagogoratuz.org\\\/eu\\\/#\\\/schema\\\/logo\\\/image\\\/\",\"url\":\"https:\\\/\\\/www.gernikagogoratuz.org\\\/wp-content\\\/uploads\\\/2018\\\/10\\\/gernikagogoratuzogo_es.svg\",\"contentUrl\":\"https:\\\/\\\/www.gernikagogoratuz.org\\\/wp-content\\\/uploads\\\/2018\\\/10\\\/gernikagogoratuzogo_es.svg\",\"width\":1,\"height\":1,\"caption\":\"Gernika Gogoratuz. Centro de Investigaci\u00f3n por la Paz.\"},\"image\":{\"@id\":\"https:\\\/\\\/www.gernikagogoratuz.org\\\/eu\\\/#\\\/schema\\\/logo\\\/image\\\/\"},\"sameAs\":[\"https:\\\/\\\/www.facebook.com\\\/GernikaGogoratuzFundacion\",\"https:\\\/\\\/x.com\\\/GGogoratuz\",\"https:\\\/\\\/www.youtube.com\\\/user\\\/gernikagogoratuz\\\/videos\"]},{\"@type\":\"Person\",\"@id\":\"https:\\\/\\\/www.gernikagogoratuz.org\\\/eu\\\/#\\\/schema\\\/person\\\/56074ce3758ecfb8417c8311e88c79c8\",\"name\":\"Gernika Gogoratuz\",\"image\":{\"@type\":\"ImageObject\",\"inLanguage\":\"eu-ES\",\"@id\":\"https:\\\/\\\/secure.gravatar.com\\\/avatar\\\/fec0f20c36775b6715813b8de1aaf669d19199d3c0cc9d7aaf3d6e34de76a8a2?s=96&d=mm&r=g\",\"url\":\"https:\\\/\\\/secure.gravatar.com\\\/avatar\\\/fec0f20c36775b6715813b8de1aaf669d19199d3c0cc9d7aaf3d6e34de76a8a2?s=96&d=mm&r=g\",\"contentUrl\":\"https:\\\/\\\/secure.gravatar.com\\\/avatar\\\/fec0f20c36775b6715813b8de1aaf669d19199d3c0cc9d7aaf3d6e34de76a8a2?s=96&d=mm&r=g\",\"caption\":\"Gernika Gogoratuz\"},\"url\":\"https:\\\/\\\/www.gernikagogoratuz.org\\\/eu\\\/author\\\/mariah\\\/\"}]}<\/script>\n<!-- \/ Yoast SEO plugin. -->","yoast_head_json":{"title":"Gernika Gogoratuz, Centro de Investigaci\u00f3n por la Paz","description":"Consulta toda la actualidad sobre jornadas, cursos y formaci\u00f3n sobre Cultura de Paz, Educaci\u00f3n por la Paz, Econom\u00eda de Paz, Antimilitarismo...","robots":{"index":"index","follow":"follow","max-snippet":"max-snippet:-1","max-image-preview":"max-image-preview:large","max-video-preview":"max-video-preview:-1"},"canonical":"https:\/\/www.gernikagogoratuz.org\/eu\/gernika-gogoratuz-ek-busturialdea-urdaibai-eskualdearen-ikuspegi-integrala-eskaintzen-du-bermeon\/","og_locale":"eu_ES","og_type":"article","og_title":"Gernika Gogoratuz, Centro de Investigaci\u00f3n por la Paz","og_description":"Consulta toda la actualidad sobre jornadas, cursos y formaci\u00f3n sobre Cultura de Paz, Educaci\u00f3n por la Paz, Econom\u00eda de Paz, Antimilitarismo...","og_url":"https:\/\/www.gernikagogoratuz.org\/eu\/gernika-gogoratuz-ek-busturialdea-urdaibai-eskualdearen-ikuspegi-integrala-eskaintzen-du-bermeon\/","og_site_name":"Gernika Gogoratuz","article_publisher":"https:\/\/www.facebook.com\/GernikaGogoratuzFundacion","article_published_time":"2022-10-13T09:09:13+00:00","article_modified_time":"2022-10-13T09:10:28+00:00","og_image":[{"width":1717,"height":944,"url":"https:\/\/www.gernikagogoratuz.org\/wp-content\/uploads\/2022\/10\/GGG_Visio\u0301n-Integral-de-Comarca-Busturialdea-Urdaibai_NOTICIA.jpg","type":"image\/jpeg"}],"author":"Gernika Gogoratuz","twitter_card":"summary_large_image","twitter_creator":"@GGogoratuz","twitter_site":"@GGogoratuz","twitter_misc":{"Written by":"Gernika Gogoratuz","Est. reading time":"2 minutes"},"schema":{"@context":"https:\/\/schema.org","@graph":[{"@type":"Article","@id":"https:\/\/www.gernikagogoratuz.org\/eu\/gernika-gogoratuz-ek-busturialdea-urdaibai-eskualdearen-ikuspegi-integrala-eskaintzen-du-bermeon\/#article","isPartOf":{"@id":"https:\/\/www.gernikagogoratuz.org\/eu\/gernika-gogoratuz-ek-busturialdea-urdaibai-eskualdearen-ikuspegi-integrala-eskaintzen-du-bermeon\/"},"author":{"name":"Gernika Gogoratuz","@id":"https:\/\/www.gernikagogoratuz.org\/eu\/#\/schema\/person\/56074ce3758ecfb8417c8311e88c79c8"},"headline":"GERNIKA GOGORATUZ-EK BUSTURIALDEA-URDAIBAI ESKUALDEAREN IKUSPEGI INTEGRALA ESKAINTZEN DU BERMEON","datePublished":"2022-10-13T09:09:13+00:00","dateModified":"2022-10-13T09:10:28+00:00","mainEntityOfPage":{"@id":"https:\/\/www.gernikagogoratuz.org\/eu\/gernika-gogoratuz-ek-busturialdea-urdaibai-eskualdearen-ikuspegi-integrala-eskaintzen-du-bermeon\/"},"wordCount":287,"publisher":{"@id":"https:\/\/www.gernikagogoratuz.org\/eu\/#organization"},"image":{"@id":"https:\/\/www.gernikagogoratuz.org\/eu\/gernika-gogoratuz-ek-busturialdea-urdaibai-eskualdearen-ikuspegi-integrala-eskaintzen-du-bermeon\/#primaryimage"},"thumbnailUrl":"https:\/\/www.gernikagogoratuz.org\/wp-content\/uploads\/2022\/10\/GGG_Visio\u0301n-Integral-de-Comarca-Busturialdea-Urdaibai_NOTICIA.jpg","articleSection":["Gatazka egoeran dauden lurraldeak"],"inLanguage":"eu-ES"},{"@type":"WebPage","@id":"https:\/\/www.gernikagogoratuz.org\/eu\/gernika-gogoratuz-ek-busturialdea-urdaibai-eskualdearen-ikuspegi-integrala-eskaintzen-du-bermeon\/","url":"https:\/\/www.gernikagogoratuz.org\/eu\/gernika-gogoratuz-ek-busturialdea-urdaibai-eskualdearen-ikuspegi-integrala-eskaintzen-du-bermeon\/","name":"Gernika Gogoratuz, Centro de Investigaci\u00f3n por la Paz","isPartOf":{"@id":"https:\/\/www.gernikagogoratuz.org\/eu\/#website"},"primaryImageOfPage":{"@id":"https:\/\/www.gernikagogoratuz.org\/eu\/gernika-gogoratuz-ek-busturialdea-urdaibai-eskualdearen-ikuspegi-integrala-eskaintzen-du-bermeon\/#primaryimage"},"image":{"@id":"https:\/\/www.gernikagogoratuz.org\/eu\/gernika-gogoratuz-ek-busturialdea-urdaibai-eskualdearen-ikuspegi-integrala-eskaintzen-du-bermeon\/#primaryimage"},"thumbnailUrl":"https:\/\/www.gernikagogoratuz.org\/wp-content\/uploads\/2022\/10\/GGG_Visio\u0301n-Integral-de-Comarca-Busturialdea-Urdaibai_NOTICIA.jpg","datePublished":"2022-10-13T09:09:13+00:00","dateModified":"2022-10-13T09:10:28+00:00","description":"Consulta toda la actualidad sobre jornadas, cursos y formaci\u00f3n sobre Cultura de Paz, Educaci\u00f3n por la Paz, Econom\u00eda de Paz, Antimilitarismo...","breadcrumb":{"@id":"https:\/\/www.gernikagogoratuz.org\/eu\/gernika-gogoratuz-ek-busturialdea-urdaibai-eskualdearen-ikuspegi-integrala-eskaintzen-du-bermeon\/#breadcrumb"},"inLanguage":"eu-ES","potentialAction":[{"@type":"ReadAction","target":["https:\/\/www.gernikagogoratuz.org\/eu\/gernika-gogoratuz-ek-busturialdea-urdaibai-eskualdearen-ikuspegi-integrala-eskaintzen-du-bermeon\/"]}]},{"@type":"ImageObject","inLanguage":"eu-ES","@id":"https:\/\/www.gernikagogoratuz.org\/eu\/gernika-gogoratuz-ek-busturialdea-urdaibai-eskualdearen-ikuspegi-integrala-eskaintzen-du-bermeon\/#primaryimage","url":"https:\/\/www.gernikagogoratuz.org\/wp-content\/uploads\/2022\/10\/GGG_Visio\u0301n-Integral-de-Comarca-Busturialdea-Urdaibai_NOTICIA.jpg","contentUrl":"https:\/\/www.gernikagogoratuz.org\/wp-content\/uploads\/2022\/10\/GGG_Visio\u0301n-Integral-de-Comarca-Busturialdea-Urdaibai_NOTICIA.jpg","width":1717,"height":944,"caption":"\u00abVISI\u00d3N INTEGRAL DE LA COMARCA BUSTURIALDEA-URDAIBAI\u00bb"},{"@type":"BreadcrumbList","@id":"https:\/\/www.gernikagogoratuz.org\/eu\/gernika-gogoratuz-ek-busturialdea-urdaibai-eskualdearen-ikuspegi-integrala-eskaintzen-du-bermeon\/#breadcrumb","itemListElement":[{"@type":"ListItem","position":1,"name":"Portada","item":"https:\/\/www.gernikagogoratuz.org\/eu\/"},{"@type":"ListItem","position":2,"name":"Gatazka egoeran dauden lurraldeak","item":"https:\/\/www.gernikagogoratuz.org\/eu\/category\/gatazka-egoeran-dauden-lurraldeak\/"},{"@type":"ListItem","position":3,"name":"GERNIKA GOGORATUZ-EK BUSTURIALDEA-URDAIBAI ESKUALDEAREN IKUSPEGI INTEGRALA ESKAINTZEN DU BERMEON"}]},{"@type":"WebSite","@id":"https:\/\/www.gernikagogoratuz.org\/eu\/#website","url":"https:\/\/www.gernikagogoratuz.org\/eu\/","name":"Gernika Gogoratuz","description":"Centro de investigaci\u00f3n por la paz","publisher":{"@id":"https:\/\/www.gernikagogoratuz.org\/eu\/#organization"},"potentialAction":[{"@type":"SearchAction","target":{"@type":"EntryPoint","urlTemplate":"https:\/\/www.gernikagogoratuz.org\/eu\/?s={search_term_string}"},"query-input":{"@type":"PropertyValueSpecification","valueRequired":true,"valueName":"search_term_string"}}],"inLanguage":"eu-ES"},{"@type":"Organization","@id":"https:\/\/www.gernikagogoratuz.org\/eu\/#organization","name":"Gernika Gogoratuz. Centro de Investigaci\u00f3n por la Paz.","url":"https:\/\/www.gernikagogoratuz.org\/eu\/","logo":{"@type":"ImageObject","inLanguage":"eu-ES","@id":"https:\/\/www.gernikagogoratuz.org\/eu\/#\/schema\/logo\/image\/","url":"https:\/\/www.gernikagogoratuz.org\/wp-content\/uploads\/2018\/10\/gernikagogoratuzogo_es.svg","contentUrl":"https:\/\/www.gernikagogoratuz.org\/wp-content\/uploads\/2018\/10\/gernikagogoratuzogo_es.svg","width":1,"height":1,"caption":"Gernika Gogoratuz. Centro de Investigaci\u00f3n por la Paz."},"image":{"@id":"https:\/\/www.gernikagogoratuz.org\/eu\/#\/schema\/logo\/image\/"},"sameAs":["https:\/\/www.facebook.com\/GernikaGogoratuzFundacion","https:\/\/x.com\/GGogoratuz","https:\/\/www.youtube.com\/user\/gernikagogoratuz\/videos"]},{"@type":"Person","@id":"https:\/\/www.gernikagogoratuz.org\/eu\/#\/schema\/person\/56074ce3758ecfb8417c8311e88c79c8","name":"Gernika Gogoratuz","image":{"@type":"ImageObject","inLanguage":"eu-ES","@id":"https:\/\/secure.gravatar.com\/avatar\/fec0f20c36775b6715813b8de1aaf669d19199d3c0cc9d7aaf3d6e34de76a8a2?s=96&d=mm&r=g","url":"https:\/\/secure.gravatar.com\/avatar\/fec0f20c36775b6715813b8de1aaf669d19199d3c0cc9d7aaf3d6e34de76a8a2?s=96&d=mm&r=g","contentUrl":"https:\/\/secure.gravatar.com\/avatar\/fec0f20c36775b6715813b8de1aaf669d19199d3c0cc9d7aaf3d6e34de76a8a2?s=96&d=mm&r=g","caption":"Gernika Gogoratuz"},"url":"https:\/\/www.gernikagogoratuz.org\/eu\/author\/mariah\/"}]}},"_links":{"self":[{"href":"https:\/\/www.gernikagogoratuz.org\/eu\/wp-json\/wp\/v2\/posts\/29583","targetHints":{"allow":["GET"]}}],"collection":[{"href":"https:\/\/www.gernikagogoratuz.org\/eu\/wp-json\/wp\/v2\/posts"}],"about":[{"href":"https:\/\/www.gernikagogoratuz.org\/eu\/wp-json\/wp\/v2\/types\/post"}],"author":[{"embeddable":true,"href":"https:\/\/www.gernikagogoratuz.org\/eu\/wp-json\/wp\/v2\/users\/5"}],"replies":[{"embeddable":true,"href":"https:\/\/www.gernikagogoratuz.org\/eu\/wp-json\/wp\/v2\/comments?post=29583"}],"version-history":[{"count":2,"href":"https:\/\/www.gernikagogoratuz.org\/eu\/wp-json\/wp\/v2\/posts\/29583\/revisions"}],"predecessor-version":[{"id":29585,"href":"https:\/\/www.gernikagogoratuz.org\/eu\/wp-json\/wp\/v2\/posts\/29583\/revisions\/29585"}],"wp:featuredmedia":[{"embeddable":true,"href":"https:\/\/www.gernikagogoratuz.org\/eu\/wp-json\/wp\/v2\/media\/29579"}],"wp:attachment":[{"href":"https:\/\/www.gernikagogoratuz.org\/eu\/wp-json\/wp\/v2\/media?parent=29583"}],"wp:term":[{"taxonomy":"category","embeddable":true,"href":"https:\/\/www.gernikagogoratuz.org\/eu\/wp-json\/wp\/v2\/categories?post=29583"},{"taxonomy":"post_tag","embeddable":true,"href":"https:\/\/www.gernikagogoratuz.org\/eu\/wp-json\/wp\/v2\/tags?post=29583"}],"curies":[{"name":"wp","href":"https:\/\/api.w.org\/{rel}","templated":true}]}}