{"id":32543,"date":"2023-02-22T10:23:16","date_gmt":"2023-02-22T09:23:16","guid":{"rendered":"https:\/\/www.gernikagogoratuz.org\/?p=32543"},"modified":"2023-03-08T10:27:34","modified_gmt":"2023-03-08T09:27:34","slug":"gernika-gogoratuz-ek-bizitza-desmilitarizatzeko-nazioarteko-mintegian-parte-hartuko-du","status":"publish","type":"post","link":"https:\/\/www.gernikagogoratuz.org\/eu\/gernika-gogoratuz-ek-bizitza-desmilitarizatzeko-nazioarteko-mintegian-parte-hartuko-du\/","title":{"rendered":"GERNIKA GOGORATUZ-EK &#8220;BIZITZA DESMILITARIZATZEKO&#8221; NAZIOARTEKO MINTEGIAN PARTE HARTUKO DU"},"content":{"rendered":"<div class=\"wpb-content-wrapper\"><p>[vc_row][vc_column][vc_column_text]<strong>Jokin Alberdik <\/strong>eta<strong> Fernando Cruzek<\/strong>, Gernika Gogoratuz-eko lehendakari eta kolaboratzaileak, &#8220;bizitza desmilitarizatu, bakerako apustu demokratikoa&#8221; nazioarteko mintegian parte hartuko dute, otsailaren 27 eta 28an, Tolimako Ibagu\u00e9-Tolima Unibertsitatean.<\/p>\n<p>Ekitaldia Alfredo Molano Bravo Katedraren baitan egingo da, Kolonbia sakoneko ahotsak eta egiak (CAMB), eta Bakearen eta Giza Eskubideen Behatokiak, Giza Zientzien eta Arteen Fakultateak, Tolimako Unibertsitateak, Amazoniako Unibertsitateak, Gernika Gogoratuz-ek eta Ideasurrek antolatuko dute.<\/p>\n<p>Jokin Alberdi UPV\/EHUko irakaslea da, eta hilaren 27an \u201cLurralde-gatazkak eta gerra-ekonomiak&#8221; gaiaz hitz egingo du, eta 28an &#8220;Demokrazia eta bake-ekonomia gatazkan dauden lurraldeetan&#8221; gaiaz. Bestalde, Fernando Cruzek \u00abLurralde-bizitzaren militarizazioa, aniztasuna berdintzea\u00bb landuko du, eta 28an \u00abBizitzaren desmilitarizazioa, lurralde-bakearekiko apustua\u00bb.<\/p>\n<p>Ekitaldiaren helburua gatazkan dauden lurraldeetako bizitzen militarizazioak izan duen eragin kultural, sozial, ekonomiko eta politikoei buruzko gogoeta egitea da, baita gizarte gisa alor horretan zer egin dezakegun hausnartzea ere, Egiaren Batzordearen Legatua kontuan hartuta, Kolonbiako gatazka armatua gaindituz demokratizaziorantz eta bakerantz egiten laguntzeko.<\/p>\n<p>Mintegiaren lan-esparrua, Ibagu\u00e9n eta Florentzian egingo da hurrenez hurren, CAMBen edukiak eta metodologia kontuan hartuta. Egiaren Batzordeak sortutako gunea da eta herrialdeari utzi zion Legatua zabaltzea du helburu, bereziki Aurkikuntzak eta Gomendioak kapituluan jasotzen dena, eta baita Alfredo Molano Bravo idazle eta soziologoaren Legatua ere, gizarteratu eta gizarteak berak barneratu ditzan.[\/vc_column_text][\/vc_column][\/vc_row][vc_row][vc_column][vc_empty_space][\/vc_column][\/vc_row][vc_row][vc_column]<a itemprop=\"url\" href=\"https:\/\/www.gernikagogoratuz.org\/wp-content\/uploads\/2023\/02\/Agenda-Seminario-Desmilitarizacion-de-la-Vida-UT-Ibague-27-28FEB2023.pdf\" target=\"_self\"  class=\"edgtf-btn edgtf-btn-medium edgtf-btn-solid\"  >\n\t<span class=\"edgtf-btn-text\">Ikusi programa osoa<\/span>\n    <\/a>[vc_empty_space][\/vc_column][\/vc_row]<\/p>\n<\/div>","protected":false},"excerpt":{"rendered":"<p>Hilaren 27an eta 28an Tolima Ibagu\u00e9-Tolima Unibertsitatean. Ikusi programa osoa<\/p>\n","protected":false},"author":5,"featured_media":32645,"comment_status":"closed","ping_status":"closed","sticky":false,"template":"","format":"standard","meta":{"inline_featured_image":false,"footnotes":""},"categories":[218],"tags":[],"class_list":["post-32543","post","type-post","status-publish","format-standard","has-post-thumbnail","hentry","category-gatazka-egoeran-dauden-lurraldeak"],"yoast_head":"<!-- This site is optimized with the Yoast SEO plugin v27.5 - https:\/\/yoast.com\/product\/yoast-seo-wordpress\/ -->\n<title>Gernika Gogoratuz, Centro de Investigaci\u00f3n por la Paz<\/title>\n<meta name=\"description\" content=\"Consulta toda la actualidad sobre jornadas, cursos y formaci\u00f3n sobre Cultura de Paz, Educaci\u00f3n por la Paz, Econom\u00eda de Paz, Antimilitarismo...\" \/>\n<meta name=\"robots\" content=\"index, follow, max-snippet:-1, max-image-preview:large, max-video-preview:-1\" \/>\n<link rel=\"canonical\" href=\"https:\/\/www.gernikagogoratuz.org\/eu\/gernika-gogoratuz-ek-bizitza-desmilitarizatzeko-nazioarteko-mintegian-parte-hartuko-du\/\" \/>\n<meta property=\"og:locale\" content=\"eu_ES\" \/>\n<meta property=\"og:type\" content=\"article\" \/>\n<meta property=\"og:title\" content=\"Gernika Gogoratuz, Centro de Investigaci\u00f3n por la Paz\" \/>\n<meta property=\"og:description\" content=\"Consulta toda la actualidad sobre jornadas, cursos y formaci\u00f3n sobre Cultura de Paz, Educaci\u00f3n por la Paz, Econom\u00eda de Paz, Antimilitarismo...\" \/>\n<meta property=\"og:url\" content=\"https:\/\/www.gernikagogoratuz.org\/eu\/gernika-gogoratuz-ek-bizitza-desmilitarizatzeko-nazioarteko-mintegian-parte-hartuko-du\/\" \/>\n<meta property=\"og:site_name\" content=\"Gernika Gogoratuz\" \/>\n<meta property=\"article:publisher\" content=\"https:\/\/www.facebook.com\/GernikaGogoratuzFundacion\" \/>\n<meta property=\"article:published_time\" content=\"2023-02-22T09:23:16+00:00\" \/>\n<meta property=\"article:modified_time\" content=\"2023-03-08T09:27:34+00:00\" \/>\n<meta property=\"og:image\" content=\"https:\/\/www.gernikagogoratuz.org\/wp-content\/uploads\/2023\/02\/desmilitarizar-la-vida.jpg\" \/>\n\t<meta property=\"og:image:width\" content=\"1124\" \/>\n\t<meta property=\"og:image:height\" content=\"618\" \/>\n\t<meta property=\"og:image:type\" content=\"image\/jpeg\" \/>\n<meta name=\"author\" content=\"Gernika Gogoratuz\" \/>\n<meta name=\"twitter:card\" content=\"summary_large_image\" \/>\n<meta name=\"twitter:creator\" content=\"@GGogoratuz\" \/>\n<meta name=\"twitter:site\" content=\"@GGogoratuz\" \/>\n<meta name=\"twitter:label1\" content=\"Written by\" \/>\n\t<meta name=\"twitter:data1\" content=\"Gernika Gogoratuz\" \/>\n\t<meta name=\"twitter:label2\" content=\"Est. reading time\" \/>\n\t<meta name=\"twitter:data2\" content=\"1 minute\" \/>\n<script type=\"application\/ld+json\" class=\"yoast-schema-graph\">{\"@context\":\"https:\\\/\\\/schema.org\",\"@graph\":[{\"@type\":\"Article\",\"@id\":\"https:\\\/\\\/www.gernikagogoratuz.org\\\/eu\\\/gernika-gogoratuz-ek-bizitza-desmilitarizatzeko-nazioarteko-mintegian-parte-hartuko-du\\\/#article\",\"isPartOf\":{\"@id\":\"https:\\\/\\\/www.gernikagogoratuz.org\\\/eu\\\/gernika-gogoratuz-ek-bizitza-desmilitarizatzeko-nazioarteko-mintegian-parte-hartuko-du\\\/\"},\"author\":{\"name\":\"Gernika Gogoratuz\",\"@id\":\"https:\\\/\\\/www.gernikagogoratuz.org\\\/eu\\\/#\\\/schema\\\/person\\\/56074ce3758ecfb8417c8311e88c79c8\"},\"headline\":\"GERNIKA GOGORATUZ-EK &#8220;BIZITZA DESMILITARIZATZEKO&#8221; NAZIOARTEKO MINTEGIAN PARTE HARTUKO DU\",\"datePublished\":\"2023-02-22T09:23:16+00:00\",\"dateModified\":\"2023-03-08T09:27:34+00:00\",\"mainEntityOfPage\":{\"@id\":\"https:\\\/\\\/www.gernikagogoratuz.org\\\/eu\\\/gernika-gogoratuz-ek-bizitza-desmilitarizatzeko-nazioarteko-mintegian-parte-hartuko-du\\\/\"},\"wordCount\":265,\"publisher\":{\"@id\":\"https:\\\/\\\/www.gernikagogoratuz.org\\\/eu\\\/#organization\"},\"image\":{\"@id\":\"https:\\\/\\\/www.gernikagogoratuz.org\\\/eu\\\/gernika-gogoratuz-ek-bizitza-desmilitarizatzeko-nazioarteko-mintegian-parte-hartuko-du\\\/#primaryimage\"},\"thumbnailUrl\":\"https:\\\/\\\/www.gernikagogoratuz.org\\\/wp-content\\\/uploads\\\/2023\\\/02\\\/desmilitarizar-la-vida2.jpg\",\"articleSection\":[\"Gatazka egoeran dauden lurraldeak\"],\"inLanguage\":\"eu-ES\"},{\"@type\":\"WebPage\",\"@id\":\"https:\\\/\\\/www.gernikagogoratuz.org\\\/eu\\\/gernika-gogoratuz-ek-bizitza-desmilitarizatzeko-nazioarteko-mintegian-parte-hartuko-du\\\/\",\"url\":\"https:\\\/\\\/www.gernikagogoratuz.org\\\/eu\\\/gernika-gogoratuz-ek-bizitza-desmilitarizatzeko-nazioarteko-mintegian-parte-hartuko-du\\\/\",\"name\":\"Gernika Gogoratuz, Centro de Investigaci\u00f3n por la Paz\",\"isPartOf\":{\"@id\":\"https:\\\/\\\/www.gernikagogoratuz.org\\\/eu\\\/#website\"},\"primaryImageOfPage\":{\"@id\":\"https:\\\/\\\/www.gernikagogoratuz.org\\\/eu\\\/gernika-gogoratuz-ek-bizitza-desmilitarizatzeko-nazioarteko-mintegian-parte-hartuko-du\\\/#primaryimage\"},\"image\":{\"@id\":\"https:\\\/\\\/www.gernikagogoratuz.org\\\/eu\\\/gernika-gogoratuz-ek-bizitza-desmilitarizatzeko-nazioarteko-mintegian-parte-hartuko-du\\\/#primaryimage\"},\"thumbnailUrl\":\"https:\\\/\\\/www.gernikagogoratuz.org\\\/wp-content\\\/uploads\\\/2023\\\/02\\\/desmilitarizar-la-vida2.jpg\",\"datePublished\":\"2023-02-22T09:23:16+00:00\",\"dateModified\":\"2023-03-08T09:27:34+00:00\",\"description\":\"Consulta toda la actualidad sobre jornadas, cursos y formaci\u00f3n sobre Cultura de Paz, Educaci\u00f3n por la Paz, Econom\u00eda de Paz, Antimilitarismo...\",\"breadcrumb\":{\"@id\":\"https:\\\/\\\/www.gernikagogoratuz.org\\\/eu\\\/gernika-gogoratuz-ek-bizitza-desmilitarizatzeko-nazioarteko-mintegian-parte-hartuko-du\\\/#breadcrumb\"},\"inLanguage\":\"eu-ES\",\"potentialAction\":[{\"@type\":\"ReadAction\",\"target\":[\"https:\\\/\\\/www.gernikagogoratuz.org\\\/eu\\\/gernika-gogoratuz-ek-bizitza-desmilitarizatzeko-nazioarteko-mintegian-parte-hartuko-du\\\/\"]}]},{\"@type\":\"ImageObject\",\"inLanguage\":\"eu-ES\",\"@id\":\"https:\\\/\\\/www.gernikagogoratuz.org\\\/eu\\\/gernika-gogoratuz-ek-bizitza-desmilitarizatzeko-nazioarteko-mintegian-parte-hartuko-du\\\/#primaryimage\",\"url\":\"https:\\\/\\\/www.gernikagogoratuz.org\\\/wp-content\\\/uploads\\\/2023\\\/02\\\/desmilitarizar-la-vida2.jpg\",\"contentUrl\":\"https:\\\/\\\/www.gernikagogoratuz.org\\\/wp-content\\\/uploads\\\/2023\\\/02\\\/desmilitarizar-la-vida2.jpg\",\"width\":1124,\"height\":618,\"caption\":\"seminario internacional \\\"Desmilitarizar la vida\\\"\"},{\"@type\":\"BreadcrumbList\",\"@id\":\"https:\\\/\\\/www.gernikagogoratuz.org\\\/eu\\\/gernika-gogoratuz-ek-bizitza-desmilitarizatzeko-nazioarteko-mintegian-parte-hartuko-du\\\/#breadcrumb\",\"itemListElement\":[{\"@type\":\"ListItem\",\"position\":1,\"name\":\"Portada\",\"item\":\"https:\\\/\\\/www.gernikagogoratuz.org\\\/eu\\\/\"},{\"@type\":\"ListItem\",\"position\":2,\"name\":\"Gatazka egoeran dauden lurraldeak\",\"item\":\"https:\\\/\\\/www.gernikagogoratuz.org\\\/eu\\\/category\\\/gatazka-egoeran-dauden-lurraldeak\\\/\"},{\"@type\":\"ListItem\",\"position\":3,\"name\":\"GERNIKA GOGORATUZ-EK \u00abBIZITZA DESMILITARIZATZEKO\u00bb NAZIOARTEKO MINTEGIAN PARTE HARTUKO DU\"}]},{\"@type\":\"WebSite\",\"@id\":\"https:\\\/\\\/www.gernikagogoratuz.org\\\/eu\\\/#website\",\"url\":\"https:\\\/\\\/www.gernikagogoratuz.org\\\/eu\\\/\",\"name\":\"Gernika Gogoratuz\",\"description\":\"Centro de investigaci\u00f3n por la paz\",\"publisher\":{\"@id\":\"https:\\\/\\\/www.gernikagogoratuz.org\\\/eu\\\/#organization\"},\"potentialAction\":[{\"@type\":\"SearchAction\",\"target\":{\"@type\":\"EntryPoint\",\"urlTemplate\":\"https:\\\/\\\/www.gernikagogoratuz.org\\\/eu\\\/?s={search_term_string}\"},\"query-input\":{\"@type\":\"PropertyValueSpecification\",\"valueRequired\":true,\"valueName\":\"search_term_string\"}}],\"inLanguage\":\"eu-ES\"},{\"@type\":\"Organization\",\"@id\":\"https:\\\/\\\/www.gernikagogoratuz.org\\\/eu\\\/#organization\",\"name\":\"Gernika Gogoratuz. Centro de Investigaci\u00f3n por la Paz.\",\"url\":\"https:\\\/\\\/www.gernikagogoratuz.org\\\/eu\\\/\",\"logo\":{\"@type\":\"ImageObject\",\"inLanguage\":\"eu-ES\",\"@id\":\"https:\\\/\\\/www.gernikagogoratuz.org\\\/eu\\\/#\\\/schema\\\/logo\\\/image\\\/\",\"url\":\"https:\\\/\\\/www.gernikagogoratuz.org\\\/wp-content\\\/uploads\\\/2018\\\/10\\\/gernikagogoratuzogo_es.svg\",\"contentUrl\":\"https:\\\/\\\/www.gernikagogoratuz.org\\\/wp-content\\\/uploads\\\/2018\\\/10\\\/gernikagogoratuzogo_es.svg\",\"width\":1,\"height\":1,\"caption\":\"Gernika Gogoratuz. Centro de Investigaci\u00f3n por la Paz.\"},\"image\":{\"@id\":\"https:\\\/\\\/www.gernikagogoratuz.org\\\/eu\\\/#\\\/schema\\\/logo\\\/image\\\/\"},\"sameAs\":[\"https:\\\/\\\/www.facebook.com\\\/GernikaGogoratuzFundacion\",\"https:\\\/\\\/x.com\\\/GGogoratuz\",\"https:\\\/\\\/www.youtube.com\\\/user\\\/gernikagogoratuz\\\/videos\"]},{\"@type\":\"Person\",\"@id\":\"https:\\\/\\\/www.gernikagogoratuz.org\\\/eu\\\/#\\\/schema\\\/person\\\/56074ce3758ecfb8417c8311e88c79c8\",\"name\":\"Gernika Gogoratuz\",\"image\":{\"@type\":\"ImageObject\",\"inLanguage\":\"eu-ES\",\"@id\":\"https:\\\/\\\/secure.gravatar.com\\\/avatar\\\/fec0f20c36775b6715813b8de1aaf669d19199d3c0cc9d7aaf3d6e34de76a8a2?s=96&d=mm&r=g\",\"url\":\"https:\\\/\\\/secure.gravatar.com\\\/avatar\\\/fec0f20c36775b6715813b8de1aaf669d19199d3c0cc9d7aaf3d6e34de76a8a2?s=96&d=mm&r=g\",\"contentUrl\":\"https:\\\/\\\/secure.gravatar.com\\\/avatar\\\/fec0f20c36775b6715813b8de1aaf669d19199d3c0cc9d7aaf3d6e34de76a8a2?s=96&d=mm&r=g\",\"caption\":\"Gernika Gogoratuz\"},\"url\":\"https:\\\/\\\/www.gernikagogoratuz.org\\\/eu\\\/author\\\/mariah\\\/\"}]}<\/script>\n<!-- \/ Yoast SEO plugin. -->","yoast_head_json":{"title":"Gernika Gogoratuz, Centro de Investigaci\u00f3n por la Paz","description":"Consulta toda la actualidad sobre jornadas, cursos y formaci\u00f3n sobre Cultura de Paz, Educaci\u00f3n por la Paz, Econom\u00eda de Paz, Antimilitarismo...","robots":{"index":"index","follow":"follow","max-snippet":"max-snippet:-1","max-image-preview":"max-image-preview:large","max-video-preview":"max-video-preview:-1"},"canonical":"https:\/\/www.gernikagogoratuz.org\/eu\/gernika-gogoratuz-ek-bizitza-desmilitarizatzeko-nazioarteko-mintegian-parte-hartuko-du\/","og_locale":"eu_ES","og_type":"article","og_title":"Gernika Gogoratuz, Centro de Investigaci\u00f3n por la Paz","og_description":"Consulta toda la actualidad sobre jornadas, cursos y formaci\u00f3n sobre Cultura de Paz, Educaci\u00f3n por la Paz, Econom\u00eda de Paz, Antimilitarismo...","og_url":"https:\/\/www.gernikagogoratuz.org\/eu\/gernika-gogoratuz-ek-bizitza-desmilitarizatzeko-nazioarteko-mintegian-parte-hartuko-du\/","og_site_name":"Gernika Gogoratuz","article_publisher":"https:\/\/www.facebook.com\/GernikaGogoratuzFundacion","article_published_time":"2023-02-22T09:23:16+00:00","article_modified_time":"2023-03-08T09:27:34+00:00","og_image":[{"width":1124,"height":618,"url":"https:\/\/www.gernikagogoratuz.org\/wp-content\/uploads\/2023\/02\/desmilitarizar-la-vida.jpg","type":"image\/jpeg"}],"author":"Gernika Gogoratuz","twitter_card":"summary_large_image","twitter_creator":"@GGogoratuz","twitter_site":"@GGogoratuz","twitter_misc":{"Written by":"Gernika Gogoratuz","Est. reading time":"1 minute"},"schema":{"@context":"https:\/\/schema.org","@graph":[{"@type":"Article","@id":"https:\/\/www.gernikagogoratuz.org\/eu\/gernika-gogoratuz-ek-bizitza-desmilitarizatzeko-nazioarteko-mintegian-parte-hartuko-du\/#article","isPartOf":{"@id":"https:\/\/www.gernikagogoratuz.org\/eu\/gernika-gogoratuz-ek-bizitza-desmilitarizatzeko-nazioarteko-mintegian-parte-hartuko-du\/"},"author":{"name":"Gernika Gogoratuz","@id":"https:\/\/www.gernikagogoratuz.org\/eu\/#\/schema\/person\/56074ce3758ecfb8417c8311e88c79c8"},"headline":"GERNIKA GOGORATUZ-EK &#8220;BIZITZA DESMILITARIZATZEKO&#8221; NAZIOARTEKO MINTEGIAN PARTE HARTUKO DU","datePublished":"2023-02-22T09:23:16+00:00","dateModified":"2023-03-08T09:27:34+00:00","mainEntityOfPage":{"@id":"https:\/\/www.gernikagogoratuz.org\/eu\/gernika-gogoratuz-ek-bizitza-desmilitarizatzeko-nazioarteko-mintegian-parte-hartuko-du\/"},"wordCount":265,"publisher":{"@id":"https:\/\/www.gernikagogoratuz.org\/eu\/#organization"},"image":{"@id":"https:\/\/www.gernikagogoratuz.org\/eu\/gernika-gogoratuz-ek-bizitza-desmilitarizatzeko-nazioarteko-mintegian-parte-hartuko-du\/#primaryimage"},"thumbnailUrl":"https:\/\/www.gernikagogoratuz.org\/wp-content\/uploads\/2023\/02\/desmilitarizar-la-vida2.jpg","articleSection":["Gatazka egoeran dauden lurraldeak"],"inLanguage":"eu-ES"},{"@type":"WebPage","@id":"https:\/\/www.gernikagogoratuz.org\/eu\/gernika-gogoratuz-ek-bizitza-desmilitarizatzeko-nazioarteko-mintegian-parte-hartuko-du\/","url":"https:\/\/www.gernikagogoratuz.org\/eu\/gernika-gogoratuz-ek-bizitza-desmilitarizatzeko-nazioarteko-mintegian-parte-hartuko-du\/","name":"Gernika Gogoratuz, Centro de Investigaci\u00f3n por la Paz","isPartOf":{"@id":"https:\/\/www.gernikagogoratuz.org\/eu\/#website"},"primaryImageOfPage":{"@id":"https:\/\/www.gernikagogoratuz.org\/eu\/gernika-gogoratuz-ek-bizitza-desmilitarizatzeko-nazioarteko-mintegian-parte-hartuko-du\/#primaryimage"},"image":{"@id":"https:\/\/www.gernikagogoratuz.org\/eu\/gernika-gogoratuz-ek-bizitza-desmilitarizatzeko-nazioarteko-mintegian-parte-hartuko-du\/#primaryimage"},"thumbnailUrl":"https:\/\/www.gernikagogoratuz.org\/wp-content\/uploads\/2023\/02\/desmilitarizar-la-vida2.jpg","datePublished":"2023-02-22T09:23:16+00:00","dateModified":"2023-03-08T09:27:34+00:00","description":"Consulta toda la actualidad sobre jornadas, cursos y formaci\u00f3n sobre Cultura de Paz, Educaci\u00f3n por la Paz, Econom\u00eda de Paz, Antimilitarismo...","breadcrumb":{"@id":"https:\/\/www.gernikagogoratuz.org\/eu\/gernika-gogoratuz-ek-bizitza-desmilitarizatzeko-nazioarteko-mintegian-parte-hartuko-du\/#breadcrumb"},"inLanguage":"eu-ES","potentialAction":[{"@type":"ReadAction","target":["https:\/\/www.gernikagogoratuz.org\/eu\/gernika-gogoratuz-ek-bizitza-desmilitarizatzeko-nazioarteko-mintegian-parte-hartuko-du\/"]}]},{"@type":"ImageObject","inLanguage":"eu-ES","@id":"https:\/\/www.gernikagogoratuz.org\/eu\/gernika-gogoratuz-ek-bizitza-desmilitarizatzeko-nazioarteko-mintegian-parte-hartuko-du\/#primaryimage","url":"https:\/\/www.gernikagogoratuz.org\/wp-content\/uploads\/2023\/02\/desmilitarizar-la-vida2.jpg","contentUrl":"https:\/\/www.gernikagogoratuz.org\/wp-content\/uploads\/2023\/02\/desmilitarizar-la-vida2.jpg","width":1124,"height":618,"caption":"seminario internacional \"Desmilitarizar la vida\""},{"@type":"BreadcrumbList","@id":"https:\/\/www.gernikagogoratuz.org\/eu\/gernika-gogoratuz-ek-bizitza-desmilitarizatzeko-nazioarteko-mintegian-parte-hartuko-du\/#breadcrumb","itemListElement":[{"@type":"ListItem","position":1,"name":"Portada","item":"https:\/\/www.gernikagogoratuz.org\/eu\/"},{"@type":"ListItem","position":2,"name":"Gatazka egoeran dauden lurraldeak","item":"https:\/\/www.gernikagogoratuz.org\/eu\/category\/gatazka-egoeran-dauden-lurraldeak\/"},{"@type":"ListItem","position":3,"name":"GERNIKA GOGORATUZ-EK \u00abBIZITZA DESMILITARIZATZEKO\u00bb NAZIOARTEKO MINTEGIAN PARTE HARTUKO DU"}]},{"@type":"WebSite","@id":"https:\/\/www.gernikagogoratuz.org\/eu\/#website","url":"https:\/\/www.gernikagogoratuz.org\/eu\/","name":"Gernika Gogoratuz","description":"Centro de investigaci\u00f3n por la paz","publisher":{"@id":"https:\/\/www.gernikagogoratuz.org\/eu\/#organization"},"potentialAction":[{"@type":"SearchAction","target":{"@type":"EntryPoint","urlTemplate":"https:\/\/www.gernikagogoratuz.org\/eu\/?s={search_term_string}"},"query-input":{"@type":"PropertyValueSpecification","valueRequired":true,"valueName":"search_term_string"}}],"inLanguage":"eu-ES"},{"@type":"Organization","@id":"https:\/\/www.gernikagogoratuz.org\/eu\/#organization","name":"Gernika Gogoratuz. Centro de Investigaci\u00f3n por la Paz.","url":"https:\/\/www.gernikagogoratuz.org\/eu\/","logo":{"@type":"ImageObject","inLanguage":"eu-ES","@id":"https:\/\/www.gernikagogoratuz.org\/eu\/#\/schema\/logo\/image\/","url":"https:\/\/www.gernikagogoratuz.org\/wp-content\/uploads\/2018\/10\/gernikagogoratuzogo_es.svg","contentUrl":"https:\/\/www.gernikagogoratuz.org\/wp-content\/uploads\/2018\/10\/gernikagogoratuzogo_es.svg","width":1,"height":1,"caption":"Gernika Gogoratuz. Centro de Investigaci\u00f3n por la Paz."},"image":{"@id":"https:\/\/www.gernikagogoratuz.org\/eu\/#\/schema\/logo\/image\/"},"sameAs":["https:\/\/www.facebook.com\/GernikaGogoratuzFundacion","https:\/\/x.com\/GGogoratuz","https:\/\/www.youtube.com\/user\/gernikagogoratuz\/videos"]},{"@type":"Person","@id":"https:\/\/www.gernikagogoratuz.org\/eu\/#\/schema\/person\/56074ce3758ecfb8417c8311e88c79c8","name":"Gernika Gogoratuz","image":{"@type":"ImageObject","inLanguage":"eu-ES","@id":"https:\/\/secure.gravatar.com\/avatar\/fec0f20c36775b6715813b8de1aaf669d19199d3c0cc9d7aaf3d6e34de76a8a2?s=96&d=mm&r=g","url":"https:\/\/secure.gravatar.com\/avatar\/fec0f20c36775b6715813b8de1aaf669d19199d3c0cc9d7aaf3d6e34de76a8a2?s=96&d=mm&r=g","contentUrl":"https:\/\/secure.gravatar.com\/avatar\/fec0f20c36775b6715813b8de1aaf669d19199d3c0cc9d7aaf3d6e34de76a8a2?s=96&d=mm&r=g","caption":"Gernika Gogoratuz"},"url":"https:\/\/www.gernikagogoratuz.org\/eu\/author\/mariah\/"}]}},"_links":{"self":[{"href":"https:\/\/www.gernikagogoratuz.org\/eu\/wp-json\/wp\/v2\/posts\/32543","targetHints":{"allow":["GET"]}}],"collection":[{"href":"https:\/\/www.gernikagogoratuz.org\/eu\/wp-json\/wp\/v2\/posts"}],"about":[{"href":"https:\/\/www.gernikagogoratuz.org\/eu\/wp-json\/wp\/v2\/types\/post"}],"author":[{"embeddable":true,"href":"https:\/\/www.gernikagogoratuz.org\/eu\/wp-json\/wp\/v2\/users\/5"}],"replies":[{"embeddable":true,"href":"https:\/\/www.gernikagogoratuz.org\/eu\/wp-json\/wp\/v2\/comments?post=32543"}],"version-history":[{"count":1,"href":"https:\/\/www.gernikagogoratuz.org\/eu\/wp-json\/wp\/v2\/posts\/32543\/revisions"}],"predecessor-version":[{"id":32544,"href":"https:\/\/www.gernikagogoratuz.org\/eu\/wp-json\/wp\/v2\/posts\/32543\/revisions\/32544"}],"wp:featuredmedia":[{"embeddable":true,"href":"https:\/\/www.gernikagogoratuz.org\/eu\/wp-json\/wp\/v2\/media\/32645"}],"wp:attachment":[{"href":"https:\/\/www.gernikagogoratuz.org\/eu\/wp-json\/wp\/v2\/media?parent=32543"}],"wp:term":[{"taxonomy":"category","embeddable":true,"href":"https:\/\/www.gernikagogoratuz.org\/eu\/wp-json\/wp\/v2\/categories?post=32543"},{"taxonomy":"post_tag","embeddable":true,"href":"https:\/\/www.gernikagogoratuz.org\/eu\/wp-json\/wp\/v2\/tags?post=32543"}],"curies":[{"name":"wp","href":"https:\/\/api.w.org\/{rel}","templated":true}]}}